{"id":130213,"date":"2025-09-21T19:34:11","date_gmt":"2025-09-21T19:34:11","guid":{"rendered":"https:\/\/www.europesays.com\/es\/130213\/"},"modified":"2025-09-21T19:34:11","modified_gmt":"2025-09-21T19:34:11","slug":"barcelona-getafe-en-directo","status":"publish","type":"post","link":"https:\/\/www.europesays.com\/es\/130213\/","title":{"rendered":"Barcelona &#8211; Getafe, en directo"},"content":{"rendered":"<p>El <strong>FC Barcelona<\/strong> tratar\u00e1 de seguir una jornada m\u00e1s la estela del l\u00edder, el <strong>Real Madrid<\/strong>. El conjunto azulgrana se mide este domingo a las 21:00h al Getafe en el <strong>Estadio Johan Cruyff<\/strong> con la necesidad de ganar para mantenerse a dos puntos del equipo blanco. El cuadro dirigido por Hansi Flick llega en un buen momento tras sumar dos victorias consecutivas, pero enfrente tendr\u00e1 a un Getafe que ha sumado tres triunfos en sus cuatro partidos ligueros. <\/p>\n<p>Ya conocemos los <strong>onces iniciales.<\/strong> Por el Bar\u00e7a jugar\u00e1n Joan Garc\u00eda; Eric, Christensen, Kound\u00e9, Gerard Mart\u00edn; De Jong, Pedri, Dani Olmo; Raphinha, Ferran y Lewandowski. El Getafe, por su parte, apuesta por la siguiente alineaci\u00f3n: David Soria; Kiko Femen\u00eda, Djen\u00e9, Domingos Duarte, Abqar, Diego Rico; Luis Milla, Mario Mart\u00edn, Arambarri; Mayoral y Liso. <\/p>\n<p>En directo Barcelona vs Getafe | La LigaEl Bar\u00e7a busca la tercera victoria consecutiva tras el par\u00f3n de selecciones<\/p>\n<p><a href=\"https:\/\/www.rtve.es\/deportes\/20250914\/barcelona-valencia-directo-partido-cuarta-jornada-liga\/16723452.shtml\" rel=\"nofollow noopener\" target=\"_blank\">El equipo cul\u00e9 venci\u00f3 al Valencia<\/a> la pasada jornada por un contundente 6-0 en su estreno oficial en el que por el momento va a ser su hogar: el Estadio Johan Cruyff. Al triunfo liguero le sigui\u00f3 el jueves la primera victoria en la <strong>Champions League<\/strong> esta temporada. El Bar\u00e7a hizo los deberes en su estreno en la m\u00e1xima competici\u00f3n continental tumbando al <strong>Newcastle<\/strong> en St James&#8217; Park (1-2). <\/p>\n<p>El gran protagonista del duelo fue el ingl\u00e9s <strong>Marcus Rashford<\/strong>, que en su regreso a su pa\u00eds firm\u00f3 un doblete para apuntar sus dos primeros tantos con la casaca azulgrana. El brit\u00e1nico ha aprovechado la baja de <strong>Lamine Yamal<\/strong>, que no se ha recuperado totalmente de sus molestias en el pubis. <\/p>\n<p>El Getafe busca sorprender en Barcelona tras un arranque brillante<\/p>\n<p>El <strong>Getafe<\/strong> es, junto al<strong> Espanyol<\/strong>, el equipo revelaci\u00f3n de este inicio de campeonato. El equipo de <strong>Jos\u00e9 Bordal\u00e1s<\/strong> llega a Barcelona con ganas de dar la sorpresa tras cosechar tres victorias y solo una derrota en sus primeros cuatro compromisos ligueros. El equipo madrile\u00f1o arranc\u00f3 la Liga con dos victorias a domicilio ante <strong>Celta<\/strong> (0-2) y <strong>Sevilla<\/strong> (1-2) pese a contar con muchas dificultades para inscribir a sus nuevos fichajes.<\/p>\n<p>Tras encajar una dura derrota ante el<strong> Valencia<\/strong> (3-0), el Getafe se recompuso para vencer con solvencia al <strong>Real Oviedo<\/strong> (2-0) la pasada jornada en el Coliseum. El encuentro ante el FC Barcelona ser\u00e1, previsiblemente, el \u00faltimo partido de <strong>Adri\u00e1n Liso<\/strong> antes de marcharse con la selecci\u00f3n espa\u00f1ola al Mundial sub-20. <\/p>\n<p>El atacante aragon\u00e9s est\u00e1 siendo una de las sensaciones de este arranque liguero y ya suma tres goles. Bordal\u00e1s perder\u00e1 durante varias semanas a una de sus piezas clave en este inicio de temporada. Si Espa\u00f1a llega a la final, Liso no estar\u00eda de vuelta hasta el 19 de septiembre. <strong>\u00abNos hace mucha ilusi\u00f3n, aunque a nosotros obviamente no nos viene bien\u00bb<\/strong>, se\u00f1al\u00f3 el t\u00e9cnico del Getafe en rueda de prensa al ser preguntado por el tema.  <\/p>\n","protected":false},"excerpt":{"rendered":"El FC Barcelona tratar\u00e1 de seguir una jornada m\u00e1s la estela del l\u00edder, el Real Madrid. El conjunto&hellip;\n","protected":false},"author":2,"featured_media":130214,"comment_status":"","ping_status":"","sticky":false,"template":"","format":"standard","meta":{"footnotes":""},"categories":[93],"tags":[168,25,24,23,167],"class_list":{"0":"post-130213","1":"post","2":"type-post","3":"status-publish","4":"format-standard","5":"has-post-thumbnail","7":"category-deportes","8":"tag-deportes","9":"tag-es","10":"tag-espana","11":"tag-spain","12":"tag-sports"},"share_on_mastodon":{"url":"","error":""},"_links":{"self":[{"href":"https:\/\/www.europesays.com\/es\/wp-json\/wp\/v2\/posts\/130213","targetHints":{"allow":["GET"]}}],"collection":[{"href":"https:\/\/www.europesays.com\/es\/wp-json\/wp\/v2\/posts"}],"about":[{"href":"https:\/\/www.europesays.com\/es\/wp-json\/wp\/v2\/types\/post"}],"author":[{"embeddable":true,"href":"https:\/\/www.europesays.com\/es\/wp-json\/wp\/v2\/users\/2"}],"replies":[{"embeddable":true,"href":"https:\/\/www.europesays.com\/es\/wp-json\/wp\/v2\/comments?post=130213"}],"version-history":[{"count":0,"href":"https:\/\/www.europesays.com\/es\/wp-json\/wp\/v2\/posts\/130213\/revisions"}],"wp:featuredmedia":[{"embeddable":true,"href":"https:\/\/www.europesays.com\/es\/wp-json\/wp\/v2\/media\/130214"}],"wp:attachment":[{"href":"https:\/\/www.europesays.com\/es\/wp-json\/wp\/v2\/media?parent=130213"}],"wp:term":[{"taxonomy":"category","embeddable":true,"href":"https:\/\/www.europesays.com\/es\/wp-json\/wp\/v2\/categories?post=130213"},{"taxonomy":"post_tag","embeddable":true,"href":"https:\/\/www.europesays.com\/es\/wp-json\/wp\/v2\/tags?post=130213"}],"curies":[{"name":"wp","href":"https:\/\/api.w.org\/{rel}","templated":true}]}}