{"id":130215,"date":"2025-09-21T19:35:24","date_gmt":"2025-09-21T19:35:24","guid":{"rendered":"https:\/\/www.europesays.com\/es\/130215\/"},"modified":"2025-09-21T19:35:24","modified_gmt":"2025-09-21T19:35:24","slug":"hasta-12-meses-mas-de-espera-segun-la-autonomia","status":"publish","type":"post","link":"https:\/\/www.europesays.com\/es\/130215\/","title":{"rendered":"hasta 12 meses m\u00e1s de espera seg\u00fan la autonom\u00eda"},"content":{"rendered":"<p>En Espa\u00f1a, m\u00e1s de 900.000 personas padecen alzh\u00e9imer o alg\u00fan otro tipo de demencia, una cifra que podr\u00eda multiplicarse en las pr\u00f3ximas d\u00e9cadas. De hecho, se estima que aumentar\u00e1 hasta 1,74 millones en 2050.<\/p>\n<p>Se trata de la causa m\u00e1s frecuente de demencia en la edad avanzada, con impactos enormes para quienes la padecen y sus familias. Un problema que especialmente m\u00e1s grave en el caso de los pacientes diagnosticados a edades tempranas. Una realidad que afecta cada vez a personas m\u00e1s j\u00f3venes.<\/p>\n<p>Pero pese a ser la enfermedad cr\u00f3nica con mayor coste social,<b> recibe diez veces menos inversi\u00f3n (en Espa\u00f1a) que otras patolog\u00edas, como el c\u00e1ncer o las enfermedades cardiovasculares, denuncia Ace Alzheimer Center Barcelona.<\/b><\/p>\n<p>As\u00ed, por ejemplo, la Agencia Estatal de Investigaci\u00f3n (AEI) ha destinado m\u00e1s de 31 millones de euros a financiar proyectos de investigaci\u00f3n relacionados con la lucha contra el alzh\u00e9imer entre 2018-2022 (6,2 millones al a\u00f1o), frente a los 396,4 destinados entre 2018 y 2024, es decir, 56,6 millones al a\u00f1o.<\/p>\n<p>\u00abEl estudio de las enfermedades neurodegenerativas tradicionalmente ha recibido menos inversi\u00f3n debido al desconocimiento del cerebro y la falta de tratamientos efectivos para muchas enfermedades. Afortunadamente, esto est\u00e1 cambiando y muchos pa\u00edses como EE UU han aumentado mucho el gasto de investigaci\u00f3n en alzh\u00e9imer y otras enfermedades neurodegenerativas para que sea proporcional al peso de estas enfermedades en la sociedad.<b> En Espa\u00f1a la inversi\u00f3n dista mucho de lo que ocurre en otros pa\u00edses, y es muy necesario acercarse a la inversi\u00f3n de otros pa\u00edses\u00bb<\/b>,<b> afirma el Dr. Alberto Lle\u00f3, coordinador del Programa de alzh\u00e9imer del \u00e1rea de Enfermedades Neurodegenerativas del Ciber (Ciberned).<\/b><\/p>\n<p>La falta de recursos retrasa los avances para encontrar tratamientos eficaces y mejorar la calidad de vida de los pacientes, que tambi\u00e9n se encuentran con retrasos en su diagn\u00f3stico.<\/p>\n<p>Y eso que la detecci\u00f3n precoz es clave para abordar esta enfermedad de manera efectiva. Aunque el alzh\u00e9imer suele diagnosticarse a partir de los 75 a\u00f1os, cada vez se identifican m\u00e1s casos en edades m\u00e1s tempranas.<\/p>\n<p>\u00abEst\u00e1n aumentando los casos por debajo de los 65 a\u00f1os, ya suponen un 12%. Nos llegan cada vez m\u00e1s j\u00f3venes y m\u00e1s preparados. En edad laboral, con hijos a cargo, esto supone un cambio de paradigma\u00bb sobre la enfermedad y sobre su abordaje, explica Maril\u00f3 Almagro, presidenta de la Confederaci\u00f3n Espa\u00f1ola de Alzheimer y otras Demencias (Ceafa). El motivo principal, seg\u00fan Almagro, \u00abes el diagn\u00f3stico precoz, ya que es una enfermedad que cuando da s\u00edntomas es 20 o 30 a\u00f1os despu\u00e9s porque al principio es asintom\u00e1tica\u00bb.<\/p>\n<p>Ahora bien, tambi\u00e9n es cierto que en muchas ocasiones llega el paciente a consulta y se demora notoriamente la derivaci\u00f3n al especialista. En este sentido, <b>la falta de tiempo en consulta y de formaci\u00f3n espec\u00edfica <\/b>sobre la patolog\u00eda son las dos <b>principales barreras para el diagn\u00f3stico temprano<\/b> y de precisi\u00f3n del alzh\u00e9imer en Espa\u00f1a, como se recoge en dos proyectos <b>presentados esta semana por Lilly, llamados mapEA<\/b><b>y Alma-Care,<\/b> en los que han participado m\u00e1s de 140 expertos de diferentes especialidades y de todas las regiones.<\/p>\n<p>As\u00ed, a pesar de que el 65% de los profesionales indica que existe un protocolo de derivaci\u00f3n desde atenci\u00f3n primaria hacia neurolog\u00eda o geriatr\u00eda, con un grado de conocimiento intermedio sobre el mismo, la facilidad de derivaci\u00f3n entre niveles asistenciales es moderada. Seg\u00fan estos proyectos, los pacientes espa\u00f1oles con sospecha de alzh\u00e9imer tardan menos de tres meses en ser derivados desde atenci\u00f3n primaria, pero pueden pasar m\u00e1s de seis hasta su primera cita con el especialista hospitalario: en total, unos nueve meses de espera.<\/p>\n<p>Ahora bien, no siempre es as\u00ed. Al igual que el tiempo de demora no es el mismo en una comunidad aut\u00f3noma que en otra. As\u00ed, seg\u00fan refleja el estudio mapEA,<b> en La Rioja se tarda hasta 18 meses desde que el m\u00e9dico de atenci\u00f3n primaria sospecha que puede ser alzh\u00e9imer y deriva hasta que el paciente logra cita con el especialista. <\/b>En cambio, <b>en Arag\u00f3n <\/b>para todos esos tr\u00e1mites se necesita<b> un m\u00e1ximo de 6 meses.<\/b> Unos datos que hablan por s\u00ed solos.<\/p>\n<p>\u00abSigue existiendo desigualdad en funci\u00f3n del c\u00f3digo postal en el acceso de las personas a un diagn\u00f3stico a tiempo y certero. En Espa\u00f1a hay zonas en las que la coordinaci\u00f3n entre atenci\u00f3n primaria, la atenci\u00f3n especializada y, m\u00e1s a\u00fan, la atenci\u00f3n superespecializada en deterioro cognitivo, es m\u00e1s \u00e1gil y eficaz que en otras. Afortunadamente, los nuevos datos de mapEA constatan, en comparaci\u00f3n con la anterior edici\u00f3n, que el n\u00famero de unidades especializadas o de consultas monogr\u00e1ficas en deterioro cognitivo ha crecido sensiblemente\u00bb, explica el doctor Pablo Mart\u00ednez Lage, director cient\u00edfico del Centro de Investigaci\u00f3n y Cl\u00ednica Memoria de la Fundaci\u00f3n CITA-Alzheimer.<\/p>\n<p>\u00abEl retraso diagn\u00f3stico del alzh\u00e9imer supone que la enfermedad se encuentre en una fase m\u00e1s avanzada de neurodegeneraci\u00f3n. A pesar de la recomendaci\u00f3n de hacer un diagn\u00f3stico cuanto antes, hasta ahora esto no ten\u00eda una gran repercusi\u00f3n, ya que s\u00f3lo dispon\u00edamos de tratamiento sintom\u00e1ticos. Esto cambia totalmente con los nuevos tratamientos modificadores, ya que estos solo se podr\u00e1n aplicar en las fases iniciales cuando los d\u00e9ficits son leves y <b>un retraso de 18 meses puede suponer no ser candidato a tratamiento.<\/b> Esto obligar\u00e1 a mejorar los circuitos de derivaci\u00f3n y diagn\u00f3stico de los diferentes centros para asegurar unos tiempos adecuados y la equidad de los pacientes de las distintas regiones para asegurar el acceso\u00bb, a\u00f1ade el doctor Lle\u00f3.<\/p>\n<p>Luego est\u00e1n los biomarcadores, unos indicadores biol\u00f3gicos que pueden medirse y se pueden relacionar con el desarrollo de la enfermedad. Su estudio es clave para diagnosticar el alzh\u00e9imer lo m\u00e1s precozmente posible. Pero Almagro ya se teme que se est\u00e9n haciendo las cosas mal: \u00abEn Espa\u00f1a est\u00e1 aprobado el uso de biomarcadores en investigaci\u00f3n. Y cada vez hay m\u00e1s consultas privadas que hacen este tipo de pruebas. Pero no todo vale. Vemos cada vez m\u00e1s anuncios en prensa y redes sobre empresas que anuncian hacer biomarcadores cuando deben ser hechas por neur\u00f3logos expertos. Nos estamos temiendo que no se est\u00e9n haciendo las cosas bien al respecto\u00bb.<\/p>\n<p>Detectar la enfermedad en sus fases iniciales permite iniciar tratamientos y terapias que pueden ralentizar su progresi\u00f3n y mejorar la autonom\u00eda de los pacientes. Otra opci\u00f3n para la detecci\u00f3n precoz, es el uso de herramientas como FACEmemory\u00ae, el primer test online desarrollado por Ace Alzheimer Center Barcelona, una forma accesible y eficaz para la detecci\u00f3n temprana del deterioro cognitivo.<\/p>\n<p>En cuanto a seguimiento de pacientes, \u00abno hay un protocolo de seguimiento\u00bb, denuncia el doctor Mart\u00ednez-Lage.<\/p>\n<p>El informe mapEA tambi\u00e9n recoge que<b> \u00abno se han implementado medidas espec\u00edficas para la EA directamente vinculadas con el Plan Integral de Alzheimer (2019-2023) ni con la Estrategia de Enfermedades Neurodegenerativas. <\/b><\/p>\n<p>Respecto a los cuidados paliativos, Mart\u00ednez-Lage denuncia que \u00ab<b>en todas las comunidades aut\u00f3nomas la cobertura los cuidados paliativos<\/b>, a diferencia de lo que pasa con el c\u00e1ncer, <b>es baja y en muchos de los casos es nula\u00bb.<\/b><\/p>\n","protected":false},"excerpt":{"rendered":"En Espa\u00f1a, m\u00e1s de 900.000 personas padecen alzh\u00e9imer o alg\u00fan otro tipo de demencia, una cifra que podr\u00eda&hellip;\n","protected":false},"author":2,"featured_media":130216,"comment_status":"","ping_status":"","sticky":false,"template":"","format":"standard","meta":{"footnotes":""},"categories":[92],"tags":[25,24,165,166,23],"class_list":{"0":"post-130215","1":"post","2":"type-post","3":"status-publish","4":"format-standard","5":"has-post-thumbnail","7":"category-salud","8":"tag-es","9":"tag-espana","10":"tag-health","11":"tag-salud","12":"tag-spain"},"share_on_mastodon":{"url":"","error":""},"_links":{"self":[{"href":"https:\/\/www.europesays.com\/es\/wp-json\/wp\/v2\/posts\/130215","targetHints":{"allow":["GET"]}}],"collection":[{"href":"https:\/\/www.europesays.com\/es\/wp-json\/wp\/v2\/posts"}],"about":[{"href":"https:\/\/www.europesays.com\/es\/wp-json\/wp\/v2\/types\/post"}],"author":[{"embeddable":true,"href":"https:\/\/www.europesays.com\/es\/wp-json\/wp\/v2\/users\/2"}],"replies":[{"embeddable":true,"href":"https:\/\/www.europesays.com\/es\/wp-json\/wp\/v2\/comments?post=130215"}],"version-history":[{"count":0,"href":"https:\/\/www.europesays.com\/es\/wp-json\/wp\/v2\/posts\/130215\/revisions"}],"wp:featuredmedia":[{"embeddable":true,"href":"https:\/\/www.europesays.com\/es\/wp-json\/wp\/v2\/media\/130216"}],"wp:attachment":[{"href":"https:\/\/www.europesays.com\/es\/wp-json\/wp\/v2\/media?parent=130215"}],"wp:term":[{"taxonomy":"category","embeddable":true,"href":"https:\/\/www.europesays.com\/es\/wp-json\/wp\/v2\/categories?post=130215"},{"taxonomy":"post_tag","embeddable":true,"href":"https:\/\/www.europesays.com\/es\/wp-json\/wp\/v2\/tags?post=130215"}],"curies":[{"name":"wp","href":"https:\/\/api.w.org\/{rel}","templated":true}]}}