{"id":130223,"date":"2025-09-21T19:40:08","date_gmt":"2025-09-21T19:40:08","guid":{"rendered":"https:\/\/www.europesays.com\/es\/130223\/"},"modified":"2025-09-21T19:40:08","modified_gmt":"2025-09-21T19:40:08","slug":"las-fuertes-lluvias-en-cataluna-obligan-a-evacuar-a-27-personas-de-un-funicular-cortar-carreteras-y-suspender-vuelos","status":"publish","type":"post","link":"https:\/\/www.europesays.com\/es\/130223\/","title":{"rendered":"Las fuertes lluvias en Catalu\u00f1a obligan a evacuar a 27 personas de un funicular, cortar carreteras y suspender vuelos"},"content":{"rendered":"<p>21\/09\/2025<br \/>\n<br \/><strong><br \/>\nActualizado a las 21:30h.<br \/>\n<\/strong><\/p>\n<p class=\"voc-p\" style=\"\">Las <a href=\"https:\/\/www.abc.es\/noticias\/tormentas\/\" title=\"www.abc.es\" data-voc-vtm-id=\"in-text-traffic\" data-mrf-link=\"www.abc.es\" rel=\"nofollow noopener\" target=\"_blank\">fuertes lluvias<\/a> que est\u00e1n azotando <strong>Catalu\u00f1a <\/strong>este domingo han obligado a cortar la carretera a BP-1121 en Marganell y B-122 en Terrassa (Barcelona), as\u00ed como la l\u00ednea R5 de Ferrocarril entre Monistrol de Montserrat y Castellbell y Vilar por la ca\u00edda de un \u00e1rbol sobre la catenaria y otro que ha tocado un vag\u00f3n. <\/p>\n<p class=\"voc-p\" style=\"\">As\u00ed, el cuerpo de bomberos ha tenido que <strong>evacuar a 27 personas<\/strong> de la estaci\u00f3n superior del Funicular de Sant Joan de Montserrat (Barcelona), de Ferrocarrils de la Generalitat (FGC), que no pod\u00edan bajar por obst\u00e1culos en la v\u00eda.<\/p>\n<p class=\"voc-p\" style=\"\">Por su parte, el Servei Catal\u00e0 de Tr\u00e0nsit (SCT) ha pedido <strong>prudencia<\/strong> en la AP-7 en el tramo entre Castellbisbal y Castellv\u00ed de Rosanes (Barcelona) por visibilidad muy reducida, mientras que la B-122 est\u00e1 cortada unos 7 kil\u00f3metros desde las 17.15 horas, mientras que la BP-1121 lo est\u00e1 0,5 kil\u00f3metros desde las 15.10 horas. <\/p>\n<p class=\"voc-p\" style=\"\">Por otro lado, los vuelos operados por la compa\u00f1\u00eda <strong>Vueling <\/strong>entre <strong>Barcelona y Santander<\/strong> de este domingo han sido cancelados por la meteorolog\u00eda adversa. Seg\u00fan informa en su cuenta de &#8216;X&#8217; la Asociaci\u00f3n de Amigos de Parayas, los vuelos afectados han sido el VY1592 y el VY1593.<\/p>\n<p class=\"voc-p\" style=\"\">Adem\u00e1s, la l\u00ednea R5 de <strong>Ferrocarrils <\/strong>de la Generalitat de Catalunya (FGC) se ha mantenido cortada desde las 17:30 hasta las 20:30 horas entre las estaciones de Monistrol de Montserrat y Castellbell i el Vilar (Barcelona). El servicio de trenes ya se ha normalizado y todos los trenes circulan en su horario habitual.<\/p>\n<p>\nProtecci\u00f3n Civil pide precauci\u00f3n\n<\/p>\n<p class=\"voc-p\" style=\"\">La jefa del servicio de gesti\u00f3n de emergencias de Protecci\u00f3n Civil, Montse Font, ha alertado de que <strong>\u00aba\u00fan quedan horas\u00bb de tormentas en Catalu\u00f1a, <\/strong>hasta la madrugada, y ha pedido precauci\u00f3n, responsabilidad y evitar desplazamientos, este domingo por la tarde en rueda de prensa.<\/p>\n<p class=\"voc-p\" style=\"\">Ha puntualizado que el 112 ha recibido m\u00e1s de <strong>200 llamadas <\/strong>por desprendimientos y otros incidentes, aunque no se han registrado heridos graves.<\/p>\n<p class=\"voc-p\" style=\"\">Adem\u00e1s, ha afirmado que Agents Rurals est\u00e1 trabajando en <strong>controlar r\u00edos, rieras y torrentes<\/strong> en zonas inundables, controlando y cortando los accesos que podr\u00edan llevar problemas.<\/p>\n<p class=\"voc-p\" style=\"\">Por su lado, el jefe de guardia de Bombers de la Generalitat, Jos\u00e9 Lu\u00eds L\u00f3pez, ha explicado que el cuerpo de Bombers ha hecho unos<strong> 60 servicios <\/strong>durante el episodio de lluvias, sobre todo en la zona de Montserrat (Barcelona), y ha dicho que a\u00fan quedan grupos de excursionistas por evacuar.<\/p>\n<p class=\"voc-p\" style=\"\"><strong>\u00abLa situaci\u00f3n puede cambiar muy r\u00e1pidamente\u00bb,<\/strong> ha a\u00f1adido L\u00f3pez, por lo que ha alertado de que lo que parece una situaci\u00f3n segura se puede complicar.<\/p>\n<p>Reportar un error<\/p>\n","protected":false},"excerpt":{"rendered":"21\/09\/2025 Actualizado a las 21:30h. Las fuertes lluvias que est\u00e1n azotando Catalu\u00f1a este domingo han obligado a cortar&hellip;\n","protected":false},"author":2,"featured_media":130224,"comment_status":"","ping_status":"","sticky":false,"template":"","format":"standard","meta":{"footnotes":""},"categories":[8],"tags":[17,18,815,1980,13622,25,24,4947,13,14,3087,34220,11,19,20,6194,9,10,15,16,18113,3477,23,12,21,22],"class_list":{"0":"post-130223","1":"post","2":"type-post","3":"status-publish","4":"format-standard","5":"has-post-thumbnail","7":"category-espana","8":"tag-breaking-news","9":"tag-breakingnews","10":"tag-carreteras","11":"tag-cataluna","12":"tag-cortar","13":"tag-es","14":"tag-espana","15":"tag-evacuar","16":"tag-featured-news","17":"tag-featurednews","18":"tag-fuertes","19":"tag-funicular","20":"tag-headlines","21":"tag-latest-news","22":"tag-latestnews","23":"tag-lluvias","24":"tag-news","25":"tag-noticias","26":"tag-noticias-destacadas","27":"tag-noticiasdestacadas","28":"tag-obligan","29":"tag-personas","30":"tag-spain","31":"tag-titulares","32":"tag-ultimas-noticias","33":"tag-ultimasnoticias"},"share_on_mastodon":{"url":"","error":""},"_links":{"self":[{"href":"https:\/\/www.europesays.com\/es\/wp-json\/wp\/v2\/posts\/130223","targetHints":{"allow":["GET"]}}],"collection":[{"href":"https:\/\/www.europesays.com\/es\/wp-json\/wp\/v2\/posts"}],"about":[{"href":"https:\/\/www.europesays.com\/es\/wp-json\/wp\/v2\/types\/post"}],"author":[{"embeddable":true,"href":"https:\/\/www.europesays.com\/es\/wp-json\/wp\/v2\/users\/2"}],"replies":[{"embeddable":true,"href":"https:\/\/www.europesays.com\/es\/wp-json\/wp\/v2\/comments?post=130223"}],"version-history":[{"count":0,"href":"https:\/\/www.europesays.com\/es\/wp-json\/wp\/v2\/posts\/130223\/revisions"}],"wp:featuredmedia":[{"embeddable":true,"href":"https:\/\/www.europesays.com\/es\/wp-json\/wp\/v2\/media\/130224"}],"wp:attachment":[{"href":"https:\/\/www.europesays.com\/es\/wp-json\/wp\/v2\/media?parent=130223"}],"wp:term":[{"taxonomy":"category","embeddable":true,"href":"https:\/\/www.europesays.com\/es\/wp-json\/wp\/v2\/categories?post=130223"},{"taxonomy":"post_tag","embeddable":true,"href":"https:\/\/www.europesays.com\/es\/wp-json\/wp\/v2\/tags?post=130223"}],"curies":[{"name":"wp","href":"https:\/\/api.w.org\/{rel}","templated":true}]}}