{"id":130225,"date":"2025-09-21T19:41:09","date_gmt":"2025-09-21T19:41:09","guid":{"rendered":"https:\/\/www.europesays.com\/es\/130225\/"},"modified":"2025-09-21T19:41:09","modified_gmt":"2025-09-21T19:41:09","slug":"la-moncloa-agenda-del-presidente-presidente-agenda-2","status":"publish","type":"post","link":"https:\/\/www.europesays.com\/es\/130225\/","title":{"rendered":"La Moncloa. Agenda del Presidente [Presidente\/Agenda]"},"content":{"rendered":"<p>\t\t\t\t\t\t\t\t&#13;<br \/>\n\t\t\t\t\t\t\t\t\t&#13;<\/p>\n<ul class=\"eventList personList\">&#13;<br \/>\n        &#13;<\/p>\n<li>&#13;\n<p>                    <img decoding=\"async\" title=\"22\/11\/2023. Pedro S\u00e1nchez. El presidente del Gobierno, Pedro S\u00e1nchez P\u00e9rez-Castej\u00f3n\" class=\"eventImage\" src=\"https:\/\/www.europesays.com\/es\/wp-content\/uploads\/2025\/09\/presidente_pedro_sanchez.png\" alt=\"22\/11\/2023. Pedro S\u00e1nchez. El presidente del Gobierno, Pedro S\u00e1nchez P\u00e9rez-Castej\u00f3n\"\/><br \/>\n                &#13;<\/p>\n<p>                    Pedro S\u00e1nchez                    <\/p>\n<p class=\"eventDescription cargo\">Presidente del Gobierno<\/p>\n<p>                &#13;<br \/>\n                &#13;<\/p>\n<ul class=\"eventList\">&#13;<br \/>\n                    &#13;<\/p>\n<li>&#13;<br \/>\n                            &#13;<\/p>\n<p class=\"eventPersonTitle\">Viaja a EE.UU. para asistir al 80\u00ba per\u00edodo de sesiones de la Asamblea General de Naciones Unidas.<\/p>\n<p class=\"eventLocation\">Asisten la vicepresidenta tercera y ministra para  la Transici\u00f3n Ecol\u00f3gica y el Reto Demogr\u00e1fico y el ministro de Asuntos Exteriores, Uni\u00f3n Europea y Cooperaci\u00f3n.<\/p>\n<p>                            &#13;\n                        <\/li>\n<p>&#13;<br \/>\n                    &#13;\n                        <\/ul>\n<p>&#13;<br \/>\n                    &#13;\n            <\/li>\n<p>&#13;<br \/>\n\t    &#13;\n            <\/ul>\n<p>\t\t\t\t\t\t\t\t\t &#13;<br \/>\n\t\t\t\t\t\t\t\t\t&#13;<\/p>\n<p id=\"ctl00_CookieInfo_pCookieText\">Este sitio web utiliza cookies propias y de terceros para mantener la sesi\u00f3n, ofrecerle una mejor experiencia de usuario y obtener datos estad\u00edsticos de navegaci\u00f3n de los usuarios. Para m\u00e1s informaci\u00f3n vea la <a title=\"Pol\u00edtica de cookies\" target=\"_self\" href=\"https:\/\/www.lamoncloa.gob.es\/Paginas\/politica-de-cookies.aspx\" rel=\"nofollow noopener\">Pol\u00edtica de cookies<\/a><\/p>\n<p>    Aceptar<br \/>\n    Rechazar<\/p>\n","protected":false},"excerpt":{"rendered":"&#13; &#13; &#13; &#13; &#13; &#13; Pedro S\u00e1nchez Presidente del Gobierno &#13; &#13; &#13; &#13; &#13; &#13; Viaja&hellip;\n","protected":false},"author":2,"featured_media":46302,"comment_status":"","ping_status":"","sticky":false,"template":"","format":"standard","meta":{"footnotes":""},"categories":[5],"tags":[17,18,25,24,13,14,11,19,20,9,10,15,16,23,12,21,22],"class_list":{"0":"post-130225","1":"post","2":"type-post","3":"status-publish","4":"format-standard","5":"has-post-thumbnail","7":"category-titulares","8":"tag-breaking-news","9":"tag-breakingnews","10":"tag-es","11":"tag-espana","12":"tag-featured-news","13":"tag-featurednews","14":"tag-headlines","15":"tag-latest-news","16":"tag-latestnews","17":"tag-news","18":"tag-noticias","19":"tag-noticias-destacadas","20":"tag-noticiasdestacadas","21":"tag-spain","22":"tag-titulares","23":"tag-ultimas-noticias","24":"tag-ultimasnoticias"},"share_on_mastodon":{"url":"","error":""},"_links":{"self":[{"href":"https:\/\/www.europesays.com\/es\/wp-json\/wp\/v2\/posts\/130225","targetHints":{"allow":["GET"]}}],"collection":[{"href":"https:\/\/www.europesays.com\/es\/wp-json\/wp\/v2\/posts"}],"about":[{"href":"https:\/\/www.europesays.com\/es\/wp-json\/wp\/v2\/types\/post"}],"author":[{"embeddable":true,"href":"https:\/\/www.europesays.com\/es\/wp-json\/wp\/v2\/users\/2"}],"replies":[{"embeddable":true,"href":"https:\/\/www.europesays.com\/es\/wp-json\/wp\/v2\/comments?post=130225"}],"version-history":[{"count":0,"href":"https:\/\/www.europesays.com\/es\/wp-json\/wp\/v2\/posts\/130225\/revisions"}],"wp:featuredmedia":[{"embeddable":true,"href":"https:\/\/www.europesays.com\/es\/wp-json\/wp\/v2\/media\/46302"}],"wp:attachment":[{"href":"https:\/\/www.europesays.com\/es\/wp-json\/wp\/v2\/media?parent=130225"}],"wp:term":[{"taxonomy":"category","embeddable":true,"href":"https:\/\/www.europesays.com\/es\/wp-json\/wp\/v2\/categories?post=130225"},{"taxonomy":"post_tag","embeddable":true,"href":"https:\/\/www.europesays.com\/es\/wp-json\/wp\/v2\/tags?post=130225"}],"curies":[{"name":"wp","href":"https:\/\/api.w.org\/{rel}","templated":true}]}}