{"id":130228,"date":"2025-09-21T19:43:09","date_gmt":"2025-09-21T19:43:09","guid":{"rendered":"https:\/\/www.europesays.com\/es\/130228\/"},"modified":"2025-09-21T19:43:09","modified_gmt":"2025-09-21T19:43:09","slug":"aaron-palacio-aldabonazo-de-ilusion-y-toreria-a-las-orillas-del-ebro","status":"publish","type":"post","link":"https:\/\/www.europesays.com\/es\/130228\/","title":{"rendered":"Aar\u00f3n Palacio, aldabonazo de ilusi\u00f3n y torer\u00eda a las orillas del Ebro"},"content":{"rendered":"<p style=\"\">Tarde redonda la del aragon\u00e9s <a href=\"https:\/\/www.abc.es\/cultura\/toros\/manos-bravos-20250911224751-nt.html\" target=\"_self\" data-voc-vtm-id=\"in-text-traffic\" title=\"Aar\u00f3n\" data-mrf-link=\"www.abc.es\" rel=\"nofollow noopener\">Aar\u00f3n<\/a> Palacio en la Ribera. Tres orejas en el esport\u00f3n y la dimensi\u00f3n de futuro de un torero que junto a un af\u00e1n juvenil, a una <a href=\"https:\/\/www.abc.es\/cultura\/toros\/gines-golpe-atencion-importante-verano-20250919210041-nt.html\" target=\"_self\" data-voc-vtm-id=\"in-text-traffic\" title=\"torer\u00eda\" data-mrf-link=\"www.abc.es\" rel=\"nofollow noopener\">torer\u00eda<\/a> innata, dej\u00f3 sobre la arena riojana la profundidad, el temple y  &#8230; el poder de su mano izquierda ante la imponente embestida de un toro de Fuente Ymbro de alta nota.<\/p>\n<p class=\"voc-p\" style=\"\">Los naturales al sexto, primero abierto el comp\u00e1s, muy metido con el toro y dibujando un trazo sin fin, fueron el preludio de una serie final de frente a pies juntos, un deleite y la cima de una tarde que apuntala la proyecci\u00f3n del <a href=\"https:\/\/www.abc.es\/cultura\/toros\/urena-roca-caballero-albacete-20250913140100-nt.html\" target=\"_self\" data-voc-vtm-id=\"in-text-traffic\" title=\"joven\" data-mrf-link=\"www.abc.es\" rel=\"nofollow noopener\">joven<\/a> cincovill\u00e9s.<\/p>\n<p class=\"voc-p\" style=\"\">Aar\u00f3n ven\u00eda de una alternativa de lujo y feliz en Nimes, y desde que se abri\u00f3 de capote ante el tercero trasmiti\u00f3 al p\u00fablico un toreo pleno de ilusi\u00f3n. Gr\u00e1cil el chaval con el capote y sin desaprovechar ni una sola embestida con la muleta. Todo muy ligado, m\u00e1s abundante a derechas, pero siempre con ese aire fresco de quien anda sobrado de oficio y de recursos. Aunque demasiado confiado cuando el de Fuente Ymbro, con la espada hundida y a punto de doblar, le peg\u00f3 un arre\u00f3n que se lo llev\u00f3 por delante con un fuerte golpe en la cara, aparatoso por la sangre.<\/p>\n<p class=\"voc-p\" style=\"\">Lejos de hacerle mella el golpe, pareci\u00f3 darle alas. Tres faroles de rodillas con el capote al que cerr\u00f3 plaza, y tras un comienzo de hinojos con la muleta, llegaron tandas con una hondura que no se vislumbraba. Rebozado de toro, ligados los muletazos, todos rematados muy atr\u00e1s. Los naturales ya est\u00e1n descritos, ah\u00ed, a las orillas del Ebro con aroma que las aguas llevaron hasta El Pilar. Todo con la dimensi\u00f3n de una cota en la que no es f\u00e1cil mantenerse. Ese es su reto, que en su primera corrida en Espa\u00f1a como matador de toros dijo que ven\u00eda para quedarse. Y bien alto.<\/p>\n<p><img decoding=\"async\" loading=\"lazy\" src=\"https:\/\/www.europesays.com\/es\/wp-content\/uploads\/2025\/09\/215A0760-U60468238314Mfb-760x427@diario_abc.jpg\" class=\"voc-img\" width=\"760\" height=\"427\" alt=\"Diego San Rom\u00e1n en La Ribera\" data-voc-vtm-id=\"in-text-traffic\"\/><\/p>\n<p>Diego San Rom\u00e1n en La Ribera<\/p>\n<p>EMILIO M\u00c9NDEZ<\/p>\n<p class=\"voc-p\" style=\"\">Abr\u00eda el cartel de debutantes el mexicano Diego San Rom\u00e1n que derroch\u00f3 valor en dos faenas llenas de entrega y con series a derechas de mano baja y muletazos largos. Dispuesto con el primero, suav\u00f3n, y muy asentado ante el cuarto, de excelentes embestidas, enturbiadas por los amagos de rajarse. San Rom\u00e1n no volvi\u00f3 nunca la cara entre el favor del p\u00fablico que le agradeci\u00f3 el esfuerzo.<\/p>\n<p class=\"voc-p\" style=\"\">El riojano Fabio Jim\u00e9nez se presentaba ante los paisanos y se mostr\u00f3 pulcro con dos toros que le dejaron estar. Humillando y tan noble como corto en sus embestidas el segundo, y rajado sin maldad el quinto. Con los dos apunt\u00f3 detalles sin cruzar el Rubic\u00f3n, lo que tantas veces marca el s\u00ed o el no.<\/p>\n<ul class=\"voc-list\">\n<li class=\"voc-list__item\">\n<strong>Plaza de toros de la Ribera.<\/strong><br \/>\nDomingo 21 de septiembre de 2025. Primera de feria. Media entrada. Se lidiaron toros de Fuente Ymbro, con los cuatro a\u00f1os reci\u00e9n en cumplidos, bien armados y de juego variado, destac\u00f3 el buen sexto.\n<\/li>\n<li class=\"voc-list__item\">\n<strong>Diego San Rom\u00e1n,<\/strong><br \/>\nde blanco y oro. Estocada (oreja). Estocada (oreja con petici\u00f3n de la segunda).\n<\/li>\n<li class=\"voc-list__item\">\n<strong>Fabio Jim\u00e9nez,<\/strong><br \/>\nde rioja y oro. Tres pinchazos y estocada corta (silencio). Tres pinchazos y cuatro descabellos. Aviso (silencio).\n<\/li>\n<li class=\"voc-list__item\">\n<strong>Aar\u00f3n Palacio,<\/strong><br \/>\nde azul y oro. Media desprendida. Aviso (oreja). Estocada corta (dos orejas). Sali\u00f3 a hombros.\n<\/li>\n<\/ul>\n","protected":false},"excerpt":{"rendered":"Tarde redonda la del aragon\u00e9s Aar\u00f3n Palacio en la Ribera. Tres orejas en el esport\u00f3n y la dimensi\u00f3n&hellip;\n","protected":false},"author":2,"featured_media":130229,"comment_status":"","ping_status":"","sticky":false,"template":"","format":"standard","meta":{"footnotes":""},"categories":[277],"tags":[8157,41798,373,168,8296,25,24,3814,41799,6481,23,167,374,13082],"class_list":{"0":"post-130228","1":"post","2":"type-post","3":"status-publish","4":"format-standard","5":"has-post-thumbnail","7":"category-toreo","8":"tag-aaron","9":"tag-aldabonazo","10":"tag-bullfighting","11":"tag-deportes","12":"tag-ebro","13":"tag-es","14":"tag-espana","15":"tag-ilusion","16":"tag-orillas","17":"tag-palacio","18":"tag-spain","19":"tag-sports","20":"tag-toreo","21":"tag-toreria"},"share_on_mastodon":{"url":"","error":""},"_links":{"self":[{"href":"https:\/\/www.europesays.com\/es\/wp-json\/wp\/v2\/posts\/130228","targetHints":{"allow":["GET"]}}],"collection":[{"href":"https:\/\/www.europesays.com\/es\/wp-json\/wp\/v2\/posts"}],"about":[{"href":"https:\/\/www.europesays.com\/es\/wp-json\/wp\/v2\/types\/post"}],"author":[{"embeddable":true,"href":"https:\/\/www.europesays.com\/es\/wp-json\/wp\/v2\/users\/2"}],"replies":[{"embeddable":true,"href":"https:\/\/www.europesays.com\/es\/wp-json\/wp\/v2\/comments?post=130228"}],"version-history":[{"count":0,"href":"https:\/\/www.europesays.com\/es\/wp-json\/wp\/v2\/posts\/130228\/revisions"}],"wp:featuredmedia":[{"embeddable":true,"href":"https:\/\/www.europesays.com\/es\/wp-json\/wp\/v2\/media\/130229"}],"wp:attachment":[{"href":"https:\/\/www.europesays.com\/es\/wp-json\/wp\/v2\/media?parent=130228"}],"wp:term":[{"taxonomy":"category","embeddable":true,"href":"https:\/\/www.europesays.com\/es\/wp-json\/wp\/v2\/categories?post=130228"},{"taxonomy":"post_tag","embeddable":true,"href":"https:\/\/www.europesays.com\/es\/wp-json\/wp\/v2\/tags?post=130228"}],"curies":[{"name":"wp","href":"https:\/\/api.w.org\/{rel}","templated":true}]}}