{"id":130230,"date":"2025-09-21T19:44:10","date_gmt":"2025-09-21T19:44:10","guid":{"rendered":"https:\/\/www.europesays.com\/es\/130230\/"},"modified":"2025-09-21T19:44:10","modified_gmt":"2025-09-21T19:44:10","slug":"charles-oliveira-se-queda-sin-rival-para-octubre-y-ataca-a-todo-el-peso-ligero","status":"publish","type":"post","link":"https:\/\/www.europesays.com\/es\/130230\/","title":{"rendered":"Charles Oliveira se queda sin rival para octubre y ataca a todo el peso ligero"},"content":{"rendered":"<p data-mrf-recirculation=\"Links P\u00e1rrafos\" class=\"ue-c-article__paragraph paragraph ue-c-article--first-letter-highlighted\">Charles Oliveira ha recibido la <strong>peor noticia <\/strong>posible: Rafael Fiziev se ha lesionado y se ha<strong> cancelado<\/strong> su pelea para el<strong> UFC R\u00edo.<\/strong> M\u00e1s de cinco a\u00f1os despu\u00e9s de su \u00faltimo combate en su pa\u00eds natal, &#8216;Do Bronx&#8217; iba a estelarizar la cartelera del <strong>11 de octubre,<\/strong> aunque a d\u00eda de hoy la compa\u00f1\u00eda sigue sin encontrarle un rival de <strong>reemplazo<\/strong>. El peleador brasile\u00f1o se ha mostrado muy <strong>cr\u00edtco<\/strong> con la divisi\u00f3n de peso ligero en una entrevista con &#8216;MMA Fighting&#8217; por la <strong>falta de rivales<\/strong>, tal y como ya hizo hace varios meses.<\/p>\n<p data-mrf-recirculation=\"Links P\u00e1rrafos\" class=\"ue-c-article__paragraph paragraph\">Apenas cuatro meses despu\u00e9s de la derrota por K.O. sufrida ante<strong> Ilia Topuria <\/strong>con el cintur\u00f3n de peso ligero en juego, &#8216;Do Bronx&#8217; estaba<strong> listo<\/strong> para volver al oct\u00e1gono. Una vez se oficializ\u00f3 su combate contra Fiziev, Charles reconoci\u00f3 que Rafael hab\u00eda sido el <strong>\u00fanico peleador<\/strong>\u00a0de la parte alta del r\u00e1nking que hab\u00eda querido <strong>aceptar <\/strong>la pelea, y una vez se ha confirmado la lesi\u00f3n de &#8216;Ataman&#8217; ha vuelto ha reiterar la<strong> \u00abcobard\u00eda\u00bb <\/strong>de sus compa\u00f1eros.<\/p>\n<blockquote class=\"ue-c-article__blockquote\">\n<p>Dicen &#8216;estoy aqu\u00ed, pelear\u00e9&#8217; y luego la UFC les llaman y dicen &#8216;oh, no tengo tiempo suficiente, me duele la barriga&#8217;<\/p>\n<p>Charles Oliveira, en MMA Fighting<\/p><\/blockquote>\n<p data-mrf-recirculation=\"Links P\u00e1rrafos\" class=\"ue-c-article__paragraph paragraph\">\u00abNo os dej\u00e9is <strong>enga\u00f1ar<\/strong> por la habladur\u00eda de estos tipos. Dicen &#8216;estoy aqu\u00ed, pelear\u00e9&#8217; y luego la UFC les llaman y dicen &#8216;oh,<strong> no tengo tiempo <\/strong>suficiente, me duele la barriga&#8217;. Parad, no os deja en <strong>buen lugar<\/strong>\u00ab, afirm\u00f3 Oliveira. El peleador brasile\u00f1o estar\u00eda dispuesto a aceptar <strong>varios nombres<\/strong> del top 15 de las 155 libras con tal de mantenerse en la cartelera, pero de momento parece que todo est\u00e1 <strong>en el aire.<\/strong><\/p>\n<p data-mrf-recirculation=\"Links P\u00e1rrafos\" class=\"ue-c-article__paragraph paragraph\">El \u00fanico que ha alzado la voz ha sido<strong> Mateusz Gamrot,<\/strong> top 10 de la categor\u00eda que viene de <strong>victoria <\/strong>ante Ludovit Klein. El peleador polaco es un experto en el <strong>grappling,<\/strong> y ha mandado un mensaje a &#8216;Do Bronx&#8217; a trav\u00e9s de redes para hacerle saber sus <strong>intenciones<\/strong>. \u00abRespeto a Charles, pero yo le dije a la UFC que quiero enfrentarme a ti en tu <strong>propia casa.<\/strong> Ser\u00e1 una verdadera <strong>masterclass<\/strong> en el suelo, y estoy preparado para demostrarlo\u00bb.<\/p>\n<p><img decoding=\"async\" width=\"1980\" height=\"1320\" class=\"ue-c-article__image lazyload\" alt=\"Charles Oliveira, antes de un combate en la UFC\u00a0\" loading=\"lazy\" src=\"https:\/\/www.europesays.com\/es\/wp-content\/uploads\/2025\/09\/67f8d2cad6b27.jpeg\"\/><\/p>\n<p>Charles Oliveira, antes de un combate en la UFC\u00a0UFC.<\/p>\n<p>\u00bfUn dardo a Saint Denis?<\/p>\n<p data-mrf-recirculation=\"Links P\u00e1rrafos\" class=\"ue-c-article__paragraph paragraph\">Obviamente, las redes<strong> han ardido<\/strong> una vez se ha sabido la lesi\u00f3n de Fiziev, m\u00e1s si cabe despu\u00e9s de las palabras de Oliveira. De hecho, las declaraciones de &#8216;Do Bronx&#8217; podr\u00edan ir<strong> direccionadas <\/strong>hacia un peleador en concreto:<strong> Benoit Saint Denis.<\/strong> Tras someter a Mauricio Ruffy el pasado 9 de septiembre, &#8216;El Dios de la Guerra&#8217; afirm\u00f3 estar preparado para quien sea. Sin embargo, una vez la UFC se ha puesto <strong>en contacto<\/strong> con \u00e9l y su equipo para cerrar este combate la respuesta ha sido <strong>negativa.<\/strong><\/p>\n<blockquote class=\"ue-c-article__blockquote\">\n<p>Respetamos a Oliveira demasiado como para aceptar un combate contra \u00e9l de esta manera<\/p>\n<p>Gillaume Peltier, entrenador de Saint Denis<\/p><\/blockquote>\n<p data-mrf-recirculation=\"Links P\u00e1rrafos\" class=\"ue-c-article__paragraph paragraph\"><strong>Gillaume Peltier<\/strong>, m\u00e1nager del peleador galo, ha dado explicaciones a trav\u00e9s de redes sociales de <strong>por qu\u00e9<\/strong> no han aceptado el combate. \u00abNo habr\u00e1 un Benoit Saint Denis vs Charles Oliveira el 11 de octubre. <strong>Respetamos<\/strong> a Oliveira demasiado como para aceptar un combate contra \u00e9l de esta manera. Para estos combates hay que <strong>prepararse bien<\/strong>\u00ab, escribi\u00f3.<\/p>\n<p data-mrf-recirculation=\"Links P\u00e1rrafos\" class=\"ue-c-article__paragraph paragraph\">A falta de<strong> tres semanas<\/strong> para la cartelera, la UFC se ha quedado sin <strong>evento estelar<\/strong> en su regreso a R\u00edo de Janeiro, por lo que tendr\u00e1n que buscar r\u00e1pido si no quieren<strong> reestructurar<\/strong> toda la cartelera. Hooker sigue sin tener el alta, Holloway tambi\u00e9n est\u00e1 <strong>lesionado,<\/strong> Pimblett est\u00e1 esperando una pelea titular -al igual que Pimblett y Tsarukyan-, a Dariush ya le gan\u00f3&#8230; <strong>Todos los caminos<\/strong> conducen a Mateusz Gamrot, que podr\u00eda haberse encontrado con una o<strong>portunidad de oro <\/strong>para escalar en los r\u00e1nkings.<\/p>\n","protected":false},"excerpt":{"rendered":"Charles Oliveira ha recibido la peor noticia posible: Rafael Fiziev se ha lesionado y se ha cancelado su&hellip;\n","protected":false},"author":2,"featured_media":130231,"comment_status":"","ping_status":"","sticky":false,"template":"","format":"standard","meta":{"footnotes":""},"categories":[276],"tags":[168,25,24,23,167,343],"class_list":{"0":"post-130230","1":"post","2":"type-post","3":"status-publish","4":"format-standard","5":"has-post-thumbnail","7":"category-ufc","8":"tag-deportes","9":"tag-es","10":"tag-espana","11":"tag-spain","12":"tag-sports","13":"tag-ufc"},"share_on_mastodon":{"url":"","error":""},"_links":{"self":[{"href":"https:\/\/www.europesays.com\/es\/wp-json\/wp\/v2\/posts\/130230","targetHints":{"allow":["GET"]}}],"collection":[{"href":"https:\/\/www.europesays.com\/es\/wp-json\/wp\/v2\/posts"}],"about":[{"href":"https:\/\/www.europesays.com\/es\/wp-json\/wp\/v2\/types\/post"}],"author":[{"embeddable":true,"href":"https:\/\/www.europesays.com\/es\/wp-json\/wp\/v2\/users\/2"}],"replies":[{"embeddable":true,"href":"https:\/\/www.europesays.com\/es\/wp-json\/wp\/v2\/comments?post=130230"}],"version-history":[{"count":0,"href":"https:\/\/www.europesays.com\/es\/wp-json\/wp\/v2\/posts\/130230\/revisions"}],"wp:featuredmedia":[{"embeddable":true,"href":"https:\/\/www.europesays.com\/es\/wp-json\/wp\/v2\/media\/130231"}],"wp:attachment":[{"href":"https:\/\/www.europesays.com\/es\/wp-json\/wp\/v2\/media?parent=130230"}],"wp:term":[{"taxonomy":"category","embeddable":true,"href":"https:\/\/www.europesays.com\/es\/wp-json\/wp\/v2\/categories?post=130230"},{"taxonomy":"post_tag","embeddable":true,"href":"https:\/\/www.europesays.com\/es\/wp-json\/wp\/v2\/tags?post=130230"}],"curies":[{"name":"wp","href":"https:\/\/api.w.org\/{rel}","templated":true}]}}