{"id":130234,"date":"2025-09-21T19:47:09","date_gmt":"2025-09-21T19:47:09","guid":{"rendered":"https:\/\/www.europesays.com\/es\/130234\/"},"modified":"2025-09-21T19:47:09","modified_gmt":"2025-09-21T19:47:09","slug":"lo-estamos-pasando-mal-tambien-mi-pais","status":"publish","type":"post","link":"https:\/\/www.europesays.com\/es\/130234\/","title":{"rendered":"\u201cLo estamos pasando mal, tambi\u00e9n mi pa\u00eds\u201d"},"content":{"rendered":"<p data-gtm-element-container=\"modulo-texto-link\" class=\"paragraph\">Despu\u00e9s de los incidentes vividos en la Vuelta a Espa\u00f1a y tambi\u00e9n en medio de numerosas protestas por la guerra entre Israel y Gaza, el israel\u00ed Oded Kogut dio la gran sorpresa en el Gooikse Pijl 2025, imponi\u00e9ndose con autoridad en un sprint que parec\u00eda destinado a uno de los grandes velocistas del pelot\u00f3n, entre los que destacaban Dylan Groenewegen, Jonathan Milan, Jordi Meeus y Milan Fretin. El corredor del Israel \u2013 <a href=\"https:\/\/www.lavanguardipa.com\/deportes\/resultados\/premier-league\" target=\"_blank\" rel=\"noopener noreferrer nofollow\">Premier<\/a> Tech se mantuvo siempre bien colocado y en el tramo final lanz\u00f3 un poderoso ataque bajo la lluvia que le permiti\u00f3 superar nada menos que a Dylan Groenewegen, uno de los nombres m\u00e1s temidos en llegadas masivas.<\/p>\n<p data-gtm-element-container=\"modulo-texto-link\" class=\"paragraph\">La victoria de Kogut no solo supone un prestigioso triunfo personal, sino tambi\u00e9n un \u00e9xito muy importante para su equipo, que apost\u00f3 por \u00e9l en una jornada donde la mayor\u00eda de los focos apuntaban hacia los velocistas m\u00e1s consagrados. Se trata del primer triunfo del Israel Premier Tech desde los incidentes vividos en la Vuelta a Espa\u00f1a.<\/p>\n<p data-gtm-element-container=\"modulo-texto-link\" class=\"paragraph\">\u201cNunca pens\u00e9 que podr\u00eda ganar aqu\u00ed\u201d, dijo Kogut radiante despu\u00e9s de la carrera. \u201cEmpezamos con solo cinco corredores. Al fin y al cabo, hay muchos enfermos en nuestro equipo\u201d. \u201cComo velocista del equipo, estaba pr\u00e1cticamente solo en comparaci\u00f3n con los velocistas de otros equipos. Considero esta una victoria importante. Estoy en shock\u201d.<\/p>\n<blockquote>\n<p>        Estamos viviendo momentos dif\u00edciles. No solo para mi equipo, sino tambi\u00e9n, por supuesto, para mi pa\u00eds. Espero haber mostrado mi mejor cara hoy\u201d<\/p>\n<p>            Oded KogutCorredor Israel Premier Tech<\/p>\n<\/blockquote>\n<p data-gtm-element-container=\"modulo-texto-link\" class=\"paragraph\">Adem\u00e1s, se refiri\u00f3 a la guerra que Israel mantiene con Gaza y que ha movilizado a muchos aficionados, tambi\u00e9n en la Gooikse Pijl 2025, a manifestarse a favor de Palestina. \u201cEstamos viviendo momentos dif\u00edciles. No solo para mi equipo, sino tambi\u00e9n, por supuesto, para mi pa\u00eds. Espero haber mostrado mi mejor cara hoy\u201d, dijo al respecto.<\/p>\n","protected":false},"excerpt":{"rendered":"Despu\u00e9s de los incidentes vividos en la Vuelta a Espa\u00f1a y tambi\u00e9n en medio de numerosas protestas por&hellip;\n","protected":false},"author":2,"featured_media":130235,"comment_status":"","ping_status":"","sticky":false,"template":"","format":"standard","meta":{"footnotes":""},"categories":[273],"tags":[313,312,168,25,24,23,167],"class_list":{"0":"post-130234","1":"post","2":"type-post","3":"status-publish","4":"format-standard","5":"has-post-thumbnail","7":"category-ciclismo","8":"tag-ciclismo","9":"tag-cycling","10":"tag-deportes","11":"tag-es","12":"tag-espana","13":"tag-spain","14":"tag-sports"},"share_on_mastodon":{"url":"","error":""},"_links":{"self":[{"href":"https:\/\/www.europesays.com\/es\/wp-json\/wp\/v2\/posts\/130234","targetHints":{"allow":["GET"]}}],"collection":[{"href":"https:\/\/www.europesays.com\/es\/wp-json\/wp\/v2\/posts"}],"about":[{"href":"https:\/\/www.europesays.com\/es\/wp-json\/wp\/v2\/types\/post"}],"author":[{"embeddable":true,"href":"https:\/\/www.europesays.com\/es\/wp-json\/wp\/v2\/users\/2"}],"replies":[{"embeddable":true,"href":"https:\/\/www.europesays.com\/es\/wp-json\/wp\/v2\/comments?post=130234"}],"version-history":[{"count":0,"href":"https:\/\/www.europesays.com\/es\/wp-json\/wp\/v2\/posts\/130234\/revisions"}],"wp:featuredmedia":[{"embeddable":true,"href":"https:\/\/www.europesays.com\/es\/wp-json\/wp\/v2\/media\/130235"}],"wp:attachment":[{"href":"https:\/\/www.europesays.com\/es\/wp-json\/wp\/v2\/media?parent=130234"}],"wp:term":[{"taxonomy":"category","embeddable":true,"href":"https:\/\/www.europesays.com\/es\/wp-json\/wp\/v2\/categories?post=130234"},{"taxonomy":"post_tag","embeddable":true,"href":"https:\/\/www.europesays.com\/es\/wp-json\/wp\/v2\/tags?post=130234"}],"curies":[{"name":"wp","href":"https:\/\/api.w.org\/{rel}","templated":true}]}}