{"id":130236,"date":"2025-09-21T19:48:11","date_gmt":"2025-09-21T19:48:11","guid":{"rendered":"https:\/\/www.europesays.com\/es\/130236\/"},"modified":"2025-09-21T19:48:11","modified_gmt":"2025-09-21T19:48:11","slug":"ferrari-pidio-a-hamilton-que-dejase-pasar-a-leclerc-y-no-lo-hizo-lo-calcule-mal","status":"publish","type":"post","link":"https:\/\/www.europesays.com\/es\/130236\/","title":{"rendered":"Ferrari pidi\u00f3 a Hamilton que dejase pasar a Leclerc y no lo hizo: \u00abLo calcul\u00e9 mal\u00bb"},"content":{"rendered":"<p data-mrf-recirculation=\"Links P\u00e1rrafos\" class=\"ue-c-article__paragraph paragraph ue-c-article--first-letter-highlighted\">Ferrari sale del <strong>Gran Premio de Azerbaiy\u00e1n con cara larga<\/strong>, otra vez. Los dos SF-25 puntuaron, 8\u00ba de <strong>Hamilton <\/strong>y 9\u00ba de <strong>Leclerc<\/strong>, pero no era, ni de lejos, el objetivo en una pista que supon\u00eda una de sus \u00faltimas oportunidades de la temporada de poder <strong>vencer una carrera en un 2025 sin gracia para los de Maranello. Adem\u00e1s, pierden el segundo puesto en la clasificaci\u00f3n de constructores. <\/strong>McLaren, que ser\u00e1 campeona antes o despu\u00e9s, lidera con 623, Mercedes tiene 290 y los italianos se quedan en 286 puntos.<\/p>\n<p><img decoding=\"async\" width=\"1024\" height=\"682\" class=\"ue-c-article__image lazyload\" alt=\"Hamilton y Leclerc.\" loading=\"lazy\" src=\"https:\/\/www.europesays.com\/es\/wp-content\/uploads\/2025\/09\/68d024c4b2b2a.jpeg\"\/><\/p>\n<p>Hamilton y Leclerc.EFE<\/p>\n<p data-mrf-recirculation=\"Links P\u00e1rrafos\" class=\"ue-c-article__paragraph paragraph\">Todo fue gris en clave <strong>Ferrari<\/strong>. Hasta hubo otro peque\u00f1o l\u00edo entre sus pilotos. Al final de la carrera, el muro de Hamilton pidi\u00f3 al siete veces campe\u00f3n dejar pasar a Leclerc. El brit\u00e1nico no lo hizo. \u00abCalcul\u00e9 mal\u00bb, explic\u00f3 al terminar la carrera. Hamilton ten\u00eda justificaci\u00f3n, aunque la sensaci\u00f3n vuelve a ser extra\u00f1a entre los dos cracks del equipo rojo.<\/p>\n<blockquote class=\"ue-c-article__blockquote\">\n<p>Me lo dijo justo al final. Y s\u00ed que levant\u00e9 el pie y fren\u00e9, pero fall\u00f3 Leclerc por cuatro d\u00e9cimas. As\u00ed que estuvo mal calculado<\/p>\n<p>Hamilton<\/p><\/blockquote>\n<p data-mrf-recirculation=\"Links P\u00e1rrafos\" class=\"ue-c-article__paragraph paragraph\"><strong>\u00abMe lo dijo justo al final. Y s\u00ed que levant\u00e9 el pie y fren\u00e9, pero fall\u00f3 Leclerc<\/strong> por cuatro d\u00e9cimas. As\u00ed que estuvo mal calculado\u00bb, explic\u00f3. No queda muy claro qu\u00e9 pudo ocurrir, aunque s\u00ed que le pidieron abrir paso y no lo hizo. \u00abEsta es la \u00faltima vuelta, d\u00e9jale pasar\u00bb, le pidi\u00f3 su ingeniero Ricardo <strong>Adami<\/strong>.<\/p>\n<p data-mrf-recirculation=\"Links P\u00e1rrafos\" class=\"ue-c-article__paragraph paragraph\">Tambi\u00e9n <strong>Ferrari <\/strong>tendr\u00e1 tiempo a pensar sobre el panorama general de la carrera. <strong>Sainz<\/strong>, piloto al que no ampliaron vinculaci\u00f3n, regres\u00f3 al caj\u00f3n y <strong>ten\u00eda claro que era premio a su curso. \u00abDe los que cambiamos de equipo, fui el m\u00e1s r\u00e1pido en adaptarme\u00bb, reflexion\u00f3. <\/strong>No menciona ni habla directamente de Hamilton, pero flota en ese ambiente en una Ferrari que sigue sin ganar desde el \u00faltimo triunfo del &#8217;55&#8217; -en <strong>M\u00e9xico<\/strong>-.\u00a0<\/p>\n<p><img decoding=\"async\" width=\"1024\" height=\"632\" class=\"ue-c-article__image lazyload\" alt=\"Hamilton y Leclerc.\" loading=\"lazy\" src=\"https:\/\/www.europesays.com\/es\/wp-content\/uploads\/2025\/09\/68d024dd6cdbf.jpeg\"\/><\/p>\n<p>Hamilton y Leclerc.EFE<\/p>\n<blockquote class=\"ue-c-article__blockquote\">\n<p>En carrera nos quedamos estancados, pero el fin de semana lo perdimos en clasificaci\u00f3n. Hab\u00eda potencial para hacerlo mejor<\/p>\n<p>Fred Vasseur<\/p><\/blockquote>\n<p data-mrf-recirculation=\"Links P\u00e1rrafos\" class=\"ue-c-article__paragraph paragraph\">Aunque la reflexi\u00f3n en la Scuderia es, de puertas para afuera, todav\u00eda positiva. \u00abEl ritmo estuvo ah\u00ed. El viernes iba bien, pero el s\u00e1bado no pudimos mantener el ritmo. En carrera nos quedamos estancados, pero el fin de semana lo perdimos en clasificaci\u00f3n. Hab\u00eda potencial para hacerlo mejor\u00bb, cerr\u00f3 Fred <strong>Vasseur<\/strong>, jefe del equipo.<\/p>\n","protected":false},"excerpt":{"rendered":"Ferrari sale del Gran Premio de Azerbaiy\u00e1n con cara larga, otra vez. Los dos SF-25 puntuaron, 8\u00ba de&hellip;\n","protected":false},"author":2,"featured_media":130237,"comment_status":"","ping_status":"","sticky":false,"template":"","format":"standard","meta":{"footnotes":""},"categories":[270],"tags":[168,25,24,306,271,272,23,167],"class_list":{"0":"post-130236","1":"post","2":"type-post","3":"status-publish","4":"format-standard","5":"has-post-thumbnail","7":"category-formula-1","8":"tag-deportes","9":"tag-es","10":"tag-espana","11":"tag-f1","12":"tag-formula-1","13":"tag-formula1","14":"tag-spain","15":"tag-sports"},"share_on_mastodon":{"url":"","error":""},"_links":{"self":[{"href":"https:\/\/www.europesays.com\/es\/wp-json\/wp\/v2\/posts\/130236","targetHints":{"allow":["GET"]}}],"collection":[{"href":"https:\/\/www.europesays.com\/es\/wp-json\/wp\/v2\/posts"}],"about":[{"href":"https:\/\/www.europesays.com\/es\/wp-json\/wp\/v2\/types\/post"}],"author":[{"embeddable":true,"href":"https:\/\/www.europesays.com\/es\/wp-json\/wp\/v2\/users\/2"}],"replies":[{"embeddable":true,"href":"https:\/\/www.europesays.com\/es\/wp-json\/wp\/v2\/comments?post=130236"}],"version-history":[{"count":0,"href":"https:\/\/www.europesays.com\/es\/wp-json\/wp\/v2\/posts\/130236\/revisions"}],"wp:featuredmedia":[{"embeddable":true,"href":"https:\/\/www.europesays.com\/es\/wp-json\/wp\/v2\/media\/130237"}],"wp:attachment":[{"href":"https:\/\/www.europesays.com\/es\/wp-json\/wp\/v2\/media?parent=130236"}],"wp:term":[{"taxonomy":"category","embeddable":true,"href":"https:\/\/www.europesays.com\/es\/wp-json\/wp\/v2\/categories?post=130236"},{"taxonomy":"post_tag","embeddable":true,"href":"https:\/\/www.europesays.com\/es\/wp-json\/wp\/v2\/tags?post=130236"}],"curies":[{"name":"wp","href":"https:\/\/api.w.org\/{rel}","templated":true}]}}