{"id":130240,"date":"2025-09-21T19:50:08","date_gmt":"2025-09-21T19:50:08","guid":{"rendered":"https:\/\/www.europesays.com\/es\/130240\/"},"modified":"2025-09-21T19:50:08","modified_gmt":"2025-09-21T19:50:08","slug":"ruben-fernandez-encuentra-en-el-ultimo-minuto-el-premio-para-que-el-fabril-siga-lider-y-con-pleno","status":"publish","type":"post","link":"https:\/\/www.europesays.com\/es\/130240\/","title":{"rendered":"Rub\u00e9n Fern\u00e1ndez encuentra, en el \u00faltimo minuto, el premio para que el Fabril siga l\u00edder y con pleno"},"content":{"rendered":"<p><strong>Impecable<\/strong>, as\u00ed est\u00e1 siendo el inicio de temporada para el Fabril en Segunda Federaci\u00f3n. En la tarde de este domingo, su v\u00edctima (2-1) ha sido el <strong>Salamanca<\/strong>. El filial blanquiazul sigue <strong>sumando de tres en tres<\/strong> y ya suma nueve puntos en las tres primeras jornadas. Adem\u00e1s, los blanquiazules seguir\u00e1n <strong>l\u00edderes una semana m\u00e1s<\/strong>. Desde la primera jornada, y gracias a la diferencia de goles, se aferraron a un primer puesto que no han soltado por el momento. Esta vez, el h\u00e9roe fue el juvenil <strong>Rub\u00e9n Fern\u00e1ndez<\/strong>, quien encontr\u00f3 el <strong>premio en el \u00faltimo minuto<\/strong> despu\u00e9s de una segunda parte en la que el equipo mereci\u00f3 m\u00e1s que su rival.<\/p>\n<p>La primera mitad fue <strong>igualada<\/strong> y, en ciertos tramos, de poco ritmo. Los dos equipos saltaron al verde de Abegondo buscando un tanto con el que adelantarse en el marcado, pero <strong>el respeto prevaleci\u00f3 en los minutos iniciales<\/strong>. Las ocasiones llegaron a cuenta gotas, pero alguna de ellas tra\u00edan peligro. Cristeto fue el primero en avisar, disponiendo de una buena ocasi\u00f3n nada m\u00e1s comenzar que fue bien resuelta por la zaga deportivista. Para los intereses locales, N\u00e1jera fue el que m\u00e1s lo intent\u00f3. A los 20 minutos un remate suyo toc\u00f3 en un defensor y estuvo muy cerca de colarse en la porter\u00eda de Leo Mendes.<\/p>\n<p>El bal\u00f3n parado y un exfabrilista, los protagonistas de la primera parte<\/p>\n<p>Ante la igualdad casi total, el bal\u00f3n parado y la pizarra de ambos entrenadores aparecieron para agitar el encuentro. El <strong>Fabril golpe\u00f3 primero<\/strong> adelant\u00e1ndose, pasada la media hora, a la salida de un c\u00f3rner con la inestimable ayuda de un ex. Un centro pasado del segundo palo fue rematado por <strong>Nsongo Bil<\/strong>. El toque del camerun\u00e9s iba en direcci\u00f3n al \u00e1rea peque\u00f1a, donde esperaban varios compa\u00f1eros para rematar. Fue entonces cuando apareci\u00f3 la cabeza de <a href=\"https:\/\/www.riazor.org\/oscar-marotias-nuevo-jugador-salamanca-reencontrara-fabril-verano-movido\/\" rel=\"nofollow noopener\" target=\"_blank\"><strong>Marot\u00edas<\/strong><\/a>, quien hace pocos meses jugaba para el Fabril, para <strong>introducir el bal\u00f3n en su propia porter\u00eda<\/strong>. Poco le dur\u00f3 la alegr\u00eda al Fabril, ya que siete minutos despu\u00e9s, el Salamanca le dar\u00eda a los blanquiazules de su propia medicina. <strong>Servetti remat\u00f3 en boca de gol<\/strong> para devolver las tablas al marcador en otro saque de esquina.<\/p>\n<p>Una segunda mitad m\u00e1s animada y con final feliz<\/p>\n<p>Ya en la segunda mitad el partido se anim\u00f3 un poco m\u00e1s. <strong>El Fabril fue quien llev\u00f3 el peso de los segundos 45 minutos<\/strong>. No\u00e9 dispuso de hasta tres claras ocasiones para poner por delante a los locales, tambi\u00e9n Bil y Fabi estuvieron activos en la ofensiva blanquiazul, pero sus oportunidades no acabaron llegando a buen puerto. Quien s\u00ed estuvo acertado fue <strong>Rub\u00e9n Fern\u00e1ndez<\/strong>. El juvenil sali\u00f3 desde el banquillo para darle la <strong>victoria al Fabril con un golazo en el \u00faltimo minuto<\/strong>. El delantero le gan\u00f3 la posici\u00f3n a su marca y, casi sin \u00e1ngulo, fusil\u00f3 la porter\u00eda de Leo Mendes con un potente disparo que lleg\u00f3 a tocar en el larguero.<\/p>\n<p>El gol de Rub\u00e9n y la fiesta blanquiazul no se podr\u00edan entender sin la figura de <strong>Hugo R\u00edos<\/strong>. El guardameta volvi\u00f3 a ser una pieza clave para el triunfo. Esta vez, <strong>le neg\u00f3 un gol casi cantado a Javi Delgado<\/strong> un minuto antes del segundo tanto fabrilista. Tras una posible falta por un empuj\u00f3n a un defensor blanquiazul, el ariete visitante se qued\u00f3 solo ante un Hugo R\u00edos que <strong>sali\u00f3 a achicar muy bien<\/strong>. Tras estos intensos minutos, el partido se acab\u00f3 calentando con una <strong>tangana<\/strong> despu\u00e9s de una agresi\u00f3n de Casado -quien acab\u00f3 expulsado- sobre Rub\u00e9n Fern\u00e1ndez. Poco despu\u00e9s de la discusi\u00f3n entre jugadores de ambos equipos, el partido finaliz\u00f3 con una <strong>nueva victoria de un Fabril que sigue l\u00edder y con pleno de triunfos<\/strong> en este inicio.<\/p>\n<p>FICHA T\u00c9CNICA DEL FABRIL \u2013 SALAMANCA<\/p>\n<p><strong>Fabril:\u00a0<\/strong>Hugo R\u00edos; Quique Teijo (Pablo Garc\u00eda, 82\u2032), Samu, Dami\u00e1n Canedo, \u00cdker Vidal; Enrique Fern\u00e1ndez (Jaime Garrido, 82\u2032), No\u00e9; Fabi (Pablo Cort\u00e9s, 77\u2032), N\u00e1jera (Rub\u00e9n Fern\u00e1ndez, 82\u2032), Mane (Dipanda, 67\u2032) y Nsongo Bil.<\/p>\n<p><strong>Salamanca: <\/strong>Leo Mendes; Parra, Murua, Casado, Marot\u00edas, Souley; Lara (Alba,84\u2032), Cristeto, Mancebo; Abraham (Javi Delgado, 56\u2032) y Servetti (Aimar,66\u2032).<\/p>\n<p><strong>Goles:\u00a0<\/strong>1-0 \u00d3scar Marot\u00edas p.p. (32\u2032), 1-1 Servetti (39\u2032), 2-1 Rub\u00e9n Fern\u00e1ndez (90\u2032)<\/p>\n<p><strong>\u00c1rbitro: <\/strong>Hugo Alonso Lui\u00f1a (colegio asturiano). Amonest\u00f3 a Parra, Lara, Marot\u00edas y Souley del Salamanca y a No\u00e9 y Dami\u00e1n Canedo del Fabril. Expuls\u00f3 a Casado y a un miembro del banquillo del Salamanca a los 93 minutos de partido con tarjeta roja directa.<\/p>\n<p><strong>Incidencias: <\/strong>Ciudad Deportiva de Abegondo. Partido correspondiente a la tercera jornada del grupo I de la Segunda Federaci\u00f3n 2025-26.<\/p>\n","protected":false},"excerpt":{"rendered":"Impecable, as\u00ed est\u00e1 siendo el inicio de temporada para el Fabril en Segunda Federaci\u00f3n. En la tarde de&hellip;\n","protected":false},"author":2,"featured_media":130241,"comment_status":"","ping_status":"","sticky":false,"template":"","format":"standard","meta":{"footnotes":""},"categories":[268],"tags":[168,25,24,280,282,281,23,167],"class_list":{"0":"post-130240","1":"post","2":"type-post","3":"status-publish","4":"format-standard","5":"has-post-thumbnail","7":"category-futbol","8":"tag-deportes","9":"tag-es","10":"tag-espana","11":"tag-football","12":"tag-futbol","13":"tag-soccer","14":"tag-spain","15":"tag-sports"},"share_on_mastodon":{"url":"","error":""},"_links":{"self":[{"href":"https:\/\/www.europesays.com\/es\/wp-json\/wp\/v2\/posts\/130240","targetHints":{"allow":["GET"]}}],"collection":[{"href":"https:\/\/www.europesays.com\/es\/wp-json\/wp\/v2\/posts"}],"about":[{"href":"https:\/\/www.europesays.com\/es\/wp-json\/wp\/v2\/types\/post"}],"author":[{"embeddable":true,"href":"https:\/\/www.europesays.com\/es\/wp-json\/wp\/v2\/users\/2"}],"replies":[{"embeddable":true,"href":"https:\/\/www.europesays.com\/es\/wp-json\/wp\/v2\/comments?post=130240"}],"version-history":[{"count":0,"href":"https:\/\/www.europesays.com\/es\/wp-json\/wp\/v2\/posts\/130240\/revisions"}],"wp:featuredmedia":[{"embeddable":true,"href":"https:\/\/www.europesays.com\/es\/wp-json\/wp\/v2\/media\/130241"}],"wp:attachment":[{"href":"https:\/\/www.europesays.com\/es\/wp-json\/wp\/v2\/media?parent=130240"}],"wp:term":[{"taxonomy":"category","embeddable":true,"href":"https:\/\/www.europesays.com\/es\/wp-json\/wp\/v2\/categories?post=130240"},{"taxonomy":"post_tag","embeddable":true,"href":"https:\/\/www.europesays.com\/es\/wp-json\/wp\/v2\/tags?post=130240"}],"curies":[{"name":"wp","href":"https:\/\/api.w.org\/{rel}","templated":true}]}}