{"id":130242,"date":"2025-09-21T19:51:08","date_gmt":"2025-09-21T19:51:08","guid":{"rendered":"https:\/\/www.europesays.com\/es\/130242\/"},"modified":"2025-09-21T19:51:08","modified_gmt":"2025-09-21T19:51:08","slug":"el-principe-harry-y-meghan-markle-acaparan-todas-las-miradas-en-el-festival-benefico-de-kevin-costner","status":"publish","type":"post","link":"https:\/\/www.europesays.com\/es\/130242\/","title":{"rendered":"El pr\u00edncipe Harry y Meghan Markle acaparan todas las miradas en el festival ben\u00e9fico de Kevin Costner"},"content":{"rendered":"<p>El <a href=\"https:\/\/www.libertaddigital.com\/personajes\/principe-harry\/\" rel=\"nofollow noopener\" target=\"_blank\"><strong>pr\u00edncipe Harry<\/strong> <\/a>y <a href=\"https:\/\/www.libertaddigital.com\/personajes\/meghan-markle\/\" rel=\"nofollow noopener\" target=\"_blank\"><strong>Meghan Markle<\/strong><\/a> han reaparecido p\u00fablicamente, despu\u00e9s del encuentro familiar que mantuvo el duque de Sussex con su padre, el<a href=\"https:\/\/www.libertaddigital.com\/personajes\/rey-carlos-iii-de-inglaterra\/\" rel=\"nofollow noopener\" target=\"_blank\"> <strong>rey Carlos III de Inglaterra<\/strong><\/a>, en Clarence House durante el viaje del pr\u00edncipe a su pa\u00eds natal, y que se prolong\u00f3 durante 54 minutos. Un <strong>encuentro que se produc\u00eda despu\u00e9s de no verse en persona desde hac\u00eda casi dos a\u00f1os<\/strong>, y que puede interpretarse como un <strong>posible acercamiento<\/strong> en la relaci\u00f3n entre el duque de Sussex y la familia real brit\u00e1nica, tras a\u00f1os marcados por el distanciamiento, o la publicaci\u00f3n de su libro del pr\u00edncipe Harry &#8216;Spare&#8217; o la pol\u00e9mica entrevista de ambos con <strong>Oprah Winfrey<\/strong>, en 2021.<\/p>\n<p>El matrimonio, que siempre se ha volcado e implicado en diferentes causas sociales, no ha dudado en asistir al concierto ben\u00e9fico One805 Live, impulsado por el actor <strong>Kevin Costner<\/strong> y que se ha celebrado este s\u00e1bado en Santa B\u00e1rbara. Un festival que se cre\u00f3 en 2018 y cuyo fin es recaudar fondos para los servicios de emergencia del condado.<\/p>\n<p><a class=\"fancybox\" href=\"https:\/\/s1.staticld.com\/2025\/09\/21\/principe-harry-meghan-markle.jpg\" rel=\"nofollow noreferrer noopener\" target=\"_blank\"><img class=\"l\" data-  style=\"aspect-ratio: 128 \/ 101\" alt=\"principe-harry-meghan-markle.jpg\"\/><\/a><\/p>\n<p>La <strong>presencia de los duques de Sussex no pas\u00f3 inadvertida para el p\u00fablico<\/strong>, donde ambos se mostraron risue\u00f1os y relajados. La pareja subi\u00f3 al escenario, donde se vio su conexi\u00f3n, para entregar un galard\u00f3n al jefe de bomberos del condado de Santa B\u00e1rbara. Despu\u00e9s Meghan se retir\u00f3 del escenario para dejarle todo el protagonismo al pr\u00edncipe Harry, que no es la primera vez que participa activamente en este evento. Tambi\u00e9n estuvo el actor <strong>Rob Lowe<\/strong>, otro de los premiados, Oprah Winfrey, gran amiga de los Sussex, o <strong>Maria Shriver<\/strong>, exmujer de <strong>Arnold Schwarzenegger<\/strong>.<\/p>\n<p>Para esta ocasi\u00f3n, Meghan Markle luci\u00f3 con un favorecedor vestido camisero azul marino, sin mangas, mientras que el pr\u00edncipe Harry apost\u00f3 por un total look en negro.<\/p>\n","protected":false},"excerpt":{"rendered":"El pr\u00edncipe Harry y Meghan Markle han reaparecido p\u00fablicamente, despu\u00e9s del encuentro familiar que mantuvo el duque de&hellip;\n","protected":false},"author":2,"featured_media":130243,"comment_status":"","ping_status":"","sticky":false,"template":"","format":"standard","meta":{"footnotes":""},"categories":[174],"tags":[255,146,147,25,24,256,3066,35412,23],"class_list":{"0":"post-130242","1":"post","2":"type-post","3":"status-publish","4":"format-standard","5":"has-post-thumbnail","7":"category-famosos","8":"tag-celebrities","9":"tag-entertainment","10":"tag-entretenimiento","11":"tag-es","12":"tag-espana","13":"tag-famosos","14":"tag-meghan-markle","15":"tag-principe-harry","16":"tag-spain"},"share_on_mastodon":{"url":"","error":""},"_links":{"self":[{"href":"https:\/\/www.europesays.com\/es\/wp-json\/wp\/v2\/posts\/130242","targetHints":{"allow":["GET"]}}],"collection":[{"href":"https:\/\/www.europesays.com\/es\/wp-json\/wp\/v2\/posts"}],"about":[{"href":"https:\/\/www.europesays.com\/es\/wp-json\/wp\/v2\/types\/post"}],"author":[{"embeddable":true,"href":"https:\/\/www.europesays.com\/es\/wp-json\/wp\/v2\/users\/2"}],"replies":[{"embeddable":true,"href":"https:\/\/www.europesays.com\/es\/wp-json\/wp\/v2\/comments?post=130242"}],"version-history":[{"count":0,"href":"https:\/\/www.europesays.com\/es\/wp-json\/wp\/v2\/posts\/130242\/revisions"}],"wp:featuredmedia":[{"embeddable":true,"href":"https:\/\/www.europesays.com\/es\/wp-json\/wp\/v2\/media\/130243"}],"wp:attachment":[{"href":"https:\/\/www.europesays.com\/es\/wp-json\/wp\/v2\/media?parent=130242"}],"wp:term":[{"taxonomy":"category","embeddable":true,"href":"https:\/\/www.europesays.com\/es\/wp-json\/wp\/v2\/categories?post=130242"},{"taxonomy":"post_tag","embeddable":true,"href":"https:\/\/www.europesays.com\/es\/wp-json\/wp\/v2\/tags?post=130242"}],"curies":[{"name":"wp","href":"https:\/\/api.w.org\/{rel}","templated":true}]}}