{"id":130252,"date":"2025-09-21T19:58:12","date_gmt":"2025-09-21T19:58:12","guid":{"rendered":"https:\/\/www.europesays.com\/es\/130252\/"},"modified":"2025-09-21T19:58:12","modified_gmt":"2025-09-21T19:58:12","slug":"los-ninos-espanoles-viviran-menos-que-sus-abuelos","status":"publish","type":"post","link":"https:\/\/www.europesays.com\/es\/130252\/","title":{"rendered":"Los ni\u00f1os espa\u00f1oles vivir\u00e1n menos que sus abuelos"},"content":{"rendered":"<p>La esperanza de vida no s\u00f3lo ha dejado de crecer. Desde hace algunos a\u00f1os, disminuye. Es la contundente conclusi\u00f3n de un estudio europeo realizado en  &#8230; 16 pa\u00edses, incluyendo Espa\u00f1a. Como los dem\u00e1s, aqu\u00ed se observ\u00f3 \u00abuna disminuci\u00f3n absoluta de la esperanza de vida\u00bb desde 2019. Desde entonces, se vive 0,18 a\u00f1os menos. Es decir, se muere casi dos meses antes de media, unos 64 d\u00edas menos. La esperanza de vida tuvo un aumento sostenido entre 1990 hasta 2011, a\u00f1o en que empez\u00f3 a ralentizarse su crecimiento. Ocho a\u00f1os despu\u00e9s se registraron indicadores negativos. Los cient\u00edficos que participaron en el trabajo plantean que esa ca\u00edda no se debi\u00f3 s\u00f3lo a las infecciones respiratorias causadas por el covid. Tambi\u00e9n fue determinante la incidencia de enfermedades cardiovasculares y neoplasias, producidos por factores que se pueden atribuir a los h\u00e1bitos de vida, m\u00e1s que a la gen\u00e9tica. Hipertensi\u00f3n, tabaquismo, colesterol, sobrepeso, riesgos laborales, alcohol y sedentarismo.<\/p>\n<p class=\"v-p\">\u00abNuestros hijos van a vivir menos de lo que viviremos nosotros\u00bb, ratifica Alejandro de la Torre Luque, investigador de la Facultad de Medicina de la Universidad Complutense, que particip\u00f3 en el estudio publicado en The Lancet Public Health. \u00abS\u00ed, es un mensaje muy triste, pero tenemos que estar preparados para intentar revertir eso con pol\u00edticas de salud p\u00fablica sobre los factores modificables, aplicadas a las nuevas generaciones. Ya le vemos las orejas al lobo, vemos el impacto cada a\u00f1o y lo veremos en las d\u00e9cadas venideras, por desgracia\u00bb. <\/p>\n<p class=\"v-p\">Entre las particularidades espa\u00f1olas est\u00e1 la combinaci\u00f3n de la reducci\u00f3n de la inversi\u00f3n sanitaria con las \u00abtasas crecientes\u00bb de enfermedades \u00abmuy b\u00e1sicas\u00bb como la diabetes, la hipertensi\u00f3n arterial y la obesidad. \u00abVemos determinados factores, muchos relacionados al aumento de consumo de alimentos ultraprocesados de los \u00faltimos a\u00f1os, con grandes cantidades de az\u00facar y de sal. En personas mayores, los tratamientos ayudan a llevar bien las enfermedades, pero el problema surge cuando se acumulan y conllevan m\u00e1s complicaciones\u00bb, indica De la Torre, especializado en Medicina Legal, Psiquiatr\u00eda y Patolog\u00eda, que suma el \u00abfactor derivado de las muertes no naturales, como el suicidio o la conducta suicida que tiene la probabilidad de generar un nuevo trastorno mental\u00bb.<\/p>\n<p class=\"v-p\">En general, en los pa\u00edses analizados, se \u00abredujo sustancialmente\u00bb la tendencia a evitar la mortalidad por enfermedades cardiovasculares, aument\u00f3 el \u00cdndice de Masa Corporal (IMC) de forma constante durante las \u00faltimas tres d\u00e9cadas, tambi\u00e9n el colesterol y la presi\u00f3n arterial, seg\u00fan los datos del art\u00edculo &#8216;Cambios en la esperanza de vida en pa\u00edses europeos 1990-2021: un suban\u00e1lisis de causas y factores de riesgo del Estudio de la Carga Global de Enfermedad 2021&#8217;. Editado en febrero, reuni\u00f3 datos y expertos de Austria, B\u00e9lgica, Dinamarca, Finlandia, Francia, Alemania, Grecia, Islandia, Irlanda, Italia, Luxemburgo, Pa\u00edses Bajos, Noruega, Portugal, Espa\u00f1a, Suecia, Inglaterra, Irlanda del Norte, Escocia y Gales.<\/p>\n<p>\nLa desaceleraci\u00f3n no se debe a haber alcanzado un l\u00edmite natural de longevidad, que est\u00e1 alrededor de los 110 a\u00f1os\n<\/p>\n<p class=\"v-p\">\u00abLos hallazgos presentados en este art\u00edculo no respaldan la hip\u00f3tesis de que la desaceleraci\u00f3n en la mejora de la esperanza de vida se deba a que se ha alcanzado un l\u00edmite natural de longevidad, que est\u00e1 alrededor de los 110 a\u00f1os\u00bb. Seg\u00fan sus autores, las personas mayores todav\u00eda pueden tener un \u00abcontinuo aumento de la esperanza de vida\u00bb, porque \u00aba\u00fan existe un margen considerable para la reducci\u00f3n de la mortalidad y de los riesgos clave\u00bb.<\/p>\n<p>Nuevas generaciones<\/p>\n<p class=\"v-p\">En Espa\u00f1a influye el menoscabo del \u00ababordaje\u00bb de enfermedades, por el \u00abproblema de la inversi\u00f3n sanitaria, que se est\u00e1 quedando muy corta en muchos casos\u00bb, advierte De la Torre, que se\u00f1ala la necesidad de reducir las listas de espera, ampliar el cuidado de la salud mental y tener acceso a \u00abf\u00e1rmacos que tienen un coste muy elevado. Tenemos ejemplos claros, por ejemplo, en c\u00e1ncer. Los nuevos tratamientos quimioterap\u00e9uticos tienen muchos menos efectos secundarios y se tiene que intentar impulsar que el Estado mejore el acceso a esos medicamentos de alguna forma\u00bb. <\/p>\n<p class=\"v-p\">A pesar de esa inversi\u00f3n insuficiente, la ca\u00edda de la esperanza de vida en Espa\u00f1a se registr\u00f3 algo m\u00e1s tarde que en otros pa\u00edses con una cultura similar, gracias a la dieta mediterr\u00e1nea que amortigua, pero no detiene, el ascenso de los malos h\u00e1bitos alimentarios.<\/p>\n<p>\n Junto a una mayor mortalidad por enfermedades cardiovasculares, en las \u00faltimas tres d\u00e9cadas hubo un aumento constante del \u00cdndice de Masa Corporal (IMC), el colesterol &#8216;malo&#8217; y la presi\u00f3n arterial\n<\/p>\n<p class=\"v-p\">En todos los pa\u00edses, adem\u00e1s, se registr\u00f3 un socav\u00f3n de la curva debido a la pandemia pero, una vez superado el covid, la l\u00ednea de la esperanza de vida sigui\u00f3 su tendencia anterior, a la baja. \u00abSe observa una bajada brusca que luego sube, pero ese incremento no llega a igualarse con la ca\u00edda\u00bb.<\/p>\n<p class=\"v-p\">La tarea para revertir la tendencia a la baja en la longevidad sigue con las nuevas generaciones, esas que vivir\u00e1n menos que las de sus abuelos, debido a la obesidad infantil, el uso de los vapeadores, los trastornos de conducta alimentaria, las adicciones&#8230; \u00abImplica una mayor movilizaci\u00f3n de las pol\u00edticas p\u00fablicas para que se generen estructuras de financiaci\u00f3n y m\u00e1s apoyo a los servicios\u00bb. Si se comenzara ahora, los resultados se ver\u00edan en unos diez o veinte a\u00f1os, calcula De la Torre, porque \u00abse requiere tiempo para concienciar a la gente y aplicar los cambios en el servicio. Indudablemente podemos revertir la curva\u00bb. Los datos actuales reflejan las carencias de las generaciones de los a\u00f1os 90 y 2000. Los que vienen acent\u00faan el problema.<\/p>\n","protected":false},"excerpt":{"rendered":"La esperanza de vida no s\u00f3lo ha dejado de crecer. Desde hace algunos a\u00f1os, disminuye. Es la contundente&hellip;\n","protected":false},"author":2,"featured_media":130253,"comment_status":"","ping_status":"","sticky":false,"template":"","format":"standard","meta":{"footnotes":""},"categories":[92],"tags":[3626,25,24,165,41802,166,23,24993],"class_list":{"0":"post-130252","1":"post","2":"type-post","3":"status-publish","4":"format-standard","5":"has-post-thumbnail","7":"category-salud","8":"tag-abuelos","9":"tag-es","10":"tag-espana","11":"tag-health","12":"tag-nietos","13":"tag-salud","14":"tag-spain","15":"tag-viviran"},"share_on_mastodon":{"url":"","error":""},"_links":{"self":[{"href":"https:\/\/www.europesays.com\/es\/wp-json\/wp\/v2\/posts\/130252","targetHints":{"allow":["GET"]}}],"collection":[{"href":"https:\/\/www.europesays.com\/es\/wp-json\/wp\/v2\/posts"}],"about":[{"href":"https:\/\/www.europesays.com\/es\/wp-json\/wp\/v2\/types\/post"}],"author":[{"embeddable":true,"href":"https:\/\/www.europesays.com\/es\/wp-json\/wp\/v2\/users\/2"}],"replies":[{"embeddable":true,"href":"https:\/\/www.europesays.com\/es\/wp-json\/wp\/v2\/comments?post=130252"}],"version-history":[{"count":0,"href":"https:\/\/www.europesays.com\/es\/wp-json\/wp\/v2\/posts\/130252\/revisions"}],"wp:featuredmedia":[{"embeddable":true,"href":"https:\/\/www.europesays.com\/es\/wp-json\/wp\/v2\/media\/130253"}],"wp:attachment":[{"href":"https:\/\/www.europesays.com\/es\/wp-json\/wp\/v2\/media?parent=130252"}],"wp:term":[{"taxonomy":"category","embeddable":true,"href":"https:\/\/www.europesays.com\/es\/wp-json\/wp\/v2\/categories?post=130252"},{"taxonomy":"post_tag","embeddable":true,"href":"https:\/\/www.europesays.com\/es\/wp-json\/wp\/v2\/tags?post=130252"}],"curies":[{"name":"wp","href":"https:\/\/api.w.org\/{rel}","templated":true}]}}