{"id":130254,"date":"2025-09-21T19:59:08","date_gmt":"2025-09-21T19:59:08","guid":{"rendered":"https:\/\/www.europesays.com\/es\/130254\/"},"modified":"2025-09-21T19:59:08","modified_gmt":"2025-09-21T19:59:08","slug":"habia-engordado-12-kilos-por-los-antidepresivos-que-estaba-tomando","status":"publish","type":"post","link":"https:\/\/www.europesays.com\/es\/130254\/","title":{"rendered":"\u201cHab\u00eda engordado 12 kilos por los antidepresivos que estaba tomando\u201d"},"content":{"rendered":"<p><strong>No han sido tiempos f\u00e1ciles para Elisa Moulia\u00e1<\/strong>. La actriz daba el paso y presentaba <a href=\"https:\/\/www.lecturas.com\/diario\/exclusiva-alfredo-arrien-abogado-elisa-mouliaa-conclusion-que-he-llegado-es-que-inigo-errejon-esta-dispuesto-cualquier-cosa-para-demostrar-su-inocencia-si-alguien-hace-eso-es-que-algo-esta-escondiendo_181415\" rel=\"nofollow noopener\" target=\"_blank\">una denuncia contra el expol\u00edtico \u00cd\u00f1igo Errej\u00f3n<\/a>. Inmediatamente se convert\u00eda en la protagonista de la actualidad. El impacto que provoc\u00f3 hizo que su salud mental se debilitase. Ella misma lo ha contado en varias ocasiones. No solo armarse de valor para denunciar, sino todo lo que vino despu\u00e9s.<\/p>\n<p>Ahora, m\u00e1s asentada, Moulia\u00e1 ha querido enviar un importante mensaje. \u201cOs mando este v\u00eddeo para que ve\u00e1is mi cara. Hay mucha gente muy amable, gente con mucha educaci\u00f3n, pero tambi\u00e9n\u00a0<strong>hay gente que me falta al respeto<\/strong> y que no es consciente de que los seres humanos cambiamos con el tiempo\u201d, afirma en sus redes sociales.<\/p>\n<p><img loading=\"lazy\" decoding=\"async\"   src=\"https:\/\/www.europesays.com\/es\/wp-content\/uploads\/2025\/09\/elisa-mouliaa_778befff_250921182506_1200x800.webp.webp\" alt=\"Elisa Moulia\u00e1\" class=\"lazyload\" width=\"1200\" height=\"800\" data-aspectratio=\"1200\/800\"\/>&#13;GTRES<\/p>\n<p>La actriz ha vivido unos meses muy dif\u00edcil y ha sufrido, en primera persona, una presi\u00f3n que termin\u00f3 haci\u00e9ndole mucho da\u00f1o. A ra\u00edz de la denuncia y las consecuencias de la misma, Moulia\u00e1 tuvo que ponerse en manos de los profesionales de la salud para lograr recomponerse.<\/p>\n<p>Un cambio evidente<\/p>\n<p>\u201c<strong>Yo hab\u00eda engordado 12 kilos por los antidepresivos que estaba tomando<\/strong> y que ya los he dejado\u201c, explica ahora la actriz en este v\u00eddeo. Elisa Moulia\u00e1 se encontraba especialmente vulnerable cuando comenz\u00f3 a recibir muchos comentarios sobre su aspecto f\u00edsico. \u201cCreo que\u00a0no somos conscientes del da\u00f1o que hacemos a la hora de juzgar a los dem\u00e1s por su f\u00edsico\u201d, explica.<\/p>\n<blockquote class=\"instagram-media\" data-instgrm-captioned=\"\" data-instgrm-permalink=\"https:\/\/www.instagram.com\/reel\/DOv0K1EDBQc\/?utm_source=ig_embed&amp;utm_campaign=loading\" data-instgrm-version=\"14\" style=\" background:#FFF; border:0; border-radius:3px; box-shadow:0 0 1px 0 rgba(0,0,0,0.5),0 1px 10px 0 rgba(0,0,0,0.15); margin: 1px; max-width:540px; min-width:326px; padding:0; width:99.375%; width:-webkit-calc(100% - 2px); width:calc(100% - 2px);\"\/>\n<p>\u201c<strong>Todo el mundo tiene en su mochila piedras<\/strong> con las que est\u00e1 lidiando cada d\u00eda, y que\u00a0seamos un poco conscientes de lo que decimos, y el filtro que le ponemos a lo que decimos, por qu\u00e9 no sabemos las tormentas por las que estamos pasando\u201d, ha querido a\u00f1adir. \u201cEstoy volviendo a recuperar la figura que ten\u00eda y el peso que ten\u00eda\u201d.<\/p>\n<p>Moulia\u00e1 se encuentra recuper\u00e1ndose del duro momento que ha tenido que pasar. Enfrentarse judicialmente a \u00cd\u00f1igo Errej\u00f3n <strong>ha sido uno de los peores tragos de su vida<\/strong>. Una causa que todav\u00eda no ha terminado. La actriz, eso s\u00ed, siempre ha respondido a todo y ha dado la cara siempre que ha tenido c\u00e1maras delante. La actriz renace un a\u00f1o despu\u00e9s de que comenzase su periplo judicial y lo hace con una transformaci\u00f3n tambi\u00e9n f\u00edsica. Tras haber dejado ya los antidepresivos que estaba tomando, Moulia\u00e1 ha querido mandar este importante mensaje.<br \/>\u00a0<\/p>\n<p><script async src=\"\/\/www.instagram.com\/embed.js\"><\/script><\/p>\n","protected":false},"excerpt":{"rendered":"No han sido tiempos f\u00e1ciles para Elisa Moulia\u00e1. La actriz daba el paso y presentaba una denuncia contra&hellip;\n","protected":false},"author":2,"featured_media":130255,"comment_status":"","ping_status":"","sticky":false,"template":"","format":"standard","meta":{"footnotes":""},"categories":[91],"tags":[146,147,25,24,23],"class_list":{"0":"post-130254","1":"post","2":"type-post","3":"status-publish","4":"format-standard","5":"has-post-thumbnail","7":"category-entretenimiento","8":"tag-entertainment","9":"tag-entretenimiento","10":"tag-es","11":"tag-espana","12":"tag-spain"},"share_on_mastodon":{"url":"","error":""},"_links":{"self":[{"href":"https:\/\/www.europesays.com\/es\/wp-json\/wp\/v2\/posts\/130254","targetHints":{"allow":["GET"]}}],"collection":[{"href":"https:\/\/www.europesays.com\/es\/wp-json\/wp\/v2\/posts"}],"about":[{"href":"https:\/\/www.europesays.com\/es\/wp-json\/wp\/v2\/types\/post"}],"author":[{"embeddable":true,"href":"https:\/\/www.europesays.com\/es\/wp-json\/wp\/v2\/users\/2"}],"replies":[{"embeddable":true,"href":"https:\/\/www.europesays.com\/es\/wp-json\/wp\/v2\/comments?post=130254"}],"version-history":[{"count":0,"href":"https:\/\/www.europesays.com\/es\/wp-json\/wp\/v2\/posts\/130254\/revisions"}],"wp:featuredmedia":[{"embeddable":true,"href":"https:\/\/www.europesays.com\/es\/wp-json\/wp\/v2\/media\/130255"}],"wp:attachment":[{"href":"https:\/\/www.europesays.com\/es\/wp-json\/wp\/v2\/media?parent=130254"}],"wp:term":[{"taxonomy":"category","embeddable":true,"href":"https:\/\/www.europesays.com\/es\/wp-json\/wp\/v2\/categories?post=130254"},{"taxonomy":"post_tag","embeddable":true,"href":"https:\/\/www.europesays.com\/es\/wp-json\/wp\/v2\/tags?post=130254"}],"curies":[{"name":"wp","href":"https:\/\/api.w.org\/{rel}","templated":true}]}}