{"id":130260,"date":"2025-09-21T20:02:10","date_gmt":"2025-09-21T20:02:10","guid":{"rendered":"https:\/\/www.europesays.com\/es\/130260\/"},"modified":"2025-09-21T20:02:10","modified_gmt":"2025-09-21T20:02:10","slug":"muere-la-influencer-adna-rovcanin-omerbegovic-dos-dias-despues-de-su-boda-en-sarajevo","status":"publish","type":"post","link":"https:\/\/www.europesays.com\/es\/130260\/","title":{"rendered":"Muere la influencer Adna Rov\u010danin-Omerbegovi\u0107 dos d\u00edas despu\u00e9s de su boda en Sarajevo"},"content":{"rendered":"<p><a class=\"v-mdl-ath__fig-a\" href=\"https:\/\/www.elcorreo.com\/autor\/leire-moro-6877.html\" title=\"Leire Moro\" rel=\"nofollow noopener\" target=\"_blank\"><br \/>\n<img decoding=\"async\" class=\"v-mdl-ath__img\" src=\"https:\/\/s2.ppllstatics.com\/comun\/img\/2014\/autor\/autor-6877-foto-2.jpeg\" alt=\"Leire Moro\"\/><br \/>\n<\/a><\/p>\n<p class=\"v-mdl-ath__p v-mdl-ath__p--6\">\nDomingo, 21 de septiembre 2025, 16:44<\/p>\n<p class=\"v-p\">La influencer y enfermera bosnia Adna Rov\u010danin-Omerbegovi\u0107 muri\u00f3 el 15 de septiembre, tras encontrarse mal el d\u00eda de su boda, que se celebr\u00f3 dos d\u00edas antes. La joven, de 26 a\u00f1os, compart\u00eda en sus redes sociales consejos de belleza y el d\u00eda a d\u00eda de su trabajo como enfermera. <\/p>\n<p class=\"v-p\">Horas despu\u00e9s de celebrar su boda a las afueras de Sarajevo el 13 de septiembre, Adna comenz\u00f3 a sentirse mal y fue trasladada de urgencia a un hospital donde tuvieron que inducirle un coma y muri\u00f3 dos d\u00edas m\u00e1s tarde. Seg\u00fan el medio de comunicaci\u00f3n bosnio &#8216;Dnevni Avaz&#8217;, hasta el momento se desconoce la causa de la muerte.<\/p>\n<p class=\"v-p\">Su familia confirm\u00f3 el fallecimiento a trav\u00e9s de un comunicado. \u00abCon profunda tristeza informamos que nuestra querida Adna Rov\u010danin-Omerbegovi\u0107 falleci\u00f3 el lunes 15 de septiembre\u00bb. La noticia se difundi\u00f3 r\u00e1pidamente en medios bosnios y redes sociales, generando m\u00faltiples mensajes de condolencias y homenajes.<\/p>\n<p class=\"v-p\">Adna no era solo una creadora de contenido; trabajaba como enfermera en un centro de salud en Sarajevo. Las personas cercanas a ella destacan su vocaci\u00f3n por ayudar a los dem\u00e1s. \u00abA Adna siempre le gust\u00f3 ayudar a los dem\u00e1s\u00bb, declar\u00f3 un amigo cercano al diario &#8216;Dnevni Avaz&#8217;.<\/p>\n<p class=\"v-p\">La joven era una emprendedora nata. Era propietaria de un sal\u00f3n de belleza tambi\u00e9n en Sarajevo. All\u00ed grababa el contenido que compart\u00eda sobre rutinas de maquillaje, cuidado personal y algunos momentos \u00edntimos de su d\u00eda a d\u00eda. Tras conocerse la noticia de muerte, todos sus perfiles en redes sociales se desconectaron. <\/p>\n<p class=\"v-p\">La fot\u00f3grafa que inmortaliz\u00f3 sus \u00faltimos momentos el d\u00eda de su boda comparti\u00f3 una imagen de Adna antes de la ceremonia con un mensaje en el que destacaba lo feliz que estaba ese d\u00eda. <\/p>\n<p class=\"v-p\">El funeral de Adna se celebr\u00f3 el mi\u00e9rcoles 17 de septiembre en el cementerio municipal de Bare, en Sarajevo. Cientos de personas acudieron a la ceremonia, entre familiares, amigos, colegas del \u00e1mbito sanitario y seguidores. Im\u00e1genes difundidas por el medio bosnio Crna-Hronika mostraron escenas de profundo dolor durante el sepelio. La oraci\u00f3n isl\u00e1mica de despedida, conocida como Tevhid, se realiz\u00f3 ese mismo d\u00eda en la mezquita de Kobilja Glava.<\/p>\n<p>Comenta<\/p>\n<p>Reporta un error<\/p>\n","protected":false},"excerpt":{"rendered":"Domingo, 21 de septiembre 2025, 16:44 La influencer y enfermera bosnia Adna Rov\u010danin-Omerbegovi\u0107 muri\u00f3 el 15 de septiembre,&hellip;\n","protected":false},"author":2,"featured_media":130261,"comment_status":"","ping_status":"","sticky":false,"template":"","format":"standard","meta":{"footnotes":""},"categories":[42],"tags":[41787,3158,17,18,987,960,1563,13,14,11,5764,61,62,63,64,19,20,8938,9,10,15,16,41803,10791,12,21,22,65,66,67],"class_list":{"0":"post-130260","1":"post","2":"type-post","3":"status-publish","4":"format-standard","5":"has-post-thumbnail","7":"category-internacional","8":"tag-adna","9":"tag-boda","10":"tag-breaking-news","11":"tag-breakingnews","12":"tag-despues","13":"tag-dias","14":"tag-dos","15":"tag-featured-news","16":"tag-featurednews","17":"tag-headlines","18":"tag-influencer","19":"tag-internacional","20":"tag-international","21":"tag-international-news","22":"tag-internationalnews","23":"tag-latest-news","24":"tag-latestnews","25":"tag-muere","26":"tag-news","27":"tag-noticias","28":"tag-noticias-destacadas","29":"tag-noticiasdestacadas","30":"tag-rovcaninomerbegovic","31":"tag-sarajevo","32":"tag-titulares","33":"tag-ultimas-noticias","34":"tag-ultimasnoticias","35":"tag-world","36":"tag-world-news","37":"tag-worldnews"},"share_on_mastodon":{"url":"","error":""},"_links":{"self":[{"href":"https:\/\/www.europesays.com\/es\/wp-json\/wp\/v2\/posts\/130260","targetHints":{"allow":["GET"]}}],"collection":[{"href":"https:\/\/www.europesays.com\/es\/wp-json\/wp\/v2\/posts"}],"about":[{"href":"https:\/\/www.europesays.com\/es\/wp-json\/wp\/v2\/types\/post"}],"author":[{"embeddable":true,"href":"https:\/\/www.europesays.com\/es\/wp-json\/wp\/v2\/users\/2"}],"replies":[{"embeddable":true,"href":"https:\/\/www.europesays.com\/es\/wp-json\/wp\/v2\/comments?post=130260"}],"version-history":[{"count":0,"href":"https:\/\/www.europesays.com\/es\/wp-json\/wp\/v2\/posts\/130260\/revisions"}],"wp:featuredmedia":[{"embeddable":true,"href":"https:\/\/www.europesays.com\/es\/wp-json\/wp\/v2\/media\/130261"}],"wp:attachment":[{"href":"https:\/\/www.europesays.com\/es\/wp-json\/wp\/v2\/media?parent=130260"}],"wp:term":[{"taxonomy":"category","embeddable":true,"href":"https:\/\/www.europesays.com\/es\/wp-json\/wp\/v2\/categories?post=130260"},{"taxonomy":"post_tag","embeddable":true,"href":"https:\/\/www.europesays.com\/es\/wp-json\/wp\/v2\/tags?post=130260"}],"curies":[{"name":"wp","href":"https:\/\/api.w.org\/{rel}","templated":true}]}}