{"id":130264,"date":"2025-09-21T20:04:08","date_gmt":"2025-09-21T20:04:08","guid":{"rendered":"https:\/\/www.europesays.com\/es\/130264\/"},"modified":"2025-09-21T20:04:08","modified_gmt":"2025-09-21T20:04:08","slug":"fallecido-un-menor-en-sant-quinti-de-mediona-barcelona-a-causa-de-las-fuertes-lluvias-sociedad","status":"publish","type":"post","link":"https:\/\/www.europesays.com\/es\/130264\/","title":{"rendered":"Fallecido un menor en Sant Quint\u00ed de Mediona (Barcelona) a causa de las fuertes lluvias | Sociedad"},"content":{"rendered":"<p class=\"loc\">Madrid<\/p>\n<p>Los Bombers de la Generalitat han encontrado a un menor de entre 12 y 14 a\u00f1os de edad tras recibir informaci\u00f3n sobre un veh\u00edculo arrastrado por el agua a consecuencia de las intensas lluvias de este domingo. Las autoridades han confirmado la desaparici\u00f3n de dos personas, un padre y un hijo, y contin\u00faan buscando al padre.<\/p>\n<p>El jefe de guardia de Bombers, Jos\u00e9 Lu\u00eds L\u00f3pez, ha explicado en declaraciones a la prensa que el cuerpo tiene constancia de un veh\u00edculo con dos personas en su interior que fue arrastrado por la corriente: \u00abEstamos realizando un despliegue importante para localizar a estas dos personas\u00bb, ha se\u00f1alado.<\/p>\n<p>El veh\u00edculo ha sido localizado sin ocupantes, por lo que se mantiene activa la b\u00fasqueda: \u00abPuede haber indicios importantes de que hab\u00eda dos personas, que es justamente el escenario que quer\u00edamos evitar\u00bb, ha a\u00f1adido L\u00f3pez.<\/p>\n<p>El jefe de guardia tambi\u00e9n ha informado de que Bombers ha atendido m\u00e1s de 300 servicios durante este episodio de lluvias, la mayor\u00eda concentrados en el \u00e1rea metropolitana norte y sur, principalmente por inundaciones y ca\u00edda de \u00e1rboles. Adem\u00e1s, ha pedido a la ciudadan\u00eda que evite acercarse a rieras y torrentes, ya que las crecidas \u201cpueden ser muy importantes\u201d.<\/p>\n<p>Una fuerte tormenta situada frente a la costa central de Barcelona ha afectado especialmente a la operatividad del aeropuerto Josep Tarradellas Barcelona-El Prat, dificultando sobre todo los despegues. Protecci\u00f3n Civil de Catalu\u00f1a ha recomendado a los viajeros que tengan previsto volar desde este aeropuerto que consulten con sus aerol\u00edneas posibles alteraciones en los vuelos.<\/p>\n<p>Aena ha informado en redes sociales de que la meteorolog\u00eda adversa est\u00e1 afectando este domingo a los aeropuertos de Barcelona, Palma de Mallorca y Menorca, por lo que recomienda a los pasajeros que verifiquen el estado de sus vuelos antes de desplazarse.<\/p>\n<p>El temporal tambi\u00e9n ha provocado incidencias en el transporte ferroviario. Un desprendimiento de tierra sobre la v\u00eda ha inutilizado parcialmente el funicular de Sant Joan, en la monta\u00f1a de Montserrat (Barcelona), obligando a los Bomberos de la Generalitat a evacuar a 27 personas que se encontraban en la estaci\u00f3n superior del cremallera. <\/p>\n<p>Seg\u00fan los bomberos, el desprendimiento se ha debido a la fuerte lluvia ca\u00edda en la zona. Aunque las personas afectadas podr\u00edan descender a pie, las autoridades han movilizado cinco unidades para garantizar su seguridad debido a la persistencia de la lluvia.<\/p>\n<p>En las carreteras, Protecci\u00f3n Civil ha recomendado \u00abmucha precauci\u00f3n\u00bb y ha pedido a la ciudadan\u00eda catalana \u00abevitar, si es posible, los desplazamientos\u00bb, ya que las fuertes lluvias, adem\u00e1s de provocar incidencias, han generado una situaci\u00f3n de baja visibilidad para los conductores.<\/p>\n<p>Las lluvias han dejado hasta el momento 106,6 litros por metro cuadrado en Montserrat. En Marganell, un municipio situado en la falda de la monta\u00f1a, se han tenido que cortar las carreteras locales BP-1103 y BP-1121 por desprendimientos, seg\u00fan el Servei Catal\u00e0 del Tr\u00e0nsit.<\/p>\n<p>Protecci\u00f3n Civil ha informado a trav\u00e9s de su cuenta en X que, en solo una hora, se han duplicado las llamadas al 112, pasando de 222 a 413. Adem\u00e1s, ha hecho un llamamiento a la poblaci\u00f3n para extremar la precauci\u00f3n ante las fuertes tormentas que afectan a la comunidad de Catalu\u00f1a.<\/p>\n<p>El temporal, tambi\u00e9n en la Comunidad Valenciana y Baleares<\/p>\n<p>La Agencia Estatal de Meteorolog\u00eda (AEMET) ha activado el aviso naranja en Catalu\u00f1a, la Comunidad Valenciana y las Islas Baleares para la tarde-noche de este domingo y el lunes, ante la previsi\u00f3n de chubascos fuertes e incluso localmente muy fuertes, acompa\u00f1ados de tormenta. Seg\u00fan la AEMET, se espera que estas precipitaciones sean especialmente intensas y puedan provocar incidencias en diferentes puntos del litoral mediterr\u00e1neo.<\/p>\n<p>Las lluvias ya han causado problemas en Barcelona. De hecho, un vuelo procedente de Barcelona con destino Santander, que ten\u00eda prevista su llegada al aeropuerto Seve Ballesteros a las 17:45 horas de este domingo, ha sido cancelado debido a las precipitaciones, seg\u00fan ha informado Aena. No ha sido el \u00fanico vuelo afectado: otros 14 vuelos con salida en Barcelona tambi\u00e9n han sido cancelados, y se han registrado retrasos tanto en el tr\u00e1fico a\u00e9reo como ferroviario, debido a ca\u00eddas de \u00e1rboles y otras incidencias relacionadas con el temporal.<\/p>\n","protected":false},"excerpt":{"rendered":"Madrid Los Bombers de la Generalitat han encontrado a un menor de entre 12 y 14 a\u00f1os de&hellip;\n","protected":false},"author":2,"featured_media":130265,"comment_status":"","ping_status":"","sticky":false,"template":"","format":"standard","meta":{"footnotes":""},"categories":[5],"tags":[21399,210,17,18,41805,41806,41807,41808,41809,25,24,13,14,41810,11,41811,36716,19,20,41812,41813,9,10,15,16,1215,41814,41815,19645,37218,41816,23,41817,12,23698,21,22,41818,3933],"class_list":{"0":"post-130264","1":"post","2":"type-post","3":"status-publish","4":"format-standard","5":"has-post-thumbnail","7":"category-titulares","8":"tag-action-shot","9":"tag-barcelona","10":"tag-breaking-news","11":"tag-breakingnews","12":"tag-catalan-capital","13":"tag-daily-activities","14":"tag-disrupted","15":"tag-downpour","16":"tag-emergency","17":"tag-es","18":"tag-espana","19":"tag-featured-news","20":"tag-featurednews","21":"tag-flooding","22":"tag-headlines","23":"tag-heavy-rain","24":"tag-infrastructure","25":"tag-latest-news","26":"tag-latestnews","27":"tag-local-government","28":"tag-luis-boza","29":"tag-news","30":"tag-noticias","31":"tag-noticias-destacadas","32":"tag-noticiasdestacadas","33":"tag-nurphoto","34":"tag-precipitation","35":"tag-public-response","36":"tag-residents","37":"tag-september-11","38":"tag-shelter","39":"tag-spain","40":"tag-streets","41":"tag-titulares","42":"tag-tourists","43":"tag-ultimas-noticias","44":"tag-ultimasnoticias","45":"tag-umbrellas","46":"tag-urban"},"share_on_mastodon":{"url":"","error":""},"_links":{"self":[{"href":"https:\/\/www.europesays.com\/es\/wp-json\/wp\/v2\/posts\/130264","targetHints":{"allow":["GET"]}}],"collection":[{"href":"https:\/\/www.europesays.com\/es\/wp-json\/wp\/v2\/posts"}],"about":[{"href":"https:\/\/www.europesays.com\/es\/wp-json\/wp\/v2\/types\/post"}],"author":[{"embeddable":true,"href":"https:\/\/www.europesays.com\/es\/wp-json\/wp\/v2\/users\/2"}],"replies":[{"embeddable":true,"href":"https:\/\/www.europesays.com\/es\/wp-json\/wp\/v2\/comments?post=130264"}],"version-history":[{"count":0,"href":"https:\/\/www.europesays.com\/es\/wp-json\/wp\/v2\/posts\/130264\/revisions"}],"wp:featuredmedia":[{"embeddable":true,"href":"https:\/\/www.europesays.com\/es\/wp-json\/wp\/v2\/media\/130265"}],"wp:attachment":[{"href":"https:\/\/www.europesays.com\/es\/wp-json\/wp\/v2\/media?parent=130264"}],"wp:term":[{"taxonomy":"category","embeddable":true,"href":"https:\/\/www.europesays.com\/es\/wp-json\/wp\/v2\/categories?post=130264"},{"taxonomy":"post_tag","embeddable":true,"href":"https:\/\/www.europesays.com\/es\/wp-json\/wp\/v2\/tags?post=130264"}],"curies":[{"name":"wp","href":"https:\/\/api.w.org\/{rel}","templated":true}]}}