{"id":130268,"date":"2025-09-21T20:06:15","date_gmt":"2025-09-21T20:06:15","guid":{"rendered":"https:\/\/www.europesays.com\/es\/130268\/"},"modified":"2025-09-21T20:06:15","modified_gmt":"2025-09-21T20:06:15","slug":"la-gran-tarde-de-tomas-rufo-en-guadalajara","status":"publish","type":"post","link":"https:\/\/www.europesays.com\/es\/130268\/","title":{"rendered":"La gran tarde de Tom\u00e1s Rufo en Guadalajara"},"content":{"rendered":"\n<p>\u00a0En el cierre de Guadalajara, Tom\u00e1s Rufo sali\u00f3 este domingo a hombros cortando sendas orejas al mejor lote de una desigual corrida de toros de Zalduendo, en la que Sebasti\u00e1n Castella pinch\u00f3 a un buen toro y Pablo Aguado no tuvo opciones.<\/p>\n<p>Castella nada pudo hacer frente al muy rajado primero, y en el cuarto, el picador Agust\u00edn Romero midi\u00f3 el castigo al de Zalduendo, al que, antes, pas\u00f3 de capote correctamente el torero de Beziers. Este ejemplar, de nombre Esc\u00e9ptico, nada tuvo que ver con el que abri\u00f3 plaza, embistiendo con clase y entrega. El franc\u00e9s le exigi\u00f3 con ligaz\u00f3n sin perder pasos, y el toro respondi\u00f3. En la labor de Castella hubo limpieza aunque qued\u00f3 la sensaci\u00f3n de no alcanzar las cotas de calidad de su antagonista, al que pinch\u00f3.<\/p>\n<p>Tres ver\u00f3nicas mecidas en el recibo capotero, colocando bien la cara, y dos pulcras tandas por el pit\u00f3n derecho fue lo \u00fanico que ofreci\u00f3 el descastado y deslucido segundo a Pablo Aguado, que termin\u00f3 yendo tras el toro para entrar a matar. A pesar de la estocada cobrada al primer intento, el de Zalduendo no dobl\u00f3 y Aguado marr\u00f3 con el descabello, llegando a escuchar dos avisos. El sevillano prob\u00f3 al soso quinto por los dos pitones sin poder extraer posible lucimiento y lo apiol\u00f3 sin darse excesiva coba.<\/p>\n<p>El tercero persigui\u00f3 la muleta con cierta convicci\u00f3n y Tom\u00e1s Rufo lo pas\u00f3 haciendo primar la longitud en el trazo, mejor al natural que por derechazos. Y como, adem\u00e1s, lo tumb\u00f3 a la primera de un magn\u00edfico volapi\u00e9 y descabello, el toledano recogi\u00f3 una oreja, aunque se le pidieron las dos.<\/p>\n<p>Consciente de que la tarde ya era suya Rufo recibi\u00f3 al sexto de rodillas con una larga cambiada, dejando manifiestas sus ganas de triunfo. En el \u00faltimo tercio hubo suavidad y templanza frente a un toro que tuvo calidad aunque el dep\u00f3sito de la raza justito. El toledano volvi\u00f3 a acertar con el acero y se gan\u00f3 el derecho a salir a hombros al pasear otro trofeo.<\/p>\n<p>FICHA:<\/p>\n<p>Plaza de toros de Guadalajara. Corrida de toros. Cuarto y \u00faltimo festejo de feria. Casi tres cuartos de entrada.<\/p>\n<p>Se lidiaron seis toros de Zalduendo, bien presentados. Primero y segundo mansos. Tercero manejable. Bueno el cuarto, aplaudido en el arrastre. Quinto soso. Sexto manejable aunque justo de raza.<\/p>\n<p>Sebasti\u00e1n Castella (de tabaco y oro): casi entera ca\u00edda (silencio); dos pinchazos y casi entera tendida (silencio con aviso).<\/p>\n<p>Pablo Aguado (de sangre de toro y oro): casi entera arriba y nueve descabellos (silencio con dos avisos); casi entera arriba y cuatro descabellos (silencio).<\/p>\n<p>Tom\u00e1s Rufo (de nazareno y oro): estocada entera arriba y descabello (oreja con petici\u00f3n); estocada entera desprendida (oreja).<\/p>\n<p>Andr\u00e9s Revuelta y Fernando S\u00e1nchez saludaron tras banderillear al tercero, mientras Iv\u00e1n Garc\u00eda lo hizo en el quinto.<\/p>\n<p>Tom\u00e1s Rufo sali\u00f3 a hombros.\u00a0<\/p>\n","protected":false},"excerpt":{"rendered":"\u00a0En el cierre de Guadalajara, Tom\u00e1s Rufo sali\u00f3 este domingo a hombros cortando sendas orejas al mejor lote&hellip;\n","protected":false},"author":2,"featured_media":130269,"comment_status":"","ping_status":"","sticky":false,"template":"","format":"standard","meta":{"footnotes":""},"categories":[277],"tags":[373,168,25,24,23,167,374],"class_list":{"0":"post-130268","1":"post","2":"type-post","3":"status-publish","4":"format-standard","5":"has-post-thumbnail","7":"category-toreo","8":"tag-bullfighting","9":"tag-deportes","10":"tag-es","11":"tag-espana","12":"tag-spain","13":"tag-sports","14":"tag-toreo"},"share_on_mastodon":{"url":"","error":""},"_links":{"self":[{"href":"https:\/\/www.europesays.com\/es\/wp-json\/wp\/v2\/posts\/130268","targetHints":{"allow":["GET"]}}],"collection":[{"href":"https:\/\/www.europesays.com\/es\/wp-json\/wp\/v2\/posts"}],"about":[{"href":"https:\/\/www.europesays.com\/es\/wp-json\/wp\/v2\/types\/post"}],"author":[{"embeddable":true,"href":"https:\/\/www.europesays.com\/es\/wp-json\/wp\/v2\/users\/2"}],"replies":[{"embeddable":true,"href":"https:\/\/www.europesays.com\/es\/wp-json\/wp\/v2\/comments?post=130268"}],"version-history":[{"count":0,"href":"https:\/\/www.europesays.com\/es\/wp-json\/wp\/v2\/posts\/130268\/revisions"}],"wp:featuredmedia":[{"embeddable":true,"href":"https:\/\/www.europesays.com\/es\/wp-json\/wp\/v2\/media\/130269"}],"wp:attachment":[{"href":"https:\/\/www.europesays.com\/es\/wp-json\/wp\/v2\/media?parent=130268"}],"wp:term":[{"taxonomy":"category","embeddable":true,"href":"https:\/\/www.europesays.com\/es\/wp-json\/wp\/v2\/categories?post=130268"},{"taxonomy":"post_tag","embeddable":true,"href":"https:\/\/www.europesays.com\/es\/wp-json\/wp\/v2\/tags?post=130268"}],"curies":[{"name":"wp","href":"https:\/\/api.w.org\/{rel}","templated":true}]}}