{"id":130276,"date":"2025-09-21T20:11:10","date_gmt":"2025-09-21T20:11:10","guid":{"rendered":"https:\/\/www.europesays.com\/es\/130276\/"},"modified":"2025-09-21T20:11:10","modified_gmt":"2025-09-21T20:11:10","slug":"oscar-piastri-lider-de-la-formula-1-choco-en-la-primera-vuelta-del-gran-premio-de-azerbaiyan","status":"publish","type":"post","link":"https:\/\/www.europesays.com\/es\/130276\/","title":{"rendered":"Oscar Piastri, l\u00edder de la F\u00f3rmula 1, choc\u00f3 en la primera vuelta del Gran Premio de Azerbaiy\u00e1n"},"content":{"rendered":"<p class=\"mb-4 text-lg md:leading-8 break-words\">El australiano <strong>Oscar Piastri (McLaren), l\u00edder del Mundial de F\u00f3rmula 1<\/strong>, <strong>se accident\u00f3<\/strong> -sin lamentar da\u00f1os personales- en la primera de las 51 vueltas del <strong>Gran Premio de Azerbaiy\u00e1n<\/strong>, el decimos\u00e9ptimo del campeonato de la m\u00e1xima categor\u00eda del automovilismo, que se disputa en el circuito urbano de Bak\u00fa.<\/p>\n<p><img alt=\"El McLaren de Oscar Piastri en Azerbaiy\u00e1n, antes del choque\" loading=\"lazy\" width=\"768\" height=\"512\" decoding=\"async\" data-nimg=\"1\" class=\"rounded-lg\" style=\"color:transparent\" src=\"https:\/\/www.europesays.com\/es\/wp-content\/uploads\/2025\/09\/ba311b8bcd3faf0f2f1a4b0dfd3825b7.jpeg\"\/><\/p>\n<p>El McLaren de Oscar Piastri en Azerbaiy\u00e1n, antes del choque &#8211; Cr\u00e9ditos: @OZAN KOSE<\/p>\n<p class=\"mb-4 text-lg md:leading-8 break-words\">Piastri, de 24 a\u00f1os y nacido en la ciudad de Melbourne, que lleg\u00f3 a Azerbaiy\u00e1n con 31 puntos de ventaja sobre su compa\u00f1ero, el ingl\u00e9s Lando Norris, perdi\u00f3 el control del McLaren entre la quinta y la sexta de las 20 curvas de la pista azerbaiyana, se estrell\u00f3 contra una de las paredes del circuito y abandon\u00f3, provocando la entrada en la pista del coche de seguridad, en una carrera que lidera el cu\u00e1druple campe\u00f3n mundial neerland\u00e9s <strong>Max Verstappen<\/strong> (Red Bull) por delante del espa\u00f1ol <strong>Carlos Sainz<\/strong> (Williams), que marcha segundo.<\/p>\n<p class=\"mb-4 text-lg md:leading-8 break-words\">Piastri sali\u00f3 noveno en la carrera despu\u00e9s de una salida de pista en la clasificaci\u00f3n de este s\u00e1bado. Este domingo, en la carrera principal, se qued\u00f3 detenido en la salida y termin\u00f3 \u00faltimo del pelot\u00f3n, antes de bloquear sus neum\u00e1ticos al frenar en la curva 6 y chocar directamente contra el muro de protecci\u00f3n.<\/p>\n<p><img alt=\"El piloto australiano de McLaren, Oscar Piastri, tuvo un pobre fin de semana en Azerbaiy\u00e1n\" loading=\"lazy\" width=\"960\" height=\"540\" decoding=\"async\" data-nimg=\"1\" class=\"rounded-lg\" style=\"color:transparent\" src=\"https:\/\/www.europesays.com\/es\/wp-content\/uploads\/2025\/09\/EQ5KCFSSKZB2DF7R64FH5W5GCA.JPG\"\/><\/p>\n<p>El piloto australiano de McLaren, Oscar Piastri, tuvo un pobre fin de semana en Azerbaiy\u00e1n &#8211; Cr\u00e9ditos: @Darko Bandic<\/p>\n<p class=\"mb-4 text-lg md:leading-8 break-words\">Es la primera carrera sin puntos en esta temporada para el australiano, que puso fin a una racha de 34 carreras puntuando. McLaren hab\u00eda comenzado la carrera buscando asegurar un segundo campeonato de constructores consecutivo: necesitaba superar a Ferrari por nueve puntos. Piastri, sin dificultades f\u00edsicas tras el accidente, se lament\u00f3 y, resignado por un fin de semana muy opaco, sigui\u00f3 el resto de la carrera desde un tel\u00e9fono celular.<\/p>\n<p class=\"mb-4 text-lg md:leading-8 break-words\">Lando Norris, asimismo, comenz\u00f3 desde el s\u00e9ptimo lugar en la parrilla, dos posiciones por delante de Piastri, y estaba octavo cuando se despleg\u00f3 el \u2018Safety Car\u2019 tras el choque del australiano.<\/p>\n<p><a data-ylk=\"ct:story;elm:img;itc:0;\" class=\"stretched-box\" href=\"https:\/\/trib.al\/yG4LVEm\" rel=\"noopener noreferrer nofollow\" target=\"_blank\"><img alt=\"S\u00edguenos en WhatsApp\" loading=\"lazy\" width=\"728\" height=\"90\" decoding=\"async\" data-nimg=\"1\" class=\"rounded-lg\" style=\"color:transparent\" src=\"https:\/\/www.europesays.com\/es\/wp-content\/uploads\/2025\/08\/457a3f40-3274-11f0-9bb9-a98c72dc6932.jpeg\"\/><\/a><\/p>\n<p>S\u00edguenos en WhatsApp<\/p>\n","protected":false},"excerpt":{"rendered":"El australiano Oscar Piastri (McLaren), l\u00edder del Mundial de F\u00f3rmula 1, se accident\u00f3 -sin lamentar da\u00f1os personales- en&hellip;\n","protected":false},"author":2,"featured_media":130277,"comment_status":"","ping_status":"","sticky":false,"template":"","format":"standard","meta":{"footnotes":""},"categories":[270],"tags":[466,41819,168,25,24,306,271,272,4249,2104,2704,2106,23,167],"class_list":{"0":"post-130276","1":"post","2":"type-post","3":"status-publish","4":"format-standard","5":"has-post-thumbnail","7":"category-formula-1","8":"tag-coche-de-seguridad","9":"tag-de-baku","10":"tag-deportes","11":"tag-es","12":"tag-espana","13":"tag-f1","14":"tag-formula-1","15":"tag-formula1","16":"tag-la-carrera","17":"tag-lando-norris","18":"tag-mclaren","19":"tag-oscar-piastri","20":"tag-spain","21":"tag-sports"},"share_on_mastodon":{"url":"","error":""},"_links":{"self":[{"href":"https:\/\/www.europesays.com\/es\/wp-json\/wp\/v2\/posts\/130276","targetHints":{"allow":["GET"]}}],"collection":[{"href":"https:\/\/www.europesays.com\/es\/wp-json\/wp\/v2\/posts"}],"about":[{"href":"https:\/\/www.europesays.com\/es\/wp-json\/wp\/v2\/types\/post"}],"author":[{"embeddable":true,"href":"https:\/\/www.europesays.com\/es\/wp-json\/wp\/v2\/users\/2"}],"replies":[{"embeddable":true,"href":"https:\/\/www.europesays.com\/es\/wp-json\/wp\/v2\/comments?post=130276"}],"version-history":[{"count":0,"href":"https:\/\/www.europesays.com\/es\/wp-json\/wp\/v2\/posts\/130276\/revisions"}],"wp:featuredmedia":[{"embeddable":true,"href":"https:\/\/www.europesays.com\/es\/wp-json\/wp\/v2\/media\/130277"}],"wp:attachment":[{"href":"https:\/\/www.europesays.com\/es\/wp-json\/wp\/v2\/media?parent=130276"}],"wp:term":[{"taxonomy":"category","embeddable":true,"href":"https:\/\/www.europesays.com\/es\/wp-json\/wp\/v2\/categories?post=130276"},{"taxonomy":"post_tag","embeddable":true,"href":"https:\/\/www.europesays.com\/es\/wp-json\/wp\/v2\/tags?post=130276"}],"curies":[{"name":"wp","href":"https:\/\/api.w.org\/{rel}","templated":true}]}}