{"id":130278,"date":"2025-09-21T20:12:05","date_gmt":"2025-09-21T20:12:05","guid":{"rendered":"https:\/\/www.europesays.com\/es\/130278\/"},"modified":"2025-09-21T20:12:05","modified_gmt":"2025-09-21T20:12:05","slug":"la-cultural-sabe-sufrir-para-seguir-ganando","status":"publish","type":"post","link":"https:\/\/www.europesays.com\/es\/130278\/","title":{"rendered":"La Cultural sabe sufrir para seguir ganando"},"content":{"rendered":"<p><a class=\"v-mdl-ath__fig-a\" href=\"https:\/\/www.leonoticias.com\/autor\/dani-gonzalez-2280.html\" title=\"Dani Gonz\u00e1lez\" rel=\"nofollow noopener\" target=\"_blank\"><br \/>\n<img decoding=\"async\" class=\"v-mdl-ath__img\" src=\"https:\/\/www.europesays.com\/es\/wp-content\/uploads\/2025\/08\/autor-2280-foto-4.jpeg\" alt=\"Dani Gonz\u00e1lez\"\/><br \/>\n<\/a><\/p>\n<p class=\"v-mdl-ath__p v-mdl-ath__p--6\">\nDomingo, 21 de septiembre 2025, 20:18<\/p>\n<p class=\"v-p\">De menos a m\u00e1s, sufriendo, pero sabiendo agarrarse al partido. As\u00ed ha ganado la Cultural su segundo partido de la Copa de Espa\u00f1a ante C\u00edrculo Gij\u00f3n (79-72), que le deja con pie y medio en la siguiente fase de esta competici\u00f3n.<\/p>\n<p><img decoding=\"async\" loading=\"lazy\" src=\"https:\/\/www.europesays.com\/es\/wp-content\/uploads\/2025\/09\/cultu-kCvG--44x44@Leonoticias.png\" class=\"v-scr__img\" width=\"44\" height=\"44\" alt=\"Cultural\"\/><\/p>\n<p class=\"v-scr__t\">Cultural<\/p>\n<p class=\"v-scr__p v-scr__p--3\">Dominguez (5), Jaime Llamas (9), Rodri Llamas (9), van der Heijden (4), Amadasun (12) \u2013 cinco inicial \u2013 Deng (9), Hayman (12), Orenga (7), \u00c1lvaro Gonz\u00e1lez, Iglesias, Bult\u00f3, Cebolla (12)<\/p>\n<p class=\"v-scr__n-c v-scr__n-c--1 \">\n 79\n<\/p>\n<p class=\"v-scr__n-c v-scr__n-c--2\">\n&#8211;\n<\/p>\n<p class=\"v-scr__n-c v-scr__n-c--3 \">\n 72\n<\/p>\n<p class=\"v-scr__t\">C\u00edrculo Gij\u00f3n<\/p>\n<p><img decoding=\"async\" loading=\"lazy\" src=\"https:\/\/www.europesays.com\/es\/wp-content\/uploads\/2025\/09\/circulo-gijon-kCvG--44x44@Leonoticias.jpg\" class=\"v-scr__img\" width=\"44\" height=\"44\" alt=\"C\u00edrculo Gij\u00f3n\"\/><\/p>\n<p class=\"v-scr__p v-scr__p--3\">Reilly (8), Pierre (5), Arcos (16), Men\u00e9ndez (10), D\u00edaz (6) \u2013 cinco inicial \u2013 Ram\u00edrez (2), Franco (14), Idris (2), Okafor (4), Del Busto, Barros (3), Luis (2)<\/p>\n<ul class=\"v-u\">\n<li class=\"v-u__l\">\n<p class=\"v-p\">\nParciales<br \/>\n13-16, 35-35, 53-56, 79-72\n<\/p>\n<\/li>\n<li class=\"v-u__l\">\n<p class=\"v-p\">\n\u00c1rbitros<br \/>\nFern\u00e1ndez Garc\u00eda y Fern\u00e1ndez Requejo.\n<\/p>\n<\/li>\n<li class=\"v-u__l\">\n<p class=\"v-p\">\nIncidencias<br \/>\nPalacio de los Deportes de Le\u00f3n. Jornada 2 del grupo B de la Copa de Espa\u00f1a.\n<\/p>\n<\/li>\n<\/ul>\n<p class=\"v-p\">Sali\u00f3 con fuerza la Cultural a la cancha, poniendo un parcial de 6-2 a su favor en un tramo inicial de encuentro plagado de errores, especialmente en el cuadro asturiano, con una defensa de los de Luis Castillo intensa y efectiva.<\/p>\n<p class=\"v-p\">Pero tras este buen arranque, los culturalistas se atascaron en ataque y vieron como C\u00edrculo Gij\u00f3n dio la vuelta al marcador con un parcial 0-7 (6-9) que dio la ventaja a los visitantes. Con las enormes dificultades para anotar que arrastraban los leoneses, el marcador fue favorable a Gij\u00f3n (13-16) al final del primer cuarto.<\/p>\n<p class=\"v-p\">Ese peque\u00f1o imp\u00e1s entre periodos pareci\u00f3 sentar bien a una Cultural que marc\u00f3 un parcial 10-2 para ponerse por delante y lograr su mayor ventaja de partido (23-18). Pero fue un espejismo, peorque Gij\u00f3n volvi\u00f3 a tomar la vanguardia con otro importante parcial 0-6.<\/p>\n<p>C\u00edrculo Gij\u00f3n, siempre por delante<\/p>\n<p class=\"v-p\">El ataque leon\u00e9s iba a fogonazos y Gij\u00f3n, algo m\u00e1s constante, mandaba de forma habitual en el marcador. La inercia favorec\u00eda a los visitantes, que llegaron a tener cuatro puntos de ventaja (34-30) a falta de 40 segundos para el final, algo que logr\u00f3 neutralizar la Cultural con dos buenas acciones culminadas con un triple sobre la bocina de Deng (35-35) para llegar igualados al descanso.<\/p>\n<p class=\"v-p\">El tercer cuarto comenz\u00f3 con nuevos errores culturalistas en el lanzamiento que C\u00edrculo Gij\u00f3n aprovech\u00f3 para volver a ponerse por delante. El marcador hac\u00eda el acorde\u00f3n, con una Cultural que llegaba a igualar el choque (43-43), pero los asturianos volv\u00edan a irse.<\/p>\n<p class=\"v-p\">El acierto desde el per\u00edmetro de Gij\u00f3n, en una estad\u00edstica con bajos guarismos en ambos bandos, dio aire a los visitantes para poner seis puntos de ventaja (47-53) en un momento donde se pod\u00eda romper el partido. Pero los de Luis Castillo, de nuevo, se agarraron al choque impulsados por Amadasun para seguir con opciones en el \u00faltimo periodo (53-56).<\/p>\n<p>La Cultu se lo lleva en el \u00faltimo cuarto<\/p>\n<p class=\"v-p\">En el inicio de \u00faltimo cuarto, la Cultural sac\u00f3 car\u00e1cter para igualar todav\u00eda m\u00e1s el partido. Los leoneses, incluso, pudieron ponerse por delante en el marcador (64-63), algo que s\u00f3lo hicieron durante unos minutos en el segundo periodo.<\/p>\n<p class=\"v-p\">La igualdad fue total en los \u00faltimos minutos, si bien es cierto que la diferencia radicaba en que quien iba por delante en el marcador de forma habitual era la Cultural, oscilando entre el punto y los tres de renta a su favor. <\/p>\n<p class=\"v-p\">Los leoneses supieron templar los \u00e1nimos y ser m\u00e1s efectivos en ambas canastas en los \u00faltimos minutos para cerrar un triunfo (79-72) que les deja con un pie y medio en la siguiente fase de esta Copa de Espa\u00f1a.<\/p>\n<p>Comenta<\/p>\n<p>Reporta un error<\/p>\n","protected":false},"excerpt":{"rendered":"Domingo, 21 de septiembre 2025, 20:18 De menos a m\u00e1s, sufriendo, pero sabiendo agarrarse al partido. As\u00ed ha&hellip;\n","protected":false},"author":2,"featured_media":130279,"comment_status":"","ping_status":"","sticky":false,"template":"","format":"standard","meta":{"footnotes":""},"categories":[269],"tags":[299,298,8332,168,25,24,41820,8828,1791,23,167,18389],"class_list":{"0":"post-130278","1":"post","2":"type-post","3":"status-publish","4":"format-standard","5":"has-post-thumbnail","7":"category-baloncesto","8":"tag-baloncesto","9":"tag-basketball","10":"tag-cultural","11":"tag-deportes","12":"tag-es","13":"tag-espana","14":"tag-ganando","15":"tag-sabe","16":"tag-seguir","17":"tag-spain","18":"tag-sports","19":"tag-sufrir"},"share_on_mastodon":{"url":"","error":""},"_links":{"self":[{"href":"https:\/\/www.europesays.com\/es\/wp-json\/wp\/v2\/posts\/130278","targetHints":{"allow":["GET"]}}],"collection":[{"href":"https:\/\/www.europesays.com\/es\/wp-json\/wp\/v2\/posts"}],"about":[{"href":"https:\/\/www.europesays.com\/es\/wp-json\/wp\/v2\/types\/post"}],"author":[{"embeddable":true,"href":"https:\/\/www.europesays.com\/es\/wp-json\/wp\/v2\/users\/2"}],"replies":[{"embeddable":true,"href":"https:\/\/www.europesays.com\/es\/wp-json\/wp\/v2\/comments?post=130278"}],"version-history":[{"count":0,"href":"https:\/\/www.europesays.com\/es\/wp-json\/wp\/v2\/posts\/130278\/revisions"}],"wp:featuredmedia":[{"embeddable":true,"href":"https:\/\/www.europesays.com\/es\/wp-json\/wp\/v2\/media\/130279"}],"wp:attachment":[{"href":"https:\/\/www.europesays.com\/es\/wp-json\/wp\/v2\/media?parent=130278"}],"wp:term":[{"taxonomy":"category","embeddable":true,"href":"https:\/\/www.europesays.com\/es\/wp-json\/wp\/v2\/categories?post=130278"},{"taxonomy":"post_tag","embeddable":true,"href":"https:\/\/www.europesays.com\/es\/wp-json\/wp\/v2\/tags?post=130278"}],"curies":[{"name":"wp","href":"https:\/\/api.w.org\/{rel}","templated":true}]}}