{"id":130284,"date":"2025-09-21T20:16:54","date_gmt":"2025-09-21T20:16:54","guid":{"rendered":"https:\/\/www.europesays.com\/es\/130284\/"},"modified":"2025-09-21T20:16:54","modified_gmt":"2025-09-21T20:16:54","slug":"diez-libros-con-los-que-afrontar-la-vuelta-a-la-rutina-de-marian-rojas-estape-y-eckhart-tolle-a-mario-alonso-puig","status":"publish","type":"post","link":"https:\/\/www.europesays.com\/es\/130284\/","title":{"rendered":"Diez libros con los que afrontar la vuelta a la rutina: de Marian Rojas Estap\u00e9 y Eckhart Tolle a Mario Alonso Puig"},"content":{"rendered":"<p style=\"margin:0cm 0cm 8pt\">Fin de las vacaciones y<strong> vuelta a la rutina. <\/strong>Tras un intenso verano marcado por los d\u00edas de relax y los planes al aire libre, toca retomar los compromisos y los horarios. Algo que no siempre es f\u00e1cil de llevar a cabo. Septiembre es el mes de los inicios, y qu\u00e9 mejor manera de hacerlo que con fuerza y motivaci\u00f3n, una tarea para la que algunos <strong>libros nos pueden servir de gran ayuda.<\/strong><\/p>\n<p style=\"margin:0cm 0cm 8pt\">Una vuelta a la rutina, con los objetivos para el nuevo curso marcados, y en la que recuperar el <strong>equilibrio emocional.<\/strong> Un escenario en el que, tal y como se\u00f1alan los expertos en bienestar, la lectura puede convertirse en la mejor herramienta para reconectar con uno mismo. Te contamos cu\u00e1les son algunos de los mejores libros para <strong>encontrar la inspiraci\u00f3n para el d\u00eda a d\u00eda<\/strong> en esta nueva temporada.<\/p>\n<p><strong>\u2018El poder del ahora\u2019 de Eckhart Tolle<\/strong><\/p>\n<p style=\"margin:0cm 0cm 8pt\">Publicado originalmente en 1997, este libro se ha convertido en un fen\u00f3meno que a\u00f1o tras a\u00f1o conquista a miles de seguidores. Es uno de esos libros capaces de cambiar radicalmente las vidas de quienes lo leen, una gu\u00eda pr\u00e1ctica para<strong> alcanzar la paz interior y la felicidad,<\/strong> que permite entender que la \u00fanica realidad del presente es descubrir tu verdadero \u2018yo\u2019.<\/p>\n<p style=\"margin:0cm 0cm 8pt\"><a href=\"https:\/\/amzn.to\/3K1Z7qy\" target=\"_blank\" rel=\"nofollow noopener\"><strong>COMPRAR EN AMAZON<\/strong><\/a><\/p>\n<p><img decoding=\"async\" alt=\"\u2018El poder del ahora\u2019 de Eckhart Tolle\" src=\"https:\/\/www.europesays.com\/es\/wp-content\/uploads\/2025\/09\/articulos-2311332.jpg\" style=\"width:20%\"\/>\u2018El poder del ahora\u2019 de Eckhart Tolle<\/p>\n<p><strong>\u2018Vivir con serenidad\u2019 de Patricia Ram\u00edrez<\/strong><\/p>\n<p style=\"margin:0cm 0cm 8pt\">Conocida en redes sociales como Patri Psic\u00f3loga, este libro nos propone 365 pr\u00e1cticas para adentrarnos en una vida en la que, aunque seguiremos teniendo momentos de placer y dolor, aprenderemos a vivirlos desde un <strong>estado m\u00e1s contemplativo y sereno.<\/strong><\/p>\n<p style=\"margin:0cm 0cm 8pt\"><a href=\"https:\/\/amzn.to\/46IxBai\" target=\"_blank\" rel=\"nofollow noopener\"><strong>COMPRAR EN AMAZON<\/strong><\/a><\/p>\n<p><img decoding=\"async\" alt=\"\u2018Vivir con serenidad\u2019 de Patricia Ram\u00edrez\" src=\"https:\/\/www.europesays.com\/es\/wp-content\/uploads\/2025\/09\/articulos-2311339.jpg\" style=\"width:20%\"\/>\u2018Vivir con serenidad\u2019 de Patricia Ram\u00edrez<\/p>\n<p><strong>\u2018Recupera tu mente, reconquista tu vida\u2019 de Mari\u00e1n Rojas Estap\u00e9<\/strong><\/p>\n<p style=\"margin:0cm 0cm 8pt\">Este es uno de los libros m\u00e1s admirados de la conocida psiquiatra\u00a0que nos ofrece las herramientas para entender el mundo moderno y <strong>recuperar el control frente a la distracci\u00f3n<\/strong> y la gratificaci\u00f3n instant\u00e1nea. Una obra que habla de la dopamina, la hormona del placer, y que ayuda a conocerse mejor, gestionar las emociones y volver a reconectar con la vida real.<\/p>\n<p style=\"margin:0cm 0cm 8pt\"><a href=\"https:\/\/amzn.to\/47JIv0t\" target=\"_blank\" rel=\"nofollow noopener\"><strong>COMPRAR EN AMAZON<\/strong><\/a><\/p>\n<p><img decoding=\"async\" alt=\"\u2018Recupera tu mente, reconquista tu vida\u2019 de Mari\u00e1n Rojas Estap\u00e9\" src=\"https:\/\/www.europesays.com\/es\/wp-content\/uploads\/2025\/09\/articulos-2311337.jpg\" style=\"width:20%\"\/>\u2018Recupera tu mente, reconquista tu vida\u2019 de Mari\u00e1n Rojas Estap\u00e9<\/p>\n<p><strong>\u2018Resetea tu mente. Descubre de lo que eres capaz\u2019 de Mario Alonso Puig<\/strong><\/p>\n<p style=\"margin:0cm 0cm 8pt\">Convertido en uno de los m\u00e9dicos y expertos en bienestar m\u00e1s conocidos de nuestro pa\u00eds, Mario Alonso Puig explora en este libro <strong>la relaci\u00f3n entre el cerebro y la mente, <\/strong>mostrando c\u00f3mo afrontar los desaf\u00edos con calma y confianza para lograr un mayor bienestar y salud.<\/p>\n<p style=\"margin:0cm 0cm 8pt\"><a href=\"https:\/\/amzn.to\/46aOo5D\" target=\"_blank\" rel=\"nofollow noopener\"><strong>COMPRAR EN AMAZON<\/strong><\/a><\/p>\n<p><img decoding=\"async\" alt=\"\u2018Resetea tu mente. Descubre de lo que eres capaz\u2019 de Mario Alonso Puig\" src=\"https:\/\/www.europesays.com\/es\/wp-content\/uploads\/2025\/09\/articulos-2311338.jpg\" style=\"width:20%\"\/>\u2018Resetea tu mente. Descubre de lo que eres capaz\u2019 de Mario Alonso Puig<\/p>\n<p><strong>\u2018C\u00f3mo mandar a la mierda de forma educada\u2019 de Alba Cardalba<\/strong><\/p>\n<p style=\"margin:0cm 0cm 8pt\">En este libro, la reconocida psic\u00f3loga y neurocient\u00edfica nos ense\u00f1a a <strong>poner l\u00edmites con asertividad y empat\u00eda<\/strong> para conseguir tener unas relaciones m\u00e1s plenas y honestas, algo que a todos nos cuesta por miedo y culpa. Y es que, seg\u00fan la experta, poner l\u00edmites en las relaciones es necesario, pero hay que saber c\u00f3mo comunicarlos.<\/p>\n<p style=\"margin:0cm 0cm 8pt\"><a href=\"https:\/\/amzn.to\/487FBD5\" target=\"_blank\" rel=\"nofollow noopener\"><strong>COMPRAR EN AMAZON<\/strong><\/a><\/p>\n<p><img decoding=\"async\" alt=\"\u2018C\u00f3mo mandar a la mierda de forma educada\u2019 de Alba Cardalba\" src=\"https:\/\/www.europesays.com\/es\/wp-content\/uploads\/2025\/09\/articulos-2311329.jpg\" style=\"width:20%\"\/>\u2018C\u00f3mo mandar a la mierda de forma educada\u2019 de Alba Cardalba<\/p>\n<p><strong>\u2018Despierta tu h\u00e9roe interior\u2019 de Victor Hugo Manzanilla<\/strong><\/p>\n<p style=\"margin:0cm 0cm 8pt\">Este libro es una <strong>llamada a la aventura, a salir de tu zona de confort<\/strong> para asumir riesgos que te llevar\u00e1n a cambiar de forma radical la manera en la que est\u00e1s viviendo tu vida. Para ello, el autor revela siete pasos que te llevar\u00e1n a hacer realidad tus deseos m\u00e1s profundos y a construir la historia que siempre has querido contar.<\/p>\n<p style=\"margin:0cm 0cm 8pt\"><a href=\"https:\/\/amzn.to\/3IteEiA\" target=\"_blank\" rel=\"nofollow noopener\"><strong>COMPRAR EN AMAZON<\/strong><\/a><\/p>\n<p><img decoding=\"async\" alt=\"\u2018Despierta tu h\u00e9roe interior\u2019 de Victor Hugo Manzanilla\" src=\"https:\/\/www.europesays.com\/es\/wp-content\/uploads\/2025\/09\/articulos-2311330.jpg\" style=\"width:20%\"\/>\u2018Despierta tu h\u00e9roe interior\u2019 de Victor Hugo Manzanilla<\/p>\n<p><strong>\u2018El club de las 5 de la ma\u00f1ana\u2019 de Robin Sharma<\/strong><\/p>\n<p style=\"margin:0cm 0cm 8pt\">Considerado uno de los mayores expertos mundiales en liderazgo y desempe\u00f1o, Robin Sharma desarroll\u00f3 hace m\u00e1s de 20 a\u00f1os el concepto del Club de las 5 de la ma\u00f1ana a partir de los revolucionarios h\u00e1bitos que han permitido a sus clientes <strong>incrementar su productividad<\/strong>, mejorar su salud y afrontar con serenidad esta compleja \u00e9poca. Un m\u00e9todo que defiende que aprovechar las ma\u00f1anas ayuda a conseguir unos resultados extraordinarios.<\/p>\n<p style=\"margin:0cm 0cm 8pt\"><a href=\"https:\/\/amzn.to\/4nch3gN\" target=\"_blank\" rel=\"nofollow noopener\"><strong>COMPRAR EN AMAZON<\/strong><\/a><\/p>\n<p><img decoding=\"async\" alt=\"\u2018El club de las 5 de la ma\u00f1ana\u2019 de Robin Sharma\" src=\"https:\/\/www.europesays.com\/es\/wp-content\/uploads\/2025\/09\/articulos-2311333.jpg\" style=\"width:20%\"\/>\u2018El club de las 5 de la ma\u00f1ana\u2019 de Robin Sharma<\/p>\n<p><strong>\u2018H\u00e1bitos at\u00f3micos\u2019 de James Clear<\/strong><\/p>\n<p style=\"margin:0cm 0cm 8pt\">Con m\u00e1s de medio mill\u00f3n de ejemplares vendidos en nuestro pa\u00eds, y m\u00e1s de 25 millones en todo el mundo, este libro nos desvela <strong>c\u00f3mo esos peque\u00f1os cambios pueden crecer<\/strong> y dar un giro por completo a nuestra vida. Son los que James Clear llama \u2018h\u00e1bitos at\u00f3micos\u2019, tan peque\u00f1os como una part\u00edcula, pero tan poderosos como un tsunami.<\/p>\n<p style=\"margin:0cm 0cm 8pt\"><a href=\"https:\/\/amzn.to\/47QgO6m\" target=\"_blank\" rel=\"nofollow noopener\"><strong>COMPRAR EN AMAZON<\/strong><\/a><\/p>\n<p><img decoding=\"async\" alt=\"\u2018H\u00e1bitos at\u00f3micos\u2019 de James Clear\" src=\"https:\/\/www.europesays.com\/es\/wp-content\/uploads\/2025\/09\/articulos-2311334.jpg\" style=\"width:20%\"\/>\u2018H\u00e1bitos at\u00f3micos\u2019 de James Clear<\/p>\n<p><strong>\u2018Los seis pilares de la autoestima\u2019 de Nathaniel Branden<\/strong><\/p>\n<p style=\"margin:0cm 0cm 8pt\">Este libro nos demuestra que la mayor\u00eda de los problemas psicol\u00f3gicos de nuestro d\u00eda a d\u00eda, desde la ansiedad y la depresi\u00f3n al sabotaje en el trabajo o en la escuela, se pueden atribuir a una<strong> baja autoestima,<\/strong> y c\u00f3mo podemos aumentar poco a poco nuestra conciencia de nosotros mismos y nuestra efectividad personal.<\/p>\n<p style=\"margin:0cm 0cm 8pt\"><a href=\"https:\/\/amzn.to\/4pJ4UBI\" target=\"_blank\" rel=\"nofollow noopener\"><strong>COMPRAR EN AMAZON<\/strong><\/a><\/p>\n<p><img decoding=\"async\" alt=\"\u2018Los seis pilares de la autoestima\u2019 de Nathaniel Branden\" src=\"https:\/\/www.europesays.com\/es\/wp-content\/uploads\/2025\/09\/articulos-2311336.jpg\" style=\"width:20%\"\/>\u2018Los seis pilares de la autoestima\u2019 de Nathaniel Branden<\/p>\n<p><strong>\u2018El monje que vendi\u00f3 su Ferrari\u2019 de Robin Sharma<\/strong><\/p>\n<p style=\"margin:0cm 0cm 8pt\">Y este otro libro del reconocido Robin Sharma no pod\u00eda faltar en nuestra lista de libros para afrontar la vuelta al trabajo y a la rutina. Una <strong>f\u00e1bula espiritual que ha marcado la vida de millones de personas <\/strong>en todo el mundo desde hace m\u00e1s de 15 a\u00f1os, en la que Julian Mantle, un abogado de \u00e9xito afronta el gran vac\u00edo de su existencia tras sufrir un ataque al coraz\u00f3n. Una crisis existencial que le lleva a vender todas sus pertenencias y viajar a la India.<\/p>\n<p style=\"margin:0cm 0cm 8pt\"><a href=\"https:\/\/amzn.to\/4moKIlw\" target=\"_blank\" rel=\"nofollow noopener\"><strong>COMPRAR EN AMAZON<\/strong><\/a><\/p>\n<p><img decoding=\"async\" alt=\"\u2018El monje que vendi\u00f3 su Ferrari\u2019 de Robin Sharma\" src=\"https:\/\/www.europesays.com\/es\/wp-content\/uploads\/2025\/09\/articulos-2311331.jpg\" style=\"width:20%\"\/>\u2018El monje que vendi\u00f3 su Ferrari\u2019 de Robin Sharma<\/p>\n<p><strong>En calidad de afiliado, Vozp\u00f3puli obtiene ingresos por las compras que cumplen los requisitos. La inclusi\u00f3n de enlaces no influye en ning\u00fan caso en la independencia editorial de este peri\u00f3dico: sus redactores seleccionan y analizan los productos libremente, de acuerdo con su criterio y conocimiento especializado.<\/strong><\/p>\n","protected":false},"excerpt":{"rendered":"Fin de las vacaciones y vuelta a la rutina. Tras un intenso verano marcado por los d\u00edas de&hellip;\n","protected":false},"author":2,"featured_media":130285,"comment_status":"","ping_status":"","sticky":false,"template":"","format":"standard","meta":{"footnotes":""},"categories":[172],"tags":[224,146,147,25,24,225,23],"class_list":{"0":"post-130284","1":"post","2":"type-post","3":"status-publish","4":"format-standard","5":"has-post-thumbnail","7":"category-libros","8":"tag-books","9":"tag-entertainment","10":"tag-entretenimiento","11":"tag-es","12":"tag-espana","13":"tag-libros","14":"tag-spain"},"share_on_mastodon":{"url":"","error":""},"_links":{"self":[{"href":"https:\/\/www.europesays.com\/es\/wp-json\/wp\/v2\/posts\/130284","targetHints":{"allow":["GET"]}}],"collection":[{"href":"https:\/\/www.europesays.com\/es\/wp-json\/wp\/v2\/posts"}],"about":[{"href":"https:\/\/www.europesays.com\/es\/wp-json\/wp\/v2\/types\/post"}],"author":[{"embeddable":true,"href":"https:\/\/www.europesays.com\/es\/wp-json\/wp\/v2\/users\/2"}],"replies":[{"embeddable":true,"href":"https:\/\/www.europesays.com\/es\/wp-json\/wp\/v2\/comments?post=130284"}],"version-history":[{"count":0,"href":"https:\/\/www.europesays.com\/es\/wp-json\/wp\/v2\/posts\/130284\/revisions"}],"wp:featuredmedia":[{"embeddable":true,"href":"https:\/\/www.europesays.com\/es\/wp-json\/wp\/v2\/media\/130285"}],"wp:attachment":[{"href":"https:\/\/www.europesays.com\/es\/wp-json\/wp\/v2\/media?parent=130284"}],"wp:term":[{"taxonomy":"category","embeddable":true,"href":"https:\/\/www.europesays.com\/es\/wp-json\/wp\/v2\/categories?post=130284"},{"taxonomy":"post_tag","embeddable":true,"href":"https:\/\/www.europesays.com\/es\/wp-json\/wp\/v2\/tags?post=130284"}],"curies":[{"name":"wp","href":"https:\/\/api.w.org\/{rel}","templated":true}]}}