{"id":130298,"date":"2025-09-21T20:23:22","date_gmt":"2025-09-21T20:23:22","guid":{"rendered":"https:\/\/www.europesays.com\/es\/130298\/"},"modified":"2025-09-21T20:23:22","modified_gmt":"2025-09-21T20:23:22","slug":"z-a-te-hara-sacar-al-slowpoke-que-llevas-dentro-para-conseguir-un-codigo-exclusivo","status":"publish","type":"post","link":"https:\/\/www.europesays.com\/es\/130298\/","title":{"rendered":"Z-A te har\u00e1 sacar al Slowpoke que llevas dentro para conseguir un c\u00f3digo exclusivo"},"content":{"rendered":"<p>Queda menos de un mes para que se produzca uno de los lanzamientos m\u00e1s importantes de Nintendo para lo que queda de a\u00f1o. En muy pocas semanas los jugadores de todo el mundo podr\u00e1n viajar a la regi\u00f3n de Kalos, m\u00e1s concretamente a Ciudad Luminalia, para <strong>iniciar su nueva aventura<\/strong> con <a class=\"text-outboundlink\" href=\"https:\/\/www.vidaextra.com\/analisis\/leyendas-pokemon-arceus-analisis-review-experiencia-juego-trailer-precio-para-nintendo-switch\" data-vars-post-title=\"An\u00e1lisis de Leyendas Pok\u00e9mon: Arceus, una de las experiencias m\u00e1s excepcionales e inolvidables de toda la historia de Pok\u00e9mon\" data-vars-post-url=\"https:\/\/www.vidaextra.com\/analisis\/leyendas-pokemon-arceus-analisis-review-experiencia-juego-trailer-precio-para-nintendo-switch\" rel=\"nofollow noopener\" target=\"_blank\">Leyendas Pok\u00e9mon: Z-A<\/a>, la nueva entrega de la serie que nos dej\u00f3 con <a class=\"text-outboundlink\" href=\"https:\/\/www.vidaextra.com\/rpg\/suscripcion-nintendo-switch-online-sera-obligatoria-para-desbloquear-ciertas-megaevoluciones-leyendas-pokemon-z-a\" data-vars-post-title=\"Ve preparando la cartera: no te bastar\u00e1 con pagar por el juego para desbloquear todas las megaevoluciones de Leyendas Pok\u00e9mon: Z-A\" data-vars-post-url=\"https:\/\/www.vidaextra.com\/rpg\/suscripcion-nintendo-switch-online-sera-obligatoria-para-desbloquear-ciertas-megaevoluciones-leyendas-pokemon-z-a\" rel=\"nofollow noopener\" target=\"_blank\">un tema pol\u00e9mico por sus megaevoluciones<\/a>.<\/p>\n<p>No obstante, se ve que The Pok\u00e9mon Company lo quiere <a rel=\"noopener, noreferrer nofollow\" href=\"https:\/\/x.com\/Sifu_pokePress\/status\/1968907255593513247\">compensar con una c\u00f3mica promoci\u00f3n<\/a> que consiste en la posibilidad de <strong>obtener un Slowpoke exclusivo<\/strong>, aunque para hacerse con \u00e9l requerir\u00e1 \u00abtransformarse\u00bb en un Pok\u00e9mon. Se trata de una forma de publicitar el juego y al mismo tiempo el nuevo Centro Pok\u00e9mon que abrir\u00e1 sus puertas en Kagawa el pr\u00f3ximo 23 de octubre, donde Slowpoke ser\u00e1 precisamente la mascota ic\u00f3nica de esta tienda en concreto.<\/p>\n<p>    <a href=\"https:\/\/www.vidaextra.com\/industria\/cuando-viaje-rapido-mundos-abiertos-nos-sobra-todas-partes\" class=\"pivot-outboundlink\" data-vars-post-title=\"Cuando el viaje r\u00e1pido en los mundos abiertos nos sobra por todas partes \" rel=\"nofollow noopener\" target=\"_blank\"><br \/>\n     <img loading=\"lazy\" decoding=\"async\" alt=\"Cuando el viaje r\u00e1pido en los mundos abiertos nos sobra por todas partes \" width=\"375\" height=\"142\" src=\"https:\/\/i.blogs.es\/f88be5\/1363457\/375_142.webp\" onerror=\"this.src=\" https:=\"\"\/><br \/>\n    <\/a><\/p>\n<p>Por lo tanto, si ten\u00e9is pensado desplazaros a Jap\u00f3n en alg\u00fan momento del mes que viene a Jap\u00f3n, har\u00edais bien en pensar en hacer una parada en este lugar donde vuestra tarea ser\u00e1 la de convertiros en Slowpoke, as\u00ed tal cual como lo le\u00e9is. Para ello deber\u00e9is de <strong>imitar su caracter\u00edstico grito<\/strong> y, en el caso de que les convenza lo suficiente a los dependientes, os entregar\u00e1n a cambio un c\u00f3digo que contendr\u00e1 a este Pok\u00e9mon para incluirlo en vuestro equipo.<\/p>\n<p>Como apunte, la promoci\u00f3n permanecer\u00e1 disponible desde el d\u00eda de apertura <strong>hasta el 11 de noviembre<\/strong>. Eso s\u00ed, no se ha indicado si este Slowpoke ser\u00e1 m\u00e1s especial o contar\u00e1 con alg\u00fan ataque exclusivo o tal vez alguna nota que indique d\u00f3nde se ha capturado, pero al menos a vosotros os quedar\u00e1 el recuerdo de haberos hecho con \u00e9l por medio de un reto de lo m\u00e1s surrealista y divertido.<\/p>\n<p>Aun as\u00ed, no ser\u00e1 imposible hacerse con Slowpoke de otra manera, ya que ser\u00e1 uno de los Pok\u00e9mon que aparecer\u00e1 por alg\u00fan lado, pero al menos lo podr\u00e9is sumar a vuestro equipo desde el primer momento. Recordamos que <strong>Leyendas Pok\u00e9mon: Z-A<\/strong> saldr\u00e1 a la venta en Nintendo Switch y en Nintendo Switch 2 el pr\u00f3ximo 16 de octubre.<\/p>\n<p>En VidaExtra |\u00a0<a class=\"text-outboundlink\" href=\"https:\/\/www.vidaextra.com\/listas\/todos-videojuegos-pokemon-saga-principal-a-spin-offs-aplicaciones\" data-vars-post-title=\"Todos los videojuegos de Pok\u00e9mon: de la saga principal a los spin-offs y aplicaciones\" data-vars-post-url=\"https:\/\/www.vidaextra.com\/listas\/todos-videojuegos-pokemon-saga-principal-a-spin-offs-aplicaciones\" rel=\"nofollow noopener\" target=\"_blank\">Todos los videojuegos de Pok\u00e9mon: de la saga principal a los spin-offs y aplicaciones<\/a><\/p>\n<p>En VidaExtra |\u00a0<a class=\"text-outboundlink\" href=\"https:\/\/www.vidaextra.com\/rpg\/todos-juegos-serie-principal-pokemon-ordenados-peor-a-mejor\" data-vars-post-title=\"Todos los juegos de la serie principal de Pok\u00e9mon ordenados de peor a mejor \" data-vars-post-url=\"https:\/\/www.vidaextra.com\/rpg\/todos-juegos-serie-principal-pokemon-ordenados-peor-a-mejor\" rel=\"nofollow noopener\" target=\"_blank\">Todos los juegos de la serie principal de Pok\u00e9mon ordenados de peor a mejor<\/a><\/p>\n","protected":false},"excerpt":{"rendered":"Queda menos de un mes para que se produzca uno de los lanzamientos m\u00e1s importantes de Nintendo para&hellip;\n","protected":false},"author":2,"featured_media":130299,"comment_status":"","ping_status":"","sticky":false,"template":"","format":"standard","meta":{"footnotes":""},"categories":[81],"tags":[119,123,124,25,24,117,121,122,23,118,120],"class_list":{"0":"post-130298","1":"post","2":"type-post","3":"status-publish","4":"format-standard","5":"has-post-thumbnail","7":"category-ciencia-y-tecnologia","8":"tag-ciencia","9":"tag-ciencia-y-tecnologia","10":"tag-cienciaytecnologia","11":"tag-es","12":"tag-espana","13":"tag-science","14":"tag-science-and-technology","15":"tag-scienceandtechnology","16":"tag-spain","17":"tag-technology","18":"tag-tecnologia"},"share_on_mastodon":{"url":"","error":""},"_links":{"self":[{"href":"https:\/\/www.europesays.com\/es\/wp-json\/wp\/v2\/posts\/130298","targetHints":{"allow":["GET"]}}],"collection":[{"href":"https:\/\/www.europesays.com\/es\/wp-json\/wp\/v2\/posts"}],"about":[{"href":"https:\/\/www.europesays.com\/es\/wp-json\/wp\/v2\/types\/post"}],"author":[{"embeddable":true,"href":"https:\/\/www.europesays.com\/es\/wp-json\/wp\/v2\/users\/2"}],"replies":[{"embeddable":true,"href":"https:\/\/www.europesays.com\/es\/wp-json\/wp\/v2\/comments?post=130298"}],"version-history":[{"count":0,"href":"https:\/\/www.europesays.com\/es\/wp-json\/wp\/v2\/posts\/130298\/revisions"}],"wp:featuredmedia":[{"embeddable":true,"href":"https:\/\/www.europesays.com\/es\/wp-json\/wp\/v2\/media\/130299"}],"wp:attachment":[{"href":"https:\/\/www.europesays.com\/es\/wp-json\/wp\/v2\/media?parent=130298"}],"wp:term":[{"taxonomy":"category","embeddable":true,"href":"https:\/\/www.europesays.com\/es\/wp-json\/wp\/v2\/categories?post=130298"},{"taxonomy":"post_tag","embeddable":true,"href":"https:\/\/www.europesays.com\/es\/wp-json\/wp\/v2\/tags?post=130298"}],"curies":[{"name":"wp","href":"https:\/\/api.w.org\/{rel}","templated":true}]}}