{"id":130304,"date":"2025-09-21T20:26:18","date_gmt":"2025-09-21T20:26:18","guid":{"rendered":"https:\/\/www.europesays.com\/es\/130304\/"},"modified":"2025-09-21T20:26:18","modified_gmt":"2025-09-21T20:26:18","slug":"el-ayuntamiento-de-caceres-sufragara-los-gastos-del-funeral-del-joven-muerto-tras-una-reyerta","status":"publish","type":"post","link":"https:\/\/www.europesays.com\/es\/130304\/","title":{"rendered":"El Ayuntamiento de C\u00e1ceres sufragar\u00e1 los gastos del funeral del joven muerto tras una reyerta"},"content":{"rendered":"<p class=\"v-mdl-ath__p v-mdl-ath__p--6\">\nDomingo, 21 de septiembre 2025, 14:43<\/p>\n<p>| Actualizado 20:35h.<\/p>\n<p class=\"v-p\">Un joven de 25 a\u00f1os ha fallecido este domingo tras <strong>una reyerta<\/strong> entre dos grupos de personas en el centro de <strong>C\u00e1ceres <\/strong>sobre las 8,30 de la ma\u00f1ana. As\u00ed lo confirm\u00f3 a HOY la hermana de la v\u00edctima, un joven nicarag\u00fcense llamado Yonatan Eduardo Espinoza Castellano. Llevaba tres residiendo en la capital cacere\u00f1a. <\/p>\n<p class=\"v-p\">La Polic\u00eda Nacional ha confirmado a este peri\u00f3dico que el episodio ha tenido lugar en la avenida <strong>Virgen de Guadalupe<\/strong>, frente al Hotel Alc\u00e1ntara. La pelea ha involucrado a varios j\u00f3venes de entre veinte y treinta a\u00f1os. Fuentes policiales tambi\u00e9n a\u00f1adido que se encuentra en estado de muerte cerebral. <\/p>\n<p class=\"v-p\">Hasta cinco personas, con edades comprendidas entre los 21 y 29 a\u00f1os, han sido detenidas por estos hechos y fueron trasladadas a la Comisar\u00eda, detalla el Cuerpo Nacional. <\/p>\n<p>\n\u00abTrataban de reanimar al joven\u00bb\n<\/p>\n<p class=\"v-p\">Una trabajadora de la zona cuenta a HOY que varios de los amigos del agredido han entrado a comprar a una tienda de 24 horas que se encuentra justo al lado del hotel poco despu\u00e9s de los hechos y que, cuando se ha asomado a la calle, ha visto a los sanitarios tratando de \u00abreanimar\u00bb a la v\u00edctima. <\/p>\n<p class=\"v-p\">La familia ha publicado un mensaje que se est\u00e1 difundiendo en grupos de inmigrantes en el que piden ayuda econ\u00f3mica para llevar a cabo las exequias. <\/p>\n<p class=\"v-p\">Horas despu\u00e9s, la delegaci\u00f3n de personas Migrantes y Refugiadas de la di\u00f3cesis de Coria-C\u00e1ceres ha expresado su condolencias a la familia de Jonathan. \u00abNos ponemos a su disposici\u00f3n\u00bb, afirma. Igualmente, ha agradecido que el Ayuntamiento de C\u00e1ceres se haga cargo de los gastos del sepelio, \u00abpor lo que pedimos que no se haga petici\u00f3n de dinero para el entierro\u00bb. <\/p>\n<p class=\"v-p\">Cabe recordar que el pasado 23 de mayo un joven de 18 a\u00f1os falleci\u00f3 en una pelea con arma blanca que tuvo lugar en las inmediaciones del parque del Per\u00fa de <strong>C\u00e1ceres<\/strong>. <\/p>\n<p class=\"v-p\">Tal y como confirm\u00f3 la Polic\u00eda Nacional, los hechos se produjeron cuando dos j\u00f3venes se enzarzaron en una discusi\u00f3n y ambos utilizaron objetos punzantes. Uno de los dos implicados era menor de edad. <\/p>\n<p class=\"v-p\">El suceso tuvo lugar sobre las 20.00 horas, en las inmediaciones del supermercado Provecaex, en el exterior. Concretamente, los hechos se localizaron en la intersecci\u00f3n de Dionisio Acedo y Garc\u00eda Plata de Osma. El joven fallecido fue atendido en el lugar de los hechos, pero los servicios sanitarios desplazados hasta este lugar no pudieron hacer nada por salvar su vida. Le estuvieron intentando reanimar durante unos 45 minutos, pero no fue posible.<\/p>\n<p class=\"v-p\">Una disputa entre los dos j\u00f3venes, que se conoc\u00edan, con una chica de por medio, pudo ser el origen del incidente, seg\u00fan fuentes consultadas por este peri\u00f3dico.<\/p>\n<p>Comenta<\/p>\n<p>Reporta un error<\/p>\n","protected":false},"excerpt":{"rendered":"Domingo, 21 de septiembre 2025, 14:43 | Actualizado 20:35h. Un joven de 25 a\u00f1os ha fallecido este domingo&hellip;\n","protected":false},"author":2,"featured_media":130305,"comment_status":"","ping_status":"","sticky":false,"template":"","format":"standard","meta":{"footnotes":""},"categories":[8],"tags":[988,17,18,3975,245,2474,3569,25,24,693,13,14,11,1928,19,20,9,10,15,16,21842,23,12,575,21,22],"class_list":{"0":"post-130304","1":"post","2":"type-post","3":"status-publish","4":"format-standard","5":"has-post-thumbnail","7":"category-espana","8":"tag-anos","9":"tag-breaking-news","10":"tag-breakingnews","11":"tag-caceres","12":"tag-centro","13":"tag-critico","14":"tag-encuentra","15":"tag-es","16":"tag-espana","17":"tag-estado","18":"tag-featured-news","19":"tag-featurednews","20":"tag-headlines","21":"tag-joven","22":"tag-latest-news","23":"tag-latestnews","24":"tag-news","25":"tag-noticias","26":"tag-noticias-destacadas","27":"tag-noticiasdestacadas","28":"tag-reyerta","29":"tag-spain","30":"tag-titulares","31":"tag-tras","32":"tag-ultimas-noticias","33":"tag-ultimasnoticias"},"share_on_mastodon":{"url":"","error":""},"_links":{"self":[{"href":"https:\/\/www.europesays.com\/es\/wp-json\/wp\/v2\/posts\/130304","targetHints":{"allow":["GET"]}}],"collection":[{"href":"https:\/\/www.europesays.com\/es\/wp-json\/wp\/v2\/posts"}],"about":[{"href":"https:\/\/www.europesays.com\/es\/wp-json\/wp\/v2\/types\/post"}],"author":[{"embeddable":true,"href":"https:\/\/www.europesays.com\/es\/wp-json\/wp\/v2\/users\/2"}],"replies":[{"embeddable":true,"href":"https:\/\/www.europesays.com\/es\/wp-json\/wp\/v2\/comments?post=130304"}],"version-history":[{"count":0,"href":"https:\/\/www.europesays.com\/es\/wp-json\/wp\/v2\/posts\/130304\/revisions"}],"wp:featuredmedia":[{"embeddable":true,"href":"https:\/\/www.europesays.com\/es\/wp-json\/wp\/v2\/media\/130305"}],"wp:attachment":[{"href":"https:\/\/www.europesays.com\/es\/wp-json\/wp\/v2\/media?parent=130304"}],"wp:term":[{"taxonomy":"category","embeddable":true,"href":"https:\/\/www.europesays.com\/es\/wp-json\/wp\/v2\/categories?post=130304"},{"taxonomy":"post_tag","embeddable":true,"href":"https:\/\/www.europesays.com\/es\/wp-json\/wp\/v2\/tags?post=130304"}],"curies":[{"name":"wp","href":"https:\/\/api.w.org\/{rel}","templated":true}]}}