{"id":130314,"date":"2025-09-21T20:32:19","date_gmt":"2025-09-21T20:32:19","guid":{"rendered":"https:\/\/www.europesays.com\/es\/130314\/"},"modified":"2025-09-21T20:32:19","modified_gmt":"2025-09-21T20:32:19","slug":"carlos-alcaraz-sigue-fiel-a-su-marca-de-coche","status":"publish","type":"post","link":"https:\/\/www.europesays.com\/es\/130314\/","title":{"rendered":"Carlos Alcaraz sigue fiel a su marca de coche"},"content":{"rendered":"<p>                    <img loading=\"lazy\" decoding=\"async\" src=\"https:\/\/www.mundodeportivo.com\/files\/image_449_465\/files\/fp\/uploads\/2025\/09\/19\/68cd17ad21742.r_d.1842-1201-1283.jpeg\" data-full-src=\"https:\/\/www.europesays.com\/es\/wp-content\/uploads\/2025\/09\/68cd17ad21742.jpeg\" class=\"nolazy\" width=\"449\" height=\"465\"\/><\/p>\n<p>El tenista ampl\u00eda su compromiso con BMW, a quien valora el apoyo \u00abantes de ganar mi primer Grand Slam. Estoy encantado de seguir en la familia BMW\u00bb\n<\/p>\n<p>                        <img loading=\"lazy\" decoding=\"async\" class=\"swiper-lazy\" alt=\"BMW sigue siendo el coche del mejor tenista del momento, Carlos Alcaraz\" data-full-src=\"https:\/\/www.mundodeportivo.com\/uploads\/2025\/09\/19\/68cd177a229d9.jpeg\" src=\"https:\/\/www.europesays.com\/es\/wp-content\/uploads\/2025\/09\/68cd177a229d9.jpeg\" width=\"837\" height=\"558\"\/><\/p>\n<p>                        BMW sigue siendo el coche del mejor tenista del momento, Carlos Alcaraz\n<\/p>\n<p>                        <img loading=\"lazy\" decoding=\"async\" class=\"swiper-lazy\" alt=\"BMW sigue siendo el coche del mejor tenista del momento, Carlos Alcaraz\" data-full-src=\"https:\/\/www.mundodeportivo.com\/uploads\/2025\/09\/19\/68cd177ca5a42.jpeg\" src=\"https:\/\/www.europesays.com\/es\/wp-content\/uploads\/2025\/09\/68cd177ca5a42.jpeg\" width=\"837\" height=\"558\"\/><\/p>\n<p>                        BMW sigue siendo el coche del mejor tenista del momento, Carlos Alcaraz\n<\/p>\n<p>                        <img loading=\"lazy\" decoding=\"async\" class=\"swiper-lazy\" alt=\"BMW sigue siendo el coche del mejor tenista del momento, Carlos Alcaraz\" data-full-src=\"https:\/\/www.mundodeportivo.com\/uploads\/2025\/09\/19\/68cd177ef0732.jpeg\" src=\"https:\/\/www.europesays.com\/es\/wp-content\/uploads\/2025\/09\/68cd177ef0732.jpeg\" width=\"837\" height=\"558\"\/><\/p>\n<p>                        BMW sigue siendo el coche del mejor tenista del momento, Carlos Alcaraz\n<\/p>\n<p>                        <img loading=\"lazy\" decoding=\"async\" class=\"swiper-lazy\" alt=\"BMW sigue siendo el coche del mejor tenista del momento, Carlos Alcaraz\" data-full-src=\"https:\/\/www.mundodeportivo.com\/uploads\/2025\/09\/19\/68cd1780c5078.jpeg\" src=\"https:\/\/www.europesays.com\/es\/wp-content\/uploads\/2025\/09\/68cd1780c5078.jpeg\" width=\"837\" height=\"558\"\/><\/p>\n<p>                        BMW sigue siendo el coche del mejor tenista del momento, Carlos Alcaraz\n<\/p>\n<p>                        <img loading=\"lazy\" decoding=\"async\" class=\"swiper-lazy\" alt=\"BMW sigue siendo el coche del mejor tenista del momento, Carlos Alcaraz\" data-full-src=\"https:\/\/www.mundodeportivo.com\/uploads\/2025\/09\/19\/68cd17827168c.jpeg\" src=\"https:\/\/www.europesays.com\/es\/wp-content\/uploads\/2025\/09\/68cd17827168c.jpeg\" width=\"819\" height=\"558\"\/><\/p>\n<p>                        BMW sigue siendo el coche del mejor tenista del momento, Carlos Alcaraz\n<\/p>\n<p>                        <img loading=\"lazy\" decoding=\"async\" class=\"swiper-lazy\" alt=\"BMW sigue siendo el coche del mejor tenista del momento, Carlos Alcaraz\" data-full-src=\"https:\/\/www.mundodeportivo.com\/uploads\/2025\/09\/19\/68cd178424d88.jpeg\" src=\"https:\/\/www.europesays.com\/es\/wp-content\/uploads\/2025\/09\/68cd178424d88.jpeg\" width=\"818\" height=\"558\"\/><\/p>\n<p>                        BMW sigue siendo el coche del mejor tenista del momento, Carlos Alcaraz\n<\/p>\n<p data-gtm-element-container=\"modulo-texto-link\" class=\"paragraph\"><strong>Carlos Alcaraz <\/strong>sigue fiel a la marca de coches con la que comenz\u00f3 en 2022. El tenista murciano, reciente campe\u00f3n del US Open, ha ampliado su compromiso con <strong>BMW<\/strong> y asegura que \u00abestoy encantado de seguir formando parte de la familia BMW.\u00a0Estoy agradecido a BMW por el apoyo que recib\u00ed incluso antes de ganar mi primer Grand Slam y espero que podamos disfrutar de muchos m\u00e1s \u00e9xitos juntos\u00bb.<\/p>\n<p>    Lee tambi\u00e9n<\/p>\n<p data-gtm-element-container=\"modulo-texto-link\" class=\"paragraph\">El seis veces campe\u00f3n de un torneo de Grand Slam comenz\u00f3 su vinculo con la firma alemana de veh\u00edculos cuando ten\u00eda 19 a\u00f1os.\u00a0 \u201cEl tenis desempe\u00f1a un papel fundamental en nuestra cartera de patrocinios\u201d, afirma <strong>Uwe Dreher<\/strong>, vicepresidente de marketing de BMW Europa. \u201cEstamos encantados de continuar nuestro viaje con <strong>Carlos Alcaraz<\/strong>. Su pasi\u00f3n por el deporte y su b\u00fasqueda de la excelencia est\u00e1n en consonancia con los valores de nuestra marca. Juntos crearemos momentos inolvidables que celebrar\u00e1n el deporte del tenis y reforzar\u00e1n el v\u00ednculo con nuestros clientes\u201d.<\/p>\n<p>\n        Mostrar comentarios\n    <\/p>\n<p>{\u00aballowComment\u00bb:\u00bballowed\u00bb,\u00bbarticleId\u00bb:\u00bbarticle-1002534878&#8243;,\u00bburl\u00bb:\u00bbhttps:\\\/\\\/www.mundodeportivo.com\\\/ocio\\\/coches\\\/20250919\\\/1002534878\\\/carlos-alcaraz-sigue-fiel-marca-coche.html\u00bb,\u00bblivefyre-url\u00bb:\u00bbarticle-1002534878&#8243;}<\/p>\n<p>Cargando siguiente contenido&#8230;\n                <\/p>\n","protected":false},"excerpt":{"rendered":"El tenista ampl\u00eda su compromiso con BMW, a quien valora el apoyo \u00abantes de ganar mi primer Grand&hellip;\n","protected":false},"author":2,"featured_media":130315,"comment_status":"","ping_status":"","sticky":false,"template":"","format":"standard","meta":{"footnotes":""},"categories":[274],"tags":[168,25,24,23,167,327,326],"class_list":{"0":"post-130314","1":"post","2":"type-post","3":"status-publish","4":"format-standard","5":"has-post-thumbnail","7":"category-tenis","8":"tag-deportes","9":"tag-es","10":"tag-espana","11":"tag-spain","12":"tag-sports","13":"tag-tenis","14":"tag-tennis"},"share_on_mastodon":{"url":"","error":""},"_links":{"self":[{"href":"https:\/\/www.europesays.com\/es\/wp-json\/wp\/v2\/posts\/130314","targetHints":{"allow":["GET"]}}],"collection":[{"href":"https:\/\/www.europesays.com\/es\/wp-json\/wp\/v2\/posts"}],"about":[{"href":"https:\/\/www.europesays.com\/es\/wp-json\/wp\/v2\/types\/post"}],"author":[{"embeddable":true,"href":"https:\/\/www.europesays.com\/es\/wp-json\/wp\/v2\/users\/2"}],"replies":[{"embeddable":true,"href":"https:\/\/www.europesays.com\/es\/wp-json\/wp\/v2\/comments?post=130314"}],"version-history":[{"count":0,"href":"https:\/\/www.europesays.com\/es\/wp-json\/wp\/v2\/posts\/130314\/revisions"}],"wp:featuredmedia":[{"embeddable":true,"href":"https:\/\/www.europesays.com\/es\/wp-json\/wp\/v2\/media\/130315"}],"wp:attachment":[{"href":"https:\/\/www.europesays.com\/es\/wp-json\/wp\/v2\/media?parent=130314"}],"wp:term":[{"taxonomy":"category","embeddable":true,"href":"https:\/\/www.europesays.com\/es\/wp-json\/wp\/v2\/categories?post=130314"},{"taxonomy":"post_tag","embeddable":true,"href":"https:\/\/www.europesays.com\/es\/wp-json\/wp\/v2\/tags?post=130314"}],"curies":[{"name":"wp","href":"https:\/\/api.w.org\/{rel}","templated":true}]}}