{"id":130316,"date":"2025-09-21T20:33:08","date_gmt":"2025-09-21T20:33:08","guid":{"rendered":"https:\/\/www.europesays.com\/es\/130316\/"},"modified":"2025-09-21T20:33:08","modified_gmt":"2025-09-21T20:33:08","slug":"ivan-cobo-roza-la-gloria-en-el-giro-della-romagna","status":"publish","type":"post","link":"https:\/\/www.europesays.com\/es\/130316\/","title":{"rendered":"Iv\u00e1n Cobo roza la gloria en el Giro della Romagna"},"content":{"rendered":"<p>Al palo otra vez. El ciclista c\u00e1ntaro Iv\u00e1n Cobo (Kerm Pharma) acab\u00f3 segundo, por detr\u00e1s del italiano del Astana, Christian Scaroni, en una nueva edici\u00f3n  &#8230; del Giro della Romagna, una de las cl\u00e1sicas transalpinas de final de temporada que suele cerrar el calendario en el norte de Italia. El astillerense no pudo dar alcance a Scaroni, que firm\u00f3 una carrera casi perfecta, pese a que en los \u00faltimos kil\u00f3metros salt\u00f3 del grupo perseguidor y protagoniz\u00f3 una contrarreloj en busca del corredor local. 51 segundos le separaron de la victoria en la concurrida meta de Faenza.<\/p>\n<p class=\"v-p\">Cobo logr\u00f3 superar la selecci\u00f3n natural que se produjo durante los 197 kil\u00f3metros, con m\u00e1s de 2.500 metros de desnivel acumulado, que el recorrido de la prueba italiana plante\u00f3 para esta edici\u00f3n. La mayor dureza estaba concentrada en los \u00faltimos 20 kil\u00f3metros.<\/p>\n<p class=\"v-p\">Faltando dos vueltas a un escarpado circuito, Scaroni lanz\u00f3 un ataque demoledor que nadie pudo seguir. Se form\u00f3 un grupo perseguidor de catorce unidades, en el que viaja el Cobo, junto a varios compa\u00f1eros de equipo, entre los que se encontraba el h\u00e1bil escalador Unai Iribar as\u00ed como el siempre combativo ciclista del Burgos BH, Ander Okamika. El italiano ech\u00f3 un pulso a sus rivales y mantuvo una diferencia cercana a los treinta segundos durante varios kil\u00f3metros. Por detr\u00e1s hab\u00eda entendimiento para reducir la ventaja, pero no tanto como para poder superar a un Scaroni, que viajaba con el apoyo especial del p\u00fablico. <\/p>\n<p class=\"v-p\">A falta de ocho kil\u00f3metros, el ciclista c\u00e1ntabro aprovech\u00f3 un repecho duro y exigente que ten\u00eda el circuito y que iba a ser el juez que dictase sentencia. Cobo se march\u00f3 en solitario en busca de Sacaroni, pero no pudo contactar con \u00e9l y termin\u00f3 entrando de puente entre el ganador de la prueba y sus antiguos compa\u00f1eros de fuga. A un minuto y 33 segundos entr\u00f3 el grupo, con el tambi\u00e9n italiano Ximone Velasco (Astana) dando tiempo al resto. Iribar, compa\u00f1ero de Cobo, fue sexto, y el vasco, Okamika, noveno, completando el Top 10 el tambi\u00e9n espa\u00f1ol, Fernando Tercero (Polti). Cobo, con este resultado, confirma su progresi\u00f3n esta temporada, despu\u00e9s de un gran comienzo de a\u00f1o en el que brill\u00f3 en La Vuelta a Valencia y en la Itzulia, all\u00e1 por el mes de abril. Poco antes se clasific\u00f3 cuarto de la general en la dura ronda gallega de Ocami\u00f1o. Super\u00f3 con nota el \u00fanico percance de este a\u00f1o, la rotura de clav\u00edcula en primavera, y de nuevo volvi\u00f3 a ocupar los primeros puestos en varias competiciones. Tanto Cobo como sus compa\u00f1eros sufrieron el contratiempo de no ser elegidos como invitados a la Vuelta a Espa\u00f1a, despu\u00e9s de la gran actuaci\u00f3n que tuvo el equipo navarro en la edici\u00f3n de 2024, cuando sumaron tres victorias de etapa. <\/p>\n<p class=\"v-p\">Cobo apura el curso en tierras italianas, donde tambi\u00e9n compiti\u00f3 el pasado s\u00e1bado en otras de las cl\u00e1sicas del norte, la Milano-Campallo, donde el c\u00e1ntabro fue decimoquinto a 15 segundos del ganador de la prueba, Alessandro Fancellu (JTC). El mi\u00e9rcoles regresa a Espa\u00f1a y antes de colgar la bicicleta hasta la temporada siguiente viajar\u00e1 al Tour de Lankawi (Malasia). <\/p>\n<p class=\"v-p\">El ciclista c\u00e1ntabro a\u00fan tiene un a\u00f1o m\u00e1s de contrato con el conjunto navarro. Durante esta temporada ha dado muestras de su calidad, esa que no pudo demostrar en a\u00f1os anteriores debido al infortunio en forma de lesiones o ca\u00eddas. <\/p>\n","protected":false},"excerpt":{"rendered":"Al palo otra vez. El ciclista c\u00e1ntaro Iv\u00e1n Cobo (Kerm Pharma) acab\u00f3 segundo, por detr\u00e1s del italiano del&hellip;\n","protected":false},"author":2,"featured_media":130317,"comment_status":"","ping_status":"","sticky":false,"template":"","format":"standard","meta":{"footnotes":""},"categories":[273],"tags":[313,13763,312,17028,168,25,24,7957,3086,4358,9136,16861,23,167],"class_list":{"0":"post-130316","1":"post","2":"type-post","3":"status-publish","4":"format-standard","5":"has-post-thumbnail","7":"category-ciclismo","8":"tag-ciclismo","9":"tag-cobo","10":"tag-cycling","11":"tag-della","12":"tag-deportes","13":"tag-es","14":"tag-espana","15":"tag-giro","16":"tag-gloria","17":"tag-ivan","18":"tag-romagna","19":"tag-roza","20":"tag-spain","21":"tag-sports"},"share_on_mastodon":{"url":"","error":""},"_links":{"self":[{"href":"https:\/\/www.europesays.com\/es\/wp-json\/wp\/v2\/posts\/130316","targetHints":{"allow":["GET"]}}],"collection":[{"href":"https:\/\/www.europesays.com\/es\/wp-json\/wp\/v2\/posts"}],"about":[{"href":"https:\/\/www.europesays.com\/es\/wp-json\/wp\/v2\/types\/post"}],"author":[{"embeddable":true,"href":"https:\/\/www.europesays.com\/es\/wp-json\/wp\/v2\/users\/2"}],"replies":[{"embeddable":true,"href":"https:\/\/www.europesays.com\/es\/wp-json\/wp\/v2\/comments?post=130316"}],"version-history":[{"count":0,"href":"https:\/\/www.europesays.com\/es\/wp-json\/wp\/v2\/posts\/130316\/revisions"}],"wp:featuredmedia":[{"embeddable":true,"href":"https:\/\/www.europesays.com\/es\/wp-json\/wp\/v2\/media\/130317"}],"wp:attachment":[{"href":"https:\/\/www.europesays.com\/es\/wp-json\/wp\/v2\/media?parent=130316"}],"wp:term":[{"taxonomy":"category","embeddable":true,"href":"https:\/\/www.europesays.com\/es\/wp-json\/wp\/v2\/categories?post=130316"},{"taxonomy":"post_tag","embeddable":true,"href":"https:\/\/www.europesays.com\/es\/wp-json\/wp\/v2\/tags?post=130316"}],"curies":[{"name":"wp","href":"https:\/\/api.w.org\/{rel}","templated":true}]}}