{"id":130328,"date":"2025-09-21T20:41:09","date_gmt":"2025-09-21T20:41:09","guid":{"rendered":"https:\/\/www.europesays.com\/es\/130328\/"},"modified":"2025-09-21T20:41:09","modified_gmt":"2025-09-21T20:41:09","slug":"afra-blanco-levanta-ampollas-en-la-sexta-con-su-discurso-contra-los-fachavales-os-sentis-muy-amenazados","status":"publish","type":"post","link":"https:\/\/www.europesays.com\/es\/130328\/","title":{"rendered":"Afra Blanco levanta ampollas en La Sexta con su discurso contra los \u00abfachavales\u00bb: \u00abOs sent\u00eds muy amenazados\u00bb"},"content":{"rendered":"\n<p> <a href=\"https:\/\/www.elconfidencial.com\/television\/programas-tv\/2025-09-14\/la-sexta-xplica-jose-yelamo-gonzalo-bernardos-frena_4208562\/\" target=\"_self\" rel=\"nofollow noopener\">La Sexta Xplica<\/a> puso el foco este s\u00e1bado, 20 de septiembre, en el auge de los partidos de ultraderecha entre la poblaci\u00f3n joven y la propagaci\u00f3n de su discurso en redes sociales. <strong>\u00abHablamos de una tendencia preocupante,<\/strong> de j\u00f3venes que no ven con malos ojos una dictadura o planteamientos machistas\u00bb, expuso su presentador, Jos\u00e9 Y\u00e9lamo, antes de arrancar con el debate. <\/p>\n<p> Entre los asistentes en plat\u00f3 se encontraba Anxo Cousillas, un inversor inmobiliario de 23 a\u00f1os que reconoc\u00eda detectar estos patrones <strong>\u00abtanto en la extrema derecha como en la extrema izquierda\u00bb.<\/strong> \u00abCada vez hay un grado m\u00e1s de radicalizaci\u00f3n y creo que vienen de enfrentamientos que los pol\u00edticos utilizan para sacar negocio de ello\u00bb, critic\u00f3 el invitado, se\u00f1al\u00e1ndoles como los responsables de \u00abdividir a la sociedad\u00bb con fines pol\u00edticos. <\/p>\n<p> Por su parte, la presidenta de Adolescencia libre de m\u00f3viles, Mar\u00eda Gij\u00f3n, se\u00f1al\u00f3 los peligros de las redes sociales y \u00abla polarizaci\u00f3n de los mensajes m\u00e1s radicales\u00bb que llegar\u00eda a los j\u00f3venes desde sus smartphones. \u00abUn 70% de ni\u00f1os y ni\u00f1as tienen actualmente acceso a redes sociales para informarse de temas pol\u00edticos, <strong>la radicalizaci\u00f3n cada vez est\u00e1 siendo m\u00e1s temprana\u00bb,<\/strong> alert\u00f3 la representante. <\/p>\n<p> Una de las xplicadoras que quiso aportar su punto de vista fue <a href=\"https:\/\/www.elconfidencial.com\/television\/programas-tv\/2025-09-14\/la-sexta-xplica-afra-blanco-rentistas-impago-sindicalista_4208534\/\" target=\"_self\" rel=\"nofollow noopener\">Afra Blanco<\/a>, que no dud\u00f3 en disparar contra la ideolog\u00eda de los &#8216;fachavales&#8217;. <strong>\u00abSi tanto les gusta a algunos la extrema derecha, pues que se vayan con la extrema derecha<\/strong> y con los derechos conquistados por ellos. Spoiler, cero, ninguno\u00bb, comenz\u00f3 a exponer en el formato de an\u00e1lisis de <a href=\"https:\/\/www.elconfidencial.com\/television\/programas-tv\/2025-09-21\/juan-del-val-boicot-israel-brava-madrid-debate_4213269\/\" target=\"_self\" rel=\"nofollow noopener\">La Sexta<\/a>. <\/p>\n<blockquote class=\"twitter-tweet\">\n<p lang=\"es\" dir=\"ltr\">Afra Blanco: \u00abSi tanto les gusta a algunos la extrema derecha, que se vayan con la extrema derecha y con los derechos conquistados por la extrema derecha. Spoiler: cero\u00bb<a href=\"https:\/\/twitter.com\/hashtag\/XplicaFascismo?src=hash&amp;ref_src=twsrc%5Etfw\" rel=\"nofollow noopener\" target=\"_blank\">#XplicaFascismo<\/a> <a href=\"https:\/\/t.co\/vT5KhJt50l\" rel=\"nofollow\">pic.twitter.com\/vT5KhJt50l<\/a><\/p>\n<p>\u2014 laSexta Xplica (@laSextaXplica) <a href=\"https:\/\/twitter.com\/laSextaXplica\/status\/1969535556888543506?ref_src=twsrc%5Etfw\" rel=\"nofollow noopener\" target=\"_blank\">September 20, 2025<\/a><\/p><\/blockquote>\n<p> <strong>\u00abAlguien me tendr\u00e1 que explicar lo que es la extrema izquierda.<\/strong> Porque igual la extrema izquierda es que aquellas empleadas del hogar que tienen en casa a las que llaman precisamente criadas, les reclamen el pago de las horas extras. Si eso es ser de extrema izquierda, yo lo soy\u00bb, agreg\u00f3 la sindicalista, visiblemente indignada. <\/p>\n<p>              <img decoding=\"async\" class=\"inTextNews__img\" alt=\"Foto: la-sexta-xplica-afra-blanco-rentistas-impago-sindicalista\" src=\"https:\/\/www.europesays.com\/es\/wp-content\/uploads\/2025\/09\/f.elconfidencial.com\/original\/5f3\/69a\/7b2\/5f369a7b29476657f9caa7fde1ab3b47.jpg\"  \/>     <\/p>\n<p>TE PUEDE INTERESAR<\/p>\n<p>      <a class=\"inTextNews__title\" href=\"https:\/\/www.elconfidencial.com\/television\/programas-tv\/2025-09-14\/la-sexta-xplica-afra-blanco-rentistas-impago-sindicalista_4208534\/\" onclick=\"window.ECCO.emit(&#039;amplitude&#039;, { dataEventName: &#039;click_related_article_module&#039;, data: { related_article_url: &#039;https:\/\/www.elconfidencial.com\/television\/programas-tv\/2025-09-14\/la-sexta-xplica-afra-blanco-rentistas-impago-sindicalista_4208534\/&#039;, related_article_author: &#039;Daniel Robles&#039;, related_article_section: &#039;programas-tv&#039; } })\" rel=\"nofollow noopener\" target=\"_blank\"> Afra Blanco, sindicalista (La Sexta): \u00abLos rentistas hab\u00e9is generado el impago. Eso no es invertir, es especular\u00bb <\/a>   <\/p>\n<p>    Daniel Robles   <\/p>\n<p> \u00abLo cierto es que nos mienten y nos enga\u00f1an porque nos pretenden robar nuestra libertad. A m\u00ed me gustar\u00eda preguntarles a esos hombres que se definen como fachas, \u00bfpor qu\u00e9 os sent\u00eds tan amenazados?\u00bb, lanz\u00f3 Afra Blanco. <strong>\u00abEst\u00e1is muy frustrados. <\/strong>Os sent\u00eds muy amenazados por las pensionistas, por el colectivo, por los migrantes, por las mujeres y el feminismo\u00bb, sentenci\u00f3 el rostro habitual de La Sexta antes de que continuase el debate. <\/p>\n<p> <a href=\"https:\/\/www.elconfidencial.com\/television\/programas-tv\/2025-09-14\/la-sexta-xplica-jose-yelamo-gonzalo-bernardos-frena_4208562\/\" target=\"_self\" rel=\"nofollow noopener\">La Sexta Xplica<\/a> puso el foco este s\u00e1bado, 20 de septiembre, en el auge de los partidos de ultraderecha entre la poblaci\u00f3n joven y la propagaci\u00f3n de su discurso en redes sociales. <strong>\u00abHablamos de una tendencia preocupante,<\/strong> de j\u00f3venes que no ven con malos ojos una dictadura o planteamientos machistas\u00bb, expuso su presentador, Jos\u00e9 Y\u00e9lamo, antes de arrancar con el debate. <\/p>\n<p>              <script async src=\"https:\/\/platform.twitter.com\/widgets.js\" charset=\"utf-8\"><\/script><\/p>\n","protected":false},"excerpt":{"rendered":"La Sexta Xplica puso el foco este s\u00e1bado, 20 de septiembre, en el auge de los partidos de&hellip;\n","protected":false},"author":2,"featured_media":130329,"comment_status":"","ping_status":"","sticky":false,"template":"","format":"standard","meta":{"footnotes":""},"categories":[171],"tags":[146,147,25,24,23,214],"class_list":{"0":"post-130328","1":"post","2":"type-post","3":"status-publish","4":"format-standard","5":"has-post-thumbnail","7":"category-tv","8":"tag-entertainment","9":"tag-entretenimiento","10":"tag-es","11":"tag-espana","12":"tag-spain","13":"tag-tv"},"share_on_mastodon":{"url":"","error":""},"_links":{"self":[{"href":"https:\/\/www.europesays.com\/es\/wp-json\/wp\/v2\/posts\/130328","targetHints":{"allow":["GET"]}}],"collection":[{"href":"https:\/\/www.europesays.com\/es\/wp-json\/wp\/v2\/posts"}],"about":[{"href":"https:\/\/www.europesays.com\/es\/wp-json\/wp\/v2\/types\/post"}],"author":[{"embeddable":true,"href":"https:\/\/www.europesays.com\/es\/wp-json\/wp\/v2\/users\/2"}],"replies":[{"embeddable":true,"href":"https:\/\/www.europesays.com\/es\/wp-json\/wp\/v2\/comments?post=130328"}],"version-history":[{"count":0,"href":"https:\/\/www.europesays.com\/es\/wp-json\/wp\/v2\/posts\/130328\/revisions"}],"wp:featuredmedia":[{"embeddable":true,"href":"https:\/\/www.europesays.com\/es\/wp-json\/wp\/v2\/media\/130329"}],"wp:attachment":[{"href":"https:\/\/www.europesays.com\/es\/wp-json\/wp\/v2\/media?parent=130328"}],"wp:term":[{"taxonomy":"category","embeddable":true,"href":"https:\/\/www.europesays.com\/es\/wp-json\/wp\/v2\/categories?post=130328"},{"taxonomy":"post_tag","embeddable":true,"href":"https:\/\/www.europesays.com\/es\/wp-json\/wp\/v2\/tags?post=130328"}],"curies":[{"name":"wp","href":"https:\/\/api.w.org\/{rel}","templated":true}]}}