{"id":130330,"date":"2025-09-21T20:42:17","date_gmt":"2025-09-21T20:42:17","guid":{"rendered":"https:\/\/www.europesays.com\/es\/130330\/"},"modified":"2025-09-21T20:42:17","modified_gmt":"2025-09-21T20:42:17","slug":"videos-de-slayer-en-louder-than-life-overkill-siguen-con-su-proximo-disco-single-de-gary-hoey-con-lita-ford","status":"publish","type":"post","link":"https:\/\/www.europesays.com\/es\/130330\/","title":{"rendered":"V\u00eddeos de SLAYER en Louder Than Life. OVERKILL siguen con su pr\u00f3ximo disco. Single de Gary Hoey con Lita Ford."},"content":{"rendered":"<p>\u00a0<\/p>\n<p>\u00a0<\/p>\n<p style=\"text-align: center;\"><strong><a href=\"#SLAYER\">V\u00eddeos de SLAYER en Louder Than Life<\/a> \u2013 <a href=\"#OVERKILL\">OVERKILL siguen con su pr\u00f3ximo disco.<\/a> \u2013 <a href=\"#Lita\">Single de Gary Hoey con Lita Ford.<\/a><\/strong><\/p>\n<p>A continuaci\u00f3n ten\u00e9is varios v\u00eddeos del concierto ofrecido por <a href=\"https:\/\/www.facebook.com\/slayer\" target=\"_blank\" rel=\"noopener nofollow\"><strong>SLAYER<\/strong><\/a> el pasado 18 de septiembre en el festival Louder Than Life de Louisville, Kentucky.<\/p>\n<p>Este fue el repertorio interpretado:<\/p>\n<ol>\n<li>South Of Heaven<\/li>\n<li>Repentless<\/li>\n<li>Disciple<\/li>\n<li>Die By The Sword<\/li>\n<li>Jihad<\/li>\n<li>War Ensemble<\/li>\n<li>Chemical Warfare<\/li>\n<li>Reborn<\/li>\n<li>Mandatory Suicide<\/li>\n<li>Born Of Fire<\/li>\n<li>Dead Skin Mask<\/li>\n<li>Spirit In Black<\/li>\n<li>Hate Worldwide<\/li>\n<li>Seasons In The Abyss<\/li>\n<li>Hell Awaits<\/li>\n<li>213<\/li>\n<li>Postmortem<\/li>\n<li>Raining Blood<\/li>\n<li>Black Magic<\/li>\n<li>Angel Of Death<\/li>\n<\/ol>\n<p>El guitarrista <strong>Kerry King<\/strong> <a href=\"https:\/\/www.rafabasa.com\/2024\/12\/10\/slayer-gojira-robin-mcauley-retador\/#SLAYER\" target=\"_blank\" rel=\"noopener nofollow\">ha descartado en diferentes ocasiones<\/a> un nuevo disco o una gira.<\/p>\n<p>\u00a0<\/p>\n<p>\u00a0<\/p>\n<p>\u00a0<\/p>\n<p>\u00a0<\/p>\n<p>\u00a0<\/p>\n<p>\u00a0<\/p>\n<p>\u00a0<\/p>\n<p>\u00a0<\/p>\n<p>\u00a0<\/p>\n<p>\u00a0<\/p>\n<p>\u00a0<\/p>\n<p>El bajista de <a href=\"http:\/\/wreckingcrew.com\/Ironbound\/\" target=\"_blank\" rel=\"noopener nofollow\"><strong>OVERKILL<\/strong><\/a> D.D. Verni ha hablado del <a href=\"https:\/\/www.rafabasa.com\/2024\/09\/08\/overkill-kansas-todd-latorre\/#OVERKILL\" target=\"_blank\" rel=\"noopener nofollow\">pr\u00f3ximo disco<\/a> del grupo en una entrevista con MisplacedStraws.Com.<\/p>\n<p>\u00abEstamos maquetando material ahora mismo. Probablemente tengamos 9 o 10 temas que le di a Blitz hace un tiempo. Normalmente el proceso es que yo hago las maquetas y toda la m\u00fasica, y luego se lo paso a Blitz. \u00c9l le echa un tiempo y hace lo suyo. Despu\u00e9s nos juntamos todos. Creo que el disco podr\u00eda salir el a\u00f1o que viene, seguro. \u00bfCu\u00e1ndo? Primavera, oto\u00f1o, en alg\u00fan momento ah\u00ed en medio. Lo que es seguro es que habr\u00e1 un nuevo disco de OVERKILL en 2026.\u201d<\/p>\n<p>Ten\u00e9is la charla completa a continuaci\u00f3n.<\/p>\n<p><a href=\"http:\/\/wreckingcrew.com\/Ironbound\/\" target=\"_blank\" rel=\"noopener nofollow\"><strong>OVERKILL<\/strong><\/a> editaron el 14 de abril de 2023 a trav\u00e9s de Nuclear Blast su \u00faltimo disco \u201cScorched\u201d.<\/p>\n<p>Todos los detalles del \u00e1lbum en esta <a href=\"https:\/\/www.rafabasa.com\/2023\/01\/27\/detalles-y-single-del-disco-de-overkill-los-miembros-de-los-mago-seguiran-con-sus-proyectos-reedicion-de-meshuggah\/#OVERKILL\" target=\"_blank\" rel=\"noopener nofollow\">noticia<\/a> y los singles aparecidos en <a href=\"https:\/\/www.rafabasa.com\/2023\/04\/14\/overkill-warmen-cattle-decapitation\/#OVERKILL\" target=\"_blank\" rel=\"noopener nofollow\">esta<\/a>.<\/p>\n<p>\u00a0<\/p>\n<p><strong>Gary Hoey<\/strong> ha sacado a trav\u00e9s de Wazoo Music Group un nuevo single titulado \u201cYou Know I Would\u201d en el que participa <strong>Lita Ford<\/strong>.<\/p>\n<p>Hoey est\u00e1 produciendo el <a href=\"https:\/\/www.rafabasa.com\/2025\/08\/20\/lita-ford-whitesnake-biohazard\/#Lita\" rel=\"nofollow noopener\" target=\"_blank\">pr\u00f3ximo disco<\/a> de la guitarrista.<\/p>\n<p>El \u00faltimo disco del guitarrista fue \u201cNeon Highway Blues\u201d y apareci\u00f3 en 2019.<\/p>\n<p>\u00a0<\/p>\n<p align=\"center\"><strong>Sigue el\u00a0<a href=\"https:\/\/whatsapp.com\/channel\/0029VaCprxVBA1f555USvT2O\" target=\"_blank\" rel=\"nofollow noopener\">Canal de RAFABASA.COM en WhatsApp<\/a>, donde encontrar\u00e1s todas nuestras novedades al instante<\/strong><\/p>\n<p>\u00a0<\/p>\n<p>\u00a0<\/p>\n<p>\u00a0<\/p>\n<p>\u00a0<\/p>\n<p>\u00a0<\/p>\n<p>\u00a0<\/p>\n<p>&#13;<\/p>\n<tr>&#13;<\/p>\n<td width=\"50%\"><a href=\"https:\/\/arsamandifolkrock.com\/producto\/rumbo-norte-2025\/\" target=\"_blank\" rel=\"noopener nofollow\"><img loading=\"lazy\" decoding=\"async\" src=\"https:\/\/www.europesays.com\/es\/wp-content\/uploads\/2025\/09\/1757683871_392_banner_ars_amandi10_09_25.jpg\" alt=\"ARS AMANDI - Rumbo Norte\" width=\"216\" height=\"124\"\/><\/a><\/td>\n<p>&#13;<\/p>\n<td width=\"50%\"><a href=\"https:\/\/www.livenation.es\/yungblud-tickets-adp938602\" target=\"_blank\" rel=\"noopener nofollow\"><img loading=\"lazy\" decoding=\"async\" src=\"https:\/\/www.europesays.com\/es\/wp-content\/uploads\/2025\/09\/1757683872_956_banner_yungbllud_live_nation08_09_25.jpg\" alt=\"YUNGBLLUD - Gira Live_Nation\" width=\"216\" height=\"180\"\/><\/a><\/td>\n<p>&#13;<br \/>\n  <\/tr>\n<p>&#13;<\/p>\n<p>  &#13;<\/p>\n<tr>&#13;<\/p>\n<td width=\"50%\"><a href=\"https:\/\/www.notikumi.com\/channel\/midjungards\/2025\/\" target=\"_blank\" rel=\"noopener nofollow\"><img loading=\"lazy\" decoding=\"async\" src=\"https:\/\/www.europesays.com\/es\/wp-content\/uploads\/2025\/09\/1757683872_842_banner_midjungards_gira08_09_25.jpg\" alt=\"MIDJUNGARDS - Gira\" width=\"216\" height=\"216\"\/><\/a><\/td>\n<p>&#13;<\/p>\n<td width=\"50%\"><a href=\" https:\/\/www.ticketmaster.es\/event\/author-punisher-barcelona-2025-entradas\/1432906446\" target=\"_blank\" rel=\"noopener\"><img loading=\"lazy\" decoding=\"async\" src=\"https:\/\/www.europesays.com\/es\/wp-content\/uploads\/2025\/09\/banner_rrs_author-punisher31_08_25.jpg\" alt=\"AUTHOR &amp; PUNISHER - Barcelona 2025\" width=\"216\" height=\"204\"\/><\/a><\/td>\n<p>&#13;<br \/>\n  <\/tr>\n<p>&#13;<\/p>\n<p>  &#13;<\/p>\n<tr>&#13;<\/p>\n<td width=\"50%\"><a href=\"https:\/\/www.ticketmaster.es\/event\/gineta-rock-entradas\/1757164303\" target=\"_blank\" rel=\"noopener nofollow\"><img loading=\"lazy\" decoding=\"async\" src=\"https:\/\/www.europesays.com\/es\/wp-content\/uploads\/2025\/09\/1757683874_702_banner_gineta_rock14_08_25.jpg\" alt=\"GINETA ROCK 2025\" width=\"216\" height=\"304\"\/><\/a><\/td>\n<p>&#13;<\/p>\n<td width=\"50%\"><a href=\"https:\/\/koba-live.com\/entradas\/\" target=\"_blank\" rel=\"noopener nofollow\"><img loading=\"lazy\" decoding=\"async\" src=\"https:\/\/www.europesays.com\/es\/wp-content\/uploads\/2025\/09\/1757683875_481_cartel2025.jpg\" alt=\" KOBA LIVE\" width=\"216\" height=\"305\"\/><\/a><\/td>\n<p>&#13;<br \/>\n  <\/tr>\n<p>&#13;<\/p>\n<p>&#13;<\/p>\n<tr>&#13;<\/p>\n<td width=\"50%\"><a href=\"https:\/\/entradium.com\/es\/events\/tim-ripper-owens-granada-aniversario-rainbow-metal-pub\" target=\"_blank\" rel=\"noopener nofollow\"><img loading=\"lazy\" decoding=\"async\" src=\"https:\/\/www.europesays.com\/es\/wp-content\/uploads\/2025\/09\/1757683876_947_ripper_rainbow_granada21_07_25.jpg\" alt=\"TIM RIPPER OWENS \u2013 Granada - Aniversario - Rainbow-Metal-PUB\" width=\"216\" height=\"312\"\/><\/a><\/td>\n<p>&#13;<\/p>\n<td width=\"50%\"><a href=\"https:\/\/www.leyendasdelrockfestival.com\/tickets\/\" rel=\"nofollow noopener\" target=\"_blank\"><img loading=\"lazy\" decoding=\"async\" src=\"https:\/\/www.rafabasa.com\/publicidad\/2025\/banner_leyendas2026_19_08_25.jpg\" alt=\"LEYENDAS DEL ROCK 2026\" width=\"216\" height=\"173\"\/><\/a><\/td>\n<p>&#13;<br \/>\n  <\/tr>\n<p>&#13;<\/p>\n","protected":false},"excerpt":{"rendered":"\u00a0 \u00a0 V\u00eddeos de SLAYER en Louder Than Life \u2013 OVERKILL siguen con su pr\u00f3ximo disco. \u2013 Single&hellip;\n","protected":false},"author":2,"featured_media":130331,"comment_status":"","ping_status":"","sticky":false,"template":"","format":"standard","meta":{"footnotes":""},"categories":[170],"tags":[146,147,25,24,41825,41826,184,185,41827,481,23],"class_list":{"0":"post-130330","1":"post","2":"type-post","3":"status-publish","4":"format-standard","5":"has-post-thumbnail","7":"category-musica","8":"tag-entertainment","9":"tag-entretenimiento","10":"tag-es","11":"tag-espana","12":"tag-gary-hoey","13":"tag-lita-ford","14":"tag-music","15":"tag-musica","16":"tag-overkill","17":"tag-slayer","18":"tag-spain"},"share_on_mastodon":{"url":"","error":""},"_links":{"self":[{"href":"https:\/\/www.europesays.com\/es\/wp-json\/wp\/v2\/posts\/130330","targetHints":{"allow":["GET"]}}],"collection":[{"href":"https:\/\/www.europesays.com\/es\/wp-json\/wp\/v2\/posts"}],"about":[{"href":"https:\/\/www.europesays.com\/es\/wp-json\/wp\/v2\/types\/post"}],"author":[{"embeddable":true,"href":"https:\/\/www.europesays.com\/es\/wp-json\/wp\/v2\/users\/2"}],"replies":[{"embeddable":true,"href":"https:\/\/www.europesays.com\/es\/wp-json\/wp\/v2\/comments?post=130330"}],"version-history":[{"count":0,"href":"https:\/\/www.europesays.com\/es\/wp-json\/wp\/v2\/posts\/130330\/revisions"}],"wp:featuredmedia":[{"embeddable":true,"href":"https:\/\/www.europesays.com\/es\/wp-json\/wp\/v2\/media\/130331"}],"wp:attachment":[{"href":"https:\/\/www.europesays.com\/es\/wp-json\/wp\/v2\/media?parent=130330"}],"wp:term":[{"taxonomy":"category","embeddable":true,"href":"https:\/\/www.europesays.com\/es\/wp-json\/wp\/v2\/categories?post=130330"},{"taxonomy":"post_tag","embeddable":true,"href":"https:\/\/www.europesays.com\/es\/wp-json\/wp\/v2\/tags?post=130330"}],"curies":[{"name":"wp","href":"https:\/\/api.w.org\/{rel}","templated":true}]}}