{"id":130344,"date":"2025-09-21T20:50:09","date_gmt":"2025-09-21T20:50:09","guid":{"rendered":"https:\/\/www.europesays.com\/es\/130344\/"},"modified":"2025-09-21T20:50:09","modified_gmt":"2025-09-21T20:50:09","slug":"encuentran-un-muerto-en-el-rio-bitlles-barcelona-durante-la-busqueda-de-los-dos-desaparecidos-por-las-fuertes-lluvias","status":"publish","type":"post","link":"https:\/\/www.europesays.com\/es\/130344\/","title":{"rendered":"Encuentran un muerto en el r\u00edo Bitlles (Barcelona) durante la b\u00fasqueda de los dos desaparecidos por las fuertes lluvias"},"content":{"rendered":"<p>Un veh\u00edculo, con dos personas en su interior, ha sido arrastrado por el agua debido al fuerte temporal<\/p>\n<p><img fetchpriority=\"high\" class=\"voc-img\" src=\"https:\/\/www.europesays.com\/es\/wp-content\/uploads\/2025\/09\/1498756394-ktUC-U701623501290TaE-1200x840@diario_abc.jpg\" loading=\"eager\" decoding=\"async\" alt=\"S\u00faria durante las precipitaciones provocadas por el temporal en la provincia de Barcelona,\" width=\"1200\" height=\"840\"\/><\/p>\n<p>S\u00faria durante las precipitaciones provocadas por el temporal en la provincia de Barcelona,    EUROPA PRESS  <\/p>\n<p>21\/09\/2025<br \/>\n<br \/><strong><br \/>\nActualizado a las 22:14h.<br \/>\n<\/strong><\/p>\n<p class=\"voc-p\" style=\"\">Los Bombers de la Generalitat han informado del<strong> hallazgo de un cuerpo<\/strong> durante la b\u00fasqueda en el r\u00edo de Bitlles de las dos personas desaparecidas en <strong>Sant Quint\u00ed de Mediona (Barcelona)<\/strong> que viajaban en un coche arrastrado por el agua debido a las fuertes lluvias. Sin embargo, se desconoce si se trata de una de ellas o de una v\u00edctima de otro siniestro.<\/p>\n<blockquote class=\"twitter-tweet\" data-dnt=\"true\" align=\"center\">\n<p lang=\"ca\" dir=\"ltr\"><a href=\"https:\/\/twitter.com\/hashtag\/Bomberscat?src=hash&amp;ref_src=twsrc%5Etfw\" rel=\"nofollow noopener\" target=\"_blank\">#Bomberscat<\/a> hem trobat un cos durant la recerca al riu de Bitlles, a Sant Pere. Cal investigar si es tracta d&#8217;una de les persones relacionades amb la recerca en marxa (av\u00eds 18.32 h) o d&#8217;una v\u00edctima d&#8217;un altre sinistre<\/p>\n<p><a href=\"https:\/\/t.co\/4D5FXLPQaL\" rel=\"nofollow\">https:\/\/t.co\/4D5FXLPQaL<\/a><\/p>\n<p>\u2014 Bombers (@bomberscat) <a href=\"https:\/\/twitter.com\/bomberscat\/status\/1969852901754343598?ref_src=twsrc%5Etfw\" rel=\"nofollow noopener\" target=\"_blank\">September 21, 2025<\/a><\/p><\/blockquote>\n<p class=\"voc-p\" style=\"\">El jefe de guardia de Bombers de la Generalitat, Jos\u00e9 Lu\u00eds L\u00f3pez, ha explicado antes en declaraciones a la prensa que un veh\u00edculo, con dos personas en su interior, ha sido <strong>arrastrado por el agua debido a las fuertes lluvias<\/strong>: \u00abEstamos haciendo un despliegue importante de investigaci\u00f3n de estas dos personas\u00bb.<\/p>\n<p class=\"voc-p\" style=\"\">L\u00f3pez ha informado de que el veh\u00edculo ha sido localizado<strong> sin pasajeros<\/strong>, por lo que se est\u00e1 buscando a estas dos personas: \u00abPuede haber indicios importantes de que hab\u00eda dos personas, que es justamente el escenario que quer\u00edamos evitar\u00bb.<\/p>\n<p>\nPiden evitar acercarse a rieras y torrentes\n<\/p>\n<p class=\"voc-p\" style=\"\">El jefe de guardia de Bombers de la Generalitat tambi\u00e9n ha puntualizado que Bombers lleva m\u00e1s de <strong>300 servicios<\/strong> durante todo el episodio de lluvias, la mayor\u00eda concentrados en el \u00e1rea metropolitana norte y sur, sobre todo inundaciones y \u00e1rboles ca\u00eddos.<\/p>\n<p class=\"voc-p\" style=\"\">Adem\u00e1s, ha pedido evitar acercarse a <strong>rieras y torrentes <\/strong>porque las crecidas \u00abpueden ser muy importantes\u00bb.<\/p>\n<p>Reportar un error<\/p>\n<p><script async src=\"https:\/\/platform.twitter.com\/widgets.js\" charset=\"utf-8\"><\/script><\/p>\n","protected":false},"excerpt":{"rendered":"Un veh\u00edculo, con dos personas en su interior, ha sido arrastrado por el agua debido al fuerte temporal&hellip;\n","protected":false},"author":2,"featured_media":130345,"comment_status":"","ping_status":"","sticky":false,"template":"","format":"standard","meta":{"footnotes":""},"categories":[8],"tags":[41832,210,17,18,3075,8056,1563,25,24,13,14,3087,11,19,20,6194,9,10,15,16,23,12,575,21,22],"class_list":{"0":"post-130344","1":"post","2":"type-post","3":"status-publish","4":"format-standard","5":"has-post-thumbnail","7":"category-espana","8":"tag-arrastrado","9":"tag-barcelona","10":"tag-breaking-news","11":"tag-breakingnews","12":"tag-coche","13":"tag-desaparecidos","14":"tag-dos","15":"tag-es","16":"tag-espana","17":"tag-featured-news","18":"tag-featurednews","19":"tag-fuertes","20":"tag-headlines","21":"tag-latest-news","22":"tag-latestnews","23":"tag-lluvias","24":"tag-news","25":"tag-noticias","26":"tag-noticias-destacadas","27":"tag-noticiasdestacadas","28":"tag-spain","29":"tag-titulares","30":"tag-tras","31":"tag-ultimas-noticias","32":"tag-ultimasnoticias"},"share_on_mastodon":{"url":"","error":""},"_links":{"self":[{"href":"https:\/\/www.europesays.com\/es\/wp-json\/wp\/v2\/posts\/130344","targetHints":{"allow":["GET"]}}],"collection":[{"href":"https:\/\/www.europesays.com\/es\/wp-json\/wp\/v2\/posts"}],"about":[{"href":"https:\/\/www.europesays.com\/es\/wp-json\/wp\/v2\/types\/post"}],"author":[{"embeddable":true,"href":"https:\/\/www.europesays.com\/es\/wp-json\/wp\/v2\/users\/2"}],"replies":[{"embeddable":true,"href":"https:\/\/www.europesays.com\/es\/wp-json\/wp\/v2\/comments?post=130344"}],"version-history":[{"count":0,"href":"https:\/\/www.europesays.com\/es\/wp-json\/wp\/v2\/posts\/130344\/revisions"}],"wp:featuredmedia":[{"embeddable":true,"href":"https:\/\/www.europesays.com\/es\/wp-json\/wp\/v2\/media\/130345"}],"wp:attachment":[{"href":"https:\/\/www.europesays.com\/es\/wp-json\/wp\/v2\/media?parent=130344"}],"wp:term":[{"taxonomy":"category","embeddable":true,"href":"https:\/\/www.europesays.com\/es\/wp-json\/wp\/v2\/categories?post=130344"},{"taxonomy":"post_tag","embeddable":true,"href":"https:\/\/www.europesays.com\/es\/wp-json\/wp\/v2\/tags?post=130344"}],"curies":[{"name":"wp","href":"https:\/\/api.w.org\/{rel}","templated":true}]}}