{"id":130350,"date":"2025-09-21T20:53:08","date_gmt":"2025-09-21T20:53:08","guid":{"rendered":"https:\/\/www.europesays.com\/es\/130350\/"},"modified":"2025-09-21T20:53:08","modified_gmt":"2025-09-21T20:53:08","slug":"paco-urena-y-juan-ortega-abren-la-puerta-grande-de-sutullena","status":"publish","type":"post","link":"https:\/\/www.europesays.com\/es\/130350\/","title":{"rendered":"Paco Ure\u00f1a y Juan Ortega abren la puerta grande de Sutullena"},"content":{"rendered":"<p>ENRIQUE SOLER. Lorca<\/p>\n<p>Abri\u00f3 plaza <strong>Ure\u00f1a<\/strong> que en su primero dej\u00f3 un natural memorable. Destacando en su segundo varias tandas de naturales a manos bajos, destilando el toreo y la verdad que lleva dentro. El \u00faltimo fue arisco hasta que lleg\u00f3 a la muleta del lorquino, firmando tandas de bella factura. Concluy\u00f3 de pinchazo y media.<\/p>\n<p>Por su parte, <strong>Juan Ortega<\/strong>, se tuvo que llevar a su primero a su terreno para hacerle faena, firmando un trofeo de peso. En su segundo, dio lecci\u00f3n de honradez intentando sacar faena de d\u00f3nde no hab\u00eda. Incomodo el que cerr\u00f3 plaza, a pesar de apretar en el caballo, a\u00f1adiendo algo de picante cuando el sevillano <strong>Ortega <\/strong>le presentaba la franela con ese sello tan especial. Estocada certera<\/p>\n<p><strong>Ficha del festejo:<\/strong><\/p>\n<p>M\u00e1s de tres cuartos de entrada.<br \/><strong>Paco Ure\u00f1a<\/strong>: oreja, dos orejas y oreja<br \/><strong>Juan Ortega<\/strong>: oreja, palmas con saludos y oreja<\/p>\n<p>Ganader\u00eda <strong>\u00c1lvaro N\u00fa\u00f1ez<\/strong> bien presentados, el peor el blando del cuarto.<\/p>\n","protected":false},"excerpt":{"rendered":"ENRIQUE SOLER. Lorca Abri\u00f3 plaza Ure\u00f1a que en su primero dej\u00f3 un natural memorable. Destacando en su segundo&hellip;\n","protected":false},"author":2,"featured_media":130351,"comment_status":"","ping_status":"","sticky":false,"template":"","format":"standard","meta":{"footnotes":""},"categories":[277],"tags":[373,168,25,24,4035,20174,41834,41833,23,167,374,444],"class_list":{"0":"post-130350","1":"post","2":"type-post","3":"status-publish","4":"format-standard","5":"has-post-thumbnail","7":"category-toreo","8":"tag-bullfighting","9":"tag-deportes","10":"tag-es","11":"tag-espana","12":"tag-juan-ortega","13":"tag-lorca","14":"tag-paco-ureu00f1a","15":"tag-plaza-de-toros-de-sutullena","16":"tag-spain","17":"tag-sports","18":"tag-toreo","19":"tag-toros"},"share_on_mastodon":{"url":"","error":""},"_links":{"self":[{"href":"https:\/\/www.europesays.com\/es\/wp-json\/wp\/v2\/posts\/130350","targetHints":{"allow":["GET"]}}],"collection":[{"href":"https:\/\/www.europesays.com\/es\/wp-json\/wp\/v2\/posts"}],"about":[{"href":"https:\/\/www.europesays.com\/es\/wp-json\/wp\/v2\/types\/post"}],"author":[{"embeddable":true,"href":"https:\/\/www.europesays.com\/es\/wp-json\/wp\/v2\/users\/2"}],"replies":[{"embeddable":true,"href":"https:\/\/www.europesays.com\/es\/wp-json\/wp\/v2\/comments?post=130350"}],"version-history":[{"count":0,"href":"https:\/\/www.europesays.com\/es\/wp-json\/wp\/v2\/posts\/130350\/revisions"}],"wp:featuredmedia":[{"embeddable":true,"href":"https:\/\/www.europesays.com\/es\/wp-json\/wp\/v2\/media\/130351"}],"wp:attachment":[{"href":"https:\/\/www.europesays.com\/es\/wp-json\/wp\/v2\/media?parent=130350"}],"wp:term":[{"taxonomy":"category","embeddable":true,"href":"https:\/\/www.europesays.com\/es\/wp-json\/wp\/v2\/categories?post=130350"},{"taxonomy":"post_tag","embeddable":true,"href":"https:\/\/www.europesays.com\/es\/wp-json\/wp\/v2\/tags?post=130350"}],"curies":[{"name":"wp","href":"https:\/\/api.w.org\/{rel}","templated":true}]}}