{"id":130354,"date":"2025-09-21T20:57:04","date_gmt":"2025-09-21T20:57:04","guid":{"rendered":"https:\/\/www.europesays.com\/es\/130354\/"},"modified":"2025-09-21T20:57:04","modified_gmt":"2025-09-21T20:57:04","slug":"su-juego-me-recuerda-a-ronaldinho","status":"publish","type":"post","link":"https:\/\/www.europesays.com\/es\/130354\/","title":{"rendered":"Su juego me recuerda a Ronaldinho&#8230;"},"content":{"rendered":"<p class=\"L6-news-detail__text\"><b><a title=\"Carlos Alcaraz\" href=\"https:\/\/www.lasexta.com\/noticias\/deportes\/tenis\/reflexion-federer-dominio-alcaraz-sinner-pregunta-que-todo-mundo-hace_2025092168d03a35a2dd1a7e0d118a1e.html\" target=\"_blank\" rel=\"nofollow noopener\">Carlos Alcaraz<\/a><\/b> sigue acumulando elogios de infinidad de personalidades del mundo del tenis. Lo que est\u00e1 claro es que el \u00faltimo que le ha regalado <b>Andy Murray<\/b> se le quedar\u00e1 grabado en la memoria durante mucho tiempo por su originalidad y su magnitud.<\/p>\n<p class=\"L6-news-detail__text\">Tras conquistar su sexto &#8216;Grand Slam&#8217;, <b><a title=\"Alcaraz\" href=\"https:\/\/www.lasexta.com\/noticias\/deportes\/tenis\/reflexion-federer-dominio-alcaraz-sinner-pregunta-que-todo-mundo-hace_2025092168d03a35a2dd1a7e0d118a1e.html\" target=\"_blank\" rel=\"nofollow noopener\">Alcaraz<\/a><\/b> llegaba a la Laver Cup como al gran atracci\u00f3n del torneo. Sin embargo, en su primer enfrentamiento en individuales, Carlitos ha terminado sucumbiendo ante <b>Taylor Fritz<\/b>. El estadounidense firm\u00f3 un partido descomunal para superar a un <b>Alcaraz<\/b> que sum\u00f3 su primera derrota en <b>69 d\u00edas<\/b>.<\/p>\n<p class=\"L6-news-detail__text\">A\u00fan as\u00ed, el de El Palmar ha asombrado al mundo con su tenis mostrado en el US Open. Murray ha dejado una comparaci\u00f3n de lo m\u00e1s llamativa . El escoc\u00e9s cree que hay ciertas similitudes entre Alcaraz y Ronaldinho: \u00abEl tenis de Alcaraz me recuerda al f\u00fatbol de mi futbolista favorito de la infancia, al que pude ver en directo varias veces: <b>Ronaldinho<\/b>\u00ab.<\/p>\n<p class=\"L6-news-detail__text\">\u00abLos dos tienen todo este talento y habilidad, obviamente quieren ganar, <b>pero juegan con una sonrisa en la cara<\/b>. Si llega el momento de hacer algo entretenido, lo hacen, y creo que eso es lo que los hace <b>tan fascinantes<\/b>, porque nunca sabes lo que va a pasar a continuaci\u00f3n, as\u00ed que disfruto <b>especialmente vi\u00e9ndolos jugar<\/b>\u00ab, asegura Alcaraz en una entrevista para &#8216;The Times&#8217;.<\/p>\n<p class=\"L6-support-news-video__title\">\u00ab\u00c9l solo puede hacerlo mejor\u00bb<\/p>\n<p>            <a href=\"https:\/\/www.lasexta.com\/noticias\/deportes\/motor\/llamativa-conversacion-marc-marquez-bagnaia-quien-tiene-mas-presion_2025091868cc2754394a8138738d2517.html\" class=\"L6-news__link\" rel=\"nofollow noopener\" target=\"_blank\"><br \/>\n                La llamativa conversaci\u00f3n entre Marc M\u00e1rquez y Bagnaia: \u00ab\u00bfQui\u00e9n tiene m\u00e1s presi\u00f3n?\u00bb<\/p>\n<p class=\"recirculation-video-desc\">El &#8216;Inside&#8217; de Ducati tras el Gran Premio de Italia en Misano ha desvelado una llamativa conversaci\u00f3n entre los dos pilotos del equipo de Borgo Panigale.<\/p>\n<p>            <\/a><\/p>\n","protected":false},"excerpt":{"rendered":"Carlos Alcaraz sigue acumulando elogios de infinidad de personalidades del mundo del tenis. Lo que est\u00e1 claro es&hellip;\n","protected":false},"author":2,"featured_media":130355,"comment_status":"","ping_status":"","sticky":false,"template":"","format":"standard","meta":{"footnotes":""},"categories":[274],"tags":[168,25,24,23,167,327,326],"class_list":{"0":"post-130354","1":"post","2":"type-post","3":"status-publish","4":"format-standard","5":"has-post-thumbnail","7":"category-tenis","8":"tag-deportes","9":"tag-es","10":"tag-espana","11":"tag-spain","12":"tag-sports","13":"tag-tenis","14":"tag-tennis"},"share_on_mastodon":{"url":"","error":""},"_links":{"self":[{"href":"https:\/\/www.europesays.com\/es\/wp-json\/wp\/v2\/posts\/130354","targetHints":{"allow":["GET"]}}],"collection":[{"href":"https:\/\/www.europesays.com\/es\/wp-json\/wp\/v2\/posts"}],"about":[{"href":"https:\/\/www.europesays.com\/es\/wp-json\/wp\/v2\/types\/post"}],"author":[{"embeddable":true,"href":"https:\/\/www.europesays.com\/es\/wp-json\/wp\/v2\/users\/2"}],"replies":[{"embeddable":true,"href":"https:\/\/www.europesays.com\/es\/wp-json\/wp\/v2\/comments?post=130354"}],"version-history":[{"count":0,"href":"https:\/\/www.europesays.com\/es\/wp-json\/wp\/v2\/posts\/130354\/revisions"}],"wp:featuredmedia":[{"embeddable":true,"href":"https:\/\/www.europesays.com\/es\/wp-json\/wp\/v2\/media\/130355"}],"wp:attachment":[{"href":"https:\/\/www.europesays.com\/es\/wp-json\/wp\/v2\/media?parent=130354"}],"wp:term":[{"taxonomy":"category","embeddable":true,"href":"https:\/\/www.europesays.com\/es\/wp-json\/wp\/v2\/categories?post=130354"},{"taxonomy":"post_tag","embeddable":true,"href":"https:\/\/www.europesays.com\/es\/wp-json\/wp\/v2\/tags?post=130354"}],"curies":[{"name":"wp","href":"https:\/\/api.w.org\/{rel}","templated":true}]}}