{"id":130364,"date":"2025-09-21T21:04:43","date_gmt":"2025-09-21T21:04:43","guid":{"rendered":"https:\/\/www.europesays.com\/es\/130364\/"},"modified":"2025-09-21T21:04:43","modified_gmt":"2025-09-21T21:04:43","slug":"una-inmensa-y-valiente-novela-sobre-una-guerra-civil-llena-de-ausencias","status":"publish","type":"post","link":"https:\/\/www.europesays.com\/es\/130364\/","title":{"rendered":"una inmensa y valiente novela sobre una guerra civil llena de ausencias"},"content":{"rendered":"<p id=\"paragraph_1\">Una mujer, un hombre, un pueblo del sur de Espa\u00f1a en dos momentos de la historia, 1936 y 1958 (una guerra y su posguerra), tres, en realidad, si tenemos en cuenta el tiempo de un narrador que, en los primeros a\u00f1os del siglo XXI, desde el mismo lugar, decide ir detr\u00e1s de lo que le cuenta un anciano boticario del lugar.<\/p>\n<p><img loading=\"lazy\" decoding=\"async\" alt=\"\" height=\"2745\" src=\"https:\/\/www.europesays.com\/es\/wp-content\/uploads\/2025\/09\/1003743932056_258830539_1706x2745.jpg\" width=\"1706\" data-lazy-status=\"processed\" data-lazy-info=\"remove loading item 1\"\/><\/p>\n<p>B\u00e1rbara Gunz<\/p>\n<p><strong>Rafael Maldonado<\/strong><\/p>\n<p>Confluencias, 2025. 544 p\u00e1ginas. 23,90 \u20ac<\/p>\n<p class=\"paragraph\" id=\"paragraph_2\">Parece una historia de amor y de guerra protagonizada por un joven m\u00e9dico de un hospital en Madrid y una alemana, esposa de un mercenario vien\u00e9s.<\/p>\n<p class=\"paragraph\" id=\"paragraph_3\">As\u00ed nos lo presenta el narrador, Guillermo Garc\u00e9s, alter ego (ya conocido) del propio autor, <a href=\"https:\/\/www.elespanol.com\/el-cultural\/letras\/20230114\/asesinatos-corrupcion-africa-rafael-maldonado-regresa-tinieblas\/732176805_0.html?utm_cmp_rs=linksinline\" rel=\"nofollow noopener\" target=\"_blank\">Rafael Maldonado<\/a> (M\u00e1laga, 1981), haciendo uso del artificio de su propia f\u00f3rmula expresiva.<\/p>\n<p class=\"paragraph\" id=\"paragraph_4\">Y haciendo gala de un discurso riguroso, pulcro y divagador. Ya sabemos del talante pertinaz de este escritor, lo confirman t\u00edtulos como Tras la guarida, Cuaderno de incertidumbre, El desaliento, entre otros, y ahora esta ambiciosa propuesta narrativa, Barbara Gunz<strong>, una novela inmensa en todos los sentidos<\/strong>, en su extensi\u00f3n y en la f\u00f3rmula compositiva, propia de un orfebre con un talento especial para reparar en cada minucia de su universo novelesco.<\/p>\n<p><img decoding=\"async\" alt=\"'Lo que no se ve', de Cristina Fern\u00e1ndez Cubas: relatos inquietantes para descifrar a las mujeres\" height=\"180\" loading=\"lazy\" width=\"320\" data-lazy-status=\"processed\" id=\"27d5ac7fd6\" src=\"https:\/\/www.elespanol.com\/el-cultural\/letras\/novela\/20250919\/barbara-gunz-rafael-maldonado-inmensa-valiente-novela-guerra-civil-llena-ausencias\/[\" https:=\"\" data-lazy-info=\"changed src\"\/><\/p>\n<p class=\"paragraph\" id=\"paragraph_5\">Fiel a los <strong>c\u00e1nones del realismo decimon\u00f3nico,<\/strong> en lo que se refiere a la capacidad para reproducir los detalles de lugares, ambientes y personajes.<\/p>\n<p class=\"paragraph\" id=\"paragraph_6\">Fiel tambi\u00e9n a sus filias literarias, reveladas en las citas iniciales (<a href=\"https:\/\/www.elespanol.com\/el-cultural\/blogs\/entreclasicos\/20210824\/william-faulkner-agonizo-retrato-tierra-baldia\/606809324_12.html?utm_cmp_rs=linksinline\" rel=\"nofollow noopener\" target=\"_blank\">Faulkner<\/a>, Onetti, <a href=\"https:\/\/www.elespanol.com\/el-cultural\/cine\/20201127\/papeles-aspern-henry-james-venecia\/539197621_0.html?utm_cmp_rs=linksinline\" rel=\"nofollow noopener\" target=\"_blank\">Henry James<\/a>, <a href=\"https:\/\/www.elespanol.com\/el-cultural\/letras\/20221118\/marcel-proust-vida-literatura\/717428535_0.html?utm_cmp_rs=linksinline\" rel=\"nofollow noopener\" target=\"_blank\">Proust<\/a>), avisadoras del secreto que persigue la narraci\u00f3n, de la profundidad psicol\u00f3gica que hallaremos en gestos y silencios, en la invitaci\u00f3n a explorar la angustia contenida en situaciones sobrecogedoras, concienzudamente tejidas en el proceso narrativo. <\/p>\n<p>Y heredero, en cierto modo, del <strong>recurso cervantino m\u00e1s celebrado<\/strong>: leemos una historia que alguien cuenta dentro de otra, y esta, a su vez, se alimenta con las voces y conversaciones de las versiones tejidas por unos y otros.<\/p>\n<p>As\u00ed, la primera persona se transforma en tercera y acompa\u00f1a con su presencia a los lectores, a quienes corresponde el esfuerzo de adaptarse al tono personal y al ritmo cadencioso de una novela de las que tiran de la memoria, o de la invenci\u00f3n, o de las dos cosas.<\/p>\n<blockquote class=\"content__blockquote\">\n<p class=\"blockquote__quote\">Es esta una novela inmensa en su extensi\u00f3n y en su f\u00f3rmula compositiva, propia de un orfebre con talento<\/p>\n<\/blockquote>\n<p class=\"paragraph\" id=\"paragraph_7\">Todo se desata en 1958, en Majer, territorio inventado que da nombre a una peque\u00f1a comunidad malague\u00f1a donde desde la guerra \u2013dicen\u2013 nunca pasa nada, aunque aclaran que<strong> all\u00ed no hubo una guerra civil, sino tres<\/strong>: una en el monte, otra en las calles, que parti\u00f3 el pueblo por la mitad, y la otra, m\u00e1s despiadada, la de las v\u00edctimas que se instalan en la memoria.<\/p>\n<p class=\"paragraph\" id=\"paragraph_8\">Pero de pronto, un malentendido y una extra\u00f1a coincidencia hacen que en un mismo d\u00eda partan hacia Madrid, de manera imprevista, el doctor Suz, tras <strong>el recuerdo de una mujer<\/strong> cuyo nombre (B\u00e1rbara Gunz) le persigue de manera obsesiva desde que acab\u00f3 la guerra, y la \u00faltima paciente que acudi\u00f3 a su consulta, Aurora Montenegro, en busca de otra forma de vida.<\/p>\n<p>El paralelismo de estas dos ausencias aporta al relato dos tramas paralelas que van y vienen en el tiempo y el espacio, poco m\u00e1s de una semana en la que Majer se llena de rumores, y se ve asolada por el drama a\u00f1adido de dos muertes terribles.<\/p>\n<p><strong>Secretos e intrigas mantienen alerta<\/strong> sobre el devenir de la historia entretejida desde la enigm\u00e1tica B\u00e1rbara Gunz, pero es Majer el gran personaje de la novela. <\/p>\n<p>El atraso cultural del pueblo, su ambiente opresivo, los imperativos morales, culpas innombrables&#8230; est\u00e1n ah\u00ed. Es esta <strong>una historia valiente y veraz<\/strong> sobre lo que se perdi\u00f3 cuando se gan\u00f3 la guerra.\u00a0<\/p>\n","protected":false},"excerpt":{"rendered":"Una mujer, un hombre, un pueblo del sur de Espa\u00f1a en dos momentos de la historia, 1936 y&hellip;\n","protected":false},"author":2,"featured_media":130365,"comment_status":"","ping_status":"","sticky":false,"template":"","format":"standard","meta":{"footnotes":""},"categories":[172],"tags":[224,146,147,25,24,225,1645,23],"class_list":{"0":"post-130364","1":"post","2":"type-post","3":"status-publish","4":"format-standard","5":"has-post-thumbnail","7":"category-libros","8":"tag-books","9":"tag-entertainment","10":"tag-entretenimiento","11":"tag-es","12":"tag-espana","13":"tag-libros","14":"tag-novela","15":"tag-spain"},"share_on_mastodon":{"url":"","error":""},"_links":{"self":[{"href":"https:\/\/www.europesays.com\/es\/wp-json\/wp\/v2\/posts\/130364","targetHints":{"allow":["GET"]}}],"collection":[{"href":"https:\/\/www.europesays.com\/es\/wp-json\/wp\/v2\/posts"}],"about":[{"href":"https:\/\/www.europesays.com\/es\/wp-json\/wp\/v2\/types\/post"}],"author":[{"embeddable":true,"href":"https:\/\/www.europesays.com\/es\/wp-json\/wp\/v2\/users\/2"}],"replies":[{"embeddable":true,"href":"https:\/\/www.europesays.com\/es\/wp-json\/wp\/v2\/comments?post=130364"}],"version-history":[{"count":0,"href":"https:\/\/www.europesays.com\/es\/wp-json\/wp\/v2\/posts\/130364\/revisions"}],"wp:featuredmedia":[{"embeddable":true,"href":"https:\/\/www.europesays.com\/es\/wp-json\/wp\/v2\/media\/130365"}],"wp:attachment":[{"href":"https:\/\/www.europesays.com\/es\/wp-json\/wp\/v2\/media?parent=130364"}],"wp:term":[{"taxonomy":"category","embeddable":true,"href":"https:\/\/www.europesays.com\/es\/wp-json\/wp\/v2\/categories?post=130364"},{"taxonomy":"post_tag","embeddable":true,"href":"https:\/\/www.europesays.com\/es\/wp-json\/wp\/v2\/tags?post=130364"}],"curies":[{"name":"wp","href":"https:\/\/api.w.org\/{rel}","templated":true}]}}