{"id":130370,"date":"2025-09-21T21:08:08","date_gmt":"2025-09-21T21:08:08","guid":{"rendered":"https:\/\/www.europesays.com\/es\/130370\/"},"modified":"2025-09-21T21:08:08","modified_gmt":"2025-09-21T21:08:08","slug":"gaizka-garitano-sin-sufrir-es-imposible-ganar-cadiz-club-de-futbol","status":"publish","type":"post","link":"https:\/\/www.europesays.com\/es\/130370\/","title":{"rendered":"Gaizka Garitano: \u00abSin sufrir es imposible ganar\u00bb | C\u00e1diz Club de F\u00fatbol"},"content":{"rendered":"<p>El C\u00e1diz CF logr\u00f3 una victoria de peso en La Rosaleda al imponerse por 0-1 al M\u00e1laga en la jornada 6 de la Liga Hypermotion. El \u00fanico tanto del encuentro lo firm\u00f3 Sergio Ortu\u00f1o, que decidi\u00f3 un choque marcado por la igualdad y la intensidad.<\/p>\n<p>Tras el partido, el entrenador cadista, Gaizka Garitano, valor\u00f3 el esfuerzo de su equipo: \u00abEn el primer tiempo estuvimos muy bien, pero en la segunda parte ellos se fueron imponiendo y nos toc\u00f3 sufrir. Sin sufrimiento es imposible ganar y el equipo supo resistir\u00bb.<\/p>\n<p>El t\u00e9cnico reconoci\u00f3 que al conjunto le falt\u00f3 mantener la posesi\u00f3n en los minutos finales: \u00abNos dur\u00f3 la gasolina unos 60 o 70 minutos, luego sufrimos m\u00e1s porque no consegu\u00edamos tener el bal\u00f3n. Aun as\u00ed, defendimos el \u00e1rea con mucho esfuerzo y fuera de casa eso tiene un gran m\u00e9rito\u00bb.<\/p>\n<p>Garitano tambi\u00e9n quiso subrayar el papel de la afici\u00f3n desplazada: \u00abEn los momentos m\u00e1s dif\u00edciles se ha notado su apoyo. Tenemos una hinchada de 10\u00bb.<\/p>\n<p>Con este triunfo, el C\u00e1diz suma tres puntos vitales y sigue creciendo en el arranque de temporada.<\/p>\n","protected":false},"excerpt":{"rendered":"El C\u00e1diz CF logr\u00f3 una victoria de peso en La Rosaleda al imponerse por 0-1 al M\u00e1laga en&hellip;\n","protected":false},"author":2,"featured_media":130371,"comment_status":"","ping_status":"","sticky":false,"template":"","format":"standard","meta":{"footnotes":""},"categories":[93],"tags":[168,25,24,23,167],"class_list":{"0":"post-130370","1":"post","2":"type-post","3":"status-publish","4":"format-standard","5":"has-post-thumbnail","7":"category-deportes","8":"tag-deportes","9":"tag-es","10":"tag-espana","11":"tag-spain","12":"tag-sports"},"share_on_mastodon":{"url":"","error":""},"_links":{"self":[{"href":"https:\/\/www.europesays.com\/es\/wp-json\/wp\/v2\/posts\/130370","targetHints":{"allow":["GET"]}}],"collection":[{"href":"https:\/\/www.europesays.com\/es\/wp-json\/wp\/v2\/posts"}],"about":[{"href":"https:\/\/www.europesays.com\/es\/wp-json\/wp\/v2\/types\/post"}],"author":[{"embeddable":true,"href":"https:\/\/www.europesays.com\/es\/wp-json\/wp\/v2\/users\/2"}],"replies":[{"embeddable":true,"href":"https:\/\/www.europesays.com\/es\/wp-json\/wp\/v2\/comments?post=130370"}],"version-history":[{"count":0,"href":"https:\/\/www.europesays.com\/es\/wp-json\/wp\/v2\/posts\/130370\/revisions"}],"wp:featuredmedia":[{"embeddable":true,"href":"https:\/\/www.europesays.com\/es\/wp-json\/wp\/v2\/media\/130371"}],"wp:attachment":[{"href":"https:\/\/www.europesays.com\/es\/wp-json\/wp\/v2\/media?parent=130370"}],"wp:term":[{"taxonomy":"category","embeddable":true,"href":"https:\/\/www.europesays.com\/es\/wp-json\/wp\/v2\/categories?post=130370"},{"taxonomy":"post_tag","embeddable":true,"href":"https:\/\/www.europesays.com\/es\/wp-json\/wp\/v2\/tags?post=130370"}],"curies":[{"name":"wp","href":"https:\/\/api.w.org\/{rel}","templated":true}]}}