{"id":130374,"date":"2025-09-21T21:11:12","date_gmt":"2025-09-21T21:11:12","guid":{"rendered":"https:\/\/www.europesays.com\/es\/130374\/"},"modified":"2025-09-21T21:11:12","modified_gmt":"2025-09-21T21:11:12","slug":"esta-el-mundo-preparado-para-una-tormenta-solar-extrema","status":"publish","type":"post","link":"https:\/\/www.europesays.com\/es\/130374\/","title":{"rendered":"\u00bfEst\u00e1 el mundo preparado para una tormenta solar extrema?"},"content":{"rendered":"<p><img alt=\"El avance tecnol\u00f3gico global aumenta\" class=\"global-image\" decoding=\"async\" fetchpriority=\"high\" height=\"1536\" loading=\"eager\" src=\"https:\/\/www.europesays.com\/es\/wp-content\/uploads\/2025\/09\/4HKXL3BEC5GIDHBOHSB6KBJUN4.jpg\" width=\"2688\"\/>El avance tecnol\u00f3gico global aumenta la vulnerabilidad ante tormentas solares extremas y sus posibles consecuencias<\/p>\n<p class=\"paragraph\">En la actualidad, la dependencia de la <a rel=\"noopener noreferrer nofollow\" href=\"https:\/\/www.infobae.com\/tecno\/2025\/09\/21\/las-big-tech-ahora-quieren-construir-centros-de-datos-en-el-espacio-para-no-agotar-los-recursos-en-la-tierra\/\" target=\"_blank\" title=\"https:\/\/www.infobae.com\/tecno\/2025\/09\/21\/las-big-tech-ahora-quieren-construir-centros-de-datos-en-el-espacio-para-no-agotar-los-recursos-en-la-tierra\/\"><b>tecnolog\u00eda<\/b><\/a><b> <\/b>marca todos los \u00e1mbitos de la vida moderna. Sin embargo, las <b>tormentas solares extremas<\/b> representan uno de los mayores retos naturales para la infraestructura digital global. <\/p>\n<p class=\"paragraph\">La comunidad cient\u00edfica ha confirmado que el m\u00e1ximo solar est\u00e1 en pleno desarrollo, lo que implica un aumento significativo de manchas solares, erupciones y <b>eyecciones de masa coronal<\/b> que elevan el riesgo de tormentas geomagn\u00e9ticas capaces de poner en jaque servicios vitales.<\/p>\n<p class=\"paragraph\">En 1859, el astr\u00f3nomo <b>Richard Carrington<\/b> observ\u00f3 la llamarada solar que desencaden\u00f3 el <a rel=\"noopener noreferrer nofollow\" href=\"https:\/\/www.infobae.com\/america\/ciencia-america\/2024\/07\/26\/como-fue-el-evento-de-carrington-la-tormenta-solar-mas-devastadora-de-la-historia\/\" target=\"_blank\" title=\"https:\/\/www.infobae.com\/america\/ciencia-america\/2024\/07\/26\/como-fue-el-evento-de-carrington-la-tormenta-solar-mas-devastadora-de-la-historia\/\"><b>Evento Carrington<\/b><\/a>, la tormenta geomagn\u00e9tica m\u00e1s intensa registrada. El fen\u00f3meno ocasion\u00f3 fallos masivos en los sistemas de tel\u00e9grafo, con <b>estaciones incendiadas y se\u00f1ales transmitidas sin bater\u00eda<\/b> por la energ\u00eda inducida.<\/p>\n<p class=\"paragraph\">Seg\u00fan National Geographic, si un fen\u00f3meno similar se produjera hoy, los da\u00f1os ser\u00edan incalculables dada la interconexi\u00f3n y sofisticaci\u00f3n de la infraestructura actual.<\/p>\n<p><img alt=\"El Evento Carrington de 1859\" class=\"global-image\" decoding=\"async\" fetchpriority=\"low\" height=\"1080\" loading=\"lazy\" src=\"https:\/\/www.europesays.com\/es\/wp-content\/uploads\/2025\/09\/WNVE7MZLGNH43KX37CK4HMLIPU.png\" width=\"1920\"\/>El Evento Carrington de 1859 sirve como advertencia sobre el impacto potencial de una tormenta solar en la infraestructura moderna (NASA)<\/p>\n<p class=\"paragraph\">Tanto la <b>Administraci\u00f3n Nacional Oce\u00e1nica y Atmosf\u00e9rica (NOAA)<\/b> como la <b>Agencia Espacial Europea (ESA)<\/b> han alertado que la actividad solar se mantiene en uno de sus puntos m\u00e1s altos del \u00faltimo ciclo, con registros r\u00e9cord de <b>manchas solares, erupciones y eyecciones de masa coronal<\/b>.<\/p>\n<p class=\"paragraph\">En estos periodos de m\u00e1xima actividad, el campo magn\u00e9tico solar se reorganiza de forma violenta y lanza gigantescas eyecciones de plasma al espacio. The Guardian advierte que las <b>redes el\u00e9ctricas<\/b> encabezaban la lista de sistemas vulnerables: las corrientes inducidas pueden sobrecargar transformadores, provocar <b>apagones a gran escala<\/b> y dejar a millones de personas sin acceso a servicios esenciales durante d\u00edas o incluso meses.<\/p>\n<p class=\"paragraph\">The New York Times se\u00f1ala que un evento severo sobre el sistema el\u00e9ctrico tendr\u00eda un efecto domin\u00f3 devastador: la <b>atenci\u00f3n m\u00e9dica, las telecomunicaciones, el suministro de agua potable y el comercio internacional<\/b> quedar\u00edan comprometidos. La recuperaci\u00f3n podr\u00eda tomar a\u00f1os y el costo se estima en billones de d\u00f3lares.<\/p>\n<p><img alt=\"Las tormentas solares amenazan la\" class=\"global-image\" decoding=\"async\" fetchpriority=\"low\" height=\"3334\" loading=\"lazy\" src=\"https:\/\/www.europesays.com\/es\/wp-content\/uploads\/2025\/09\/7ICRT5VWMJCDTIP75SVRHZUTSY.jpg\" width=\"5000\"\/>Las tormentas solares amenazan la operatividad de sat\u00e9lites, la navegaci\u00f3n GPS y la seguridad de vuelos y astronautas<\/p>\n<p class=\"paragraph\">Ejemplos recientes lo confirman: en 1989, una tormenta solar dej\u00f3 sin electricidad a nueve millones de personas en Quebec y afect\u00f3 partes de <b>Estados Unidos<\/b> y <b>Europa<\/b>. <\/p>\n<p class=\"paragraph\">En tanto, en 2024, ocho eyecciones de masa coronal provocaron la tormenta solar m\u00e1s fuerte del siglo, con auroras visibles en <b>Espa\u00f1a<\/b>, <b>Chile<\/b> y otros pa\u00edses, seg\u00fan The Washington Post.<\/p>\n<p class=\"paragraph\">El impacto de las tormentas solares se extiende a la atm\u00f3sfera superior y el espacio. The Washington Post informa que las part\u00edculas solares da\u00f1an los circuitos electr\u00f3nicos de los sat\u00e9lites y expanden la atm\u00f3sfera superior, <b>aumentando la fricci\u00f3n y forzando a los dispositivos en \u00f3rbita baja a ajustar su altitud<\/b>. Adem\u00e1s, el GPS puede arrojar errores cr\u00edticos, lo que afecta desde la log\u00edstica y la agricultura de precisi\u00f3n hasta la navegaci\u00f3n a\u00e9rea.<\/p>\n<p class=\"paragraph\">Astronautas de la <b>Estaci\u00f3n Espacial Internacional<\/b> han debido suspender tareas exteriores para evitar la exposici\u00f3n. National Geographic se\u00f1ala que en futuras misiones lunares se prev\u00e9n refugios subterr\u00e1neos para casos de tormentas extremas. Durante el <b>programa Apolo<\/b>, la protecci\u00f3n existente no habr\u00eda sido suficiente ante un evento severo.<\/p>\n<p><img alt=\"Los sistemas de alerta temprana\" class=\"global-image\" decoding=\"async\" fetchpriority=\"low\" height=\"1153\" loading=\"lazy\" src=\"https:\/\/www.europesays.com\/es\/wp-content\/uploads\/2025\/09\/3NT2273T6FFPDKAOKBNXUW3BDI.jpg\" width=\"1920\"\/>Los sistemas de alerta temprana y monitoreo solar permiten anticipar riesgos, pero los m\u00e1rgenes de reacci\u00f3n siguen siendo limitados (NASA)<\/p>\n<p class=\"paragraph\">La capacidad de respuesta global depende de sistemas de monitoreo y alertas tempranas. Sat\u00e9lites como el <b>Deep Space Climate Observatory<\/b> vigilan la actividad solar y permiten anticipar la llegada de part\u00edculas energ\u00e9ticas o eyecciones de masa coronal. BBC News indica que l<b>os m\u00e1rgenes de aviso pueden oscilar entre 15 minutos y m\u00e1s de un d\u00eda<\/b>, seg\u00fan la velocidad del fen\u00f3meno. Ese intervalo es crucial para que las operadoras el\u00e9ctricas desarrollen medidas preventivas y eviten da\u00f1os irreparables.<\/p>\n<p class=\"paragraph\">No obstante, la complejidad de las infraestructuras cr\u00edticas y la rapidez de estos eventos limitan la capacidad de reacci\u00f3n. Persisten riesgos debido a la ausencia de sistemas de protecci\u00f3n globales y protocolos coordinados entre sectores.<\/p>\n<p class=\"paragraph\">Frente a este panorama, varios pa\u00edses y organismos han reforzado medidas preventivas. En Estados Unidos, por ejemplo, las regulaciones federales exigen mejoras en la protecci\u00f3n de transformadores y equipos cr\u00edticos.<\/p>\n<p><img alt=\"La resiliencia tecnol\u00f3gica y la\" class=\"global-image\" decoding=\"async\" fetchpriority=\"low\" height=\"1080\" loading=\"lazy\" src=\"https:\/\/www.europesays.com\/es\/wp-content\/uploads\/2025\/09\/IAN37ZRT5RGKDJPCAA2VO5QX4A.png\" width=\"1920\"\/>La resiliencia tecnol\u00f3gica y la preparaci\u00f3n global son claves para enfrentar el desaf\u00edo de una tormenta solar severa (AP)<\/p>\n<p class=\"paragraph\">A pesar del avance en las alertas, la conciencia y preparaci\u00f3n de la sociedad contin\u00faa siendo limitada. La mayor\u00eda desconoce la escala de tormentas geomagn\u00e9ticas \u2014de G1 a G5 seg\u00fan su severidad\u2014, lo que <b>incrementa la vulnerabilidad<\/b>. The New York Times subraya que sectores clave, como la agricultura, el transporte o la gesti\u00f3n de emergencias, podr\u00edan minimizar el impacto solo si cuentan con protocolos precisos y formaci\u00f3n adecuada.<\/p>\n<p class=\"paragraph\">Con la actividad solar en niveles m\u00e1ximos y la amenaza latente de eventos extremos, la humanidad enfrenta un desaf\u00edo estrat\u00e9gico ineludible. La resiliencia colectiva ante una tormenta solar de gran magnitud determinar\u00e1 si la civilizaci\u00f3n mantiene su funcionamiento o queda expuesta a un retroceso tecnol\u00f3gico sin precedentes.<\/p>\n","protected":false},"excerpt":{"rendered":"El avance tecnol\u00f3gico global aumenta la vulnerabilidad ante tormentas solares extremas y sus posibles consecuencias En la actualidad,&hellip;\n","protected":false},"author":2,"featured_media":130375,"comment_status":"","ping_status":"","sticky":false,"template":"","format":"standard","meta":{"footnotes":""},"categories":[81],"tags":[119,123,124,25,24,117,121,122,23,118,120],"class_list":{"0":"post-130374","1":"post","2":"type-post","3":"status-publish","4":"format-standard","5":"has-post-thumbnail","7":"category-ciencia-y-tecnologia","8":"tag-ciencia","9":"tag-ciencia-y-tecnologia","10":"tag-cienciaytecnologia","11":"tag-es","12":"tag-espana","13":"tag-science","14":"tag-science-and-technology","15":"tag-scienceandtechnology","16":"tag-spain","17":"tag-technology","18":"tag-tecnologia"},"share_on_mastodon":{"url":"","error":""},"_links":{"self":[{"href":"https:\/\/www.europesays.com\/es\/wp-json\/wp\/v2\/posts\/130374","targetHints":{"allow":["GET"]}}],"collection":[{"href":"https:\/\/www.europesays.com\/es\/wp-json\/wp\/v2\/posts"}],"about":[{"href":"https:\/\/www.europesays.com\/es\/wp-json\/wp\/v2\/types\/post"}],"author":[{"embeddable":true,"href":"https:\/\/www.europesays.com\/es\/wp-json\/wp\/v2\/users\/2"}],"replies":[{"embeddable":true,"href":"https:\/\/www.europesays.com\/es\/wp-json\/wp\/v2\/comments?post=130374"}],"version-history":[{"count":0,"href":"https:\/\/www.europesays.com\/es\/wp-json\/wp\/v2\/posts\/130374\/revisions"}],"wp:featuredmedia":[{"embeddable":true,"href":"https:\/\/www.europesays.com\/es\/wp-json\/wp\/v2\/media\/130375"}],"wp:attachment":[{"href":"https:\/\/www.europesays.com\/es\/wp-json\/wp\/v2\/media?parent=130374"}],"wp:term":[{"taxonomy":"category","embeddable":true,"href":"https:\/\/www.europesays.com\/es\/wp-json\/wp\/v2\/categories?post=130374"},{"taxonomy":"post_tag","embeddable":true,"href":"https:\/\/www.europesays.com\/es\/wp-json\/wp\/v2\/tags?post=130374"}],"curies":[{"name":"wp","href":"https:\/\/api.w.org\/{rel}","templated":true}]}}