{"id":130379,"date":"2025-09-21T21:14:07","date_gmt":"2025-09-21T21:14:07","guid":{"rendered":"https:\/\/www.europesays.com\/es\/130379\/"},"modified":"2025-09-21T21:14:07","modified_gmt":"2025-09-21T21:14:07","slug":"encuentran-el-cuerpo-sin-vida-de-una-de-las-dos-personas-desaparecidas-tras-ser-arrastradas-por-las-fuertes-lluvias-en-barcelona","status":"publish","type":"post","link":"https:\/\/www.europesays.com\/es\/130379\/","title":{"rendered":"Encuentran el cuerpo sin vida de una de las dos personas desaparecidas tras ser arrastradas por las fuertes lluvias en Barcelona"},"content":{"rendered":"<p class=\"L6-news-detail__text\">Los Bombers de la Generalitat han confirmado el hallazgo del <b>cuerpo sin vida de una de las dos personas<\/b> desaparecidas en la riera de Mediona, en la zona de Sant Quint\u00ed de Mediona (Barcelona) despu\u00e9s de que su veh\u00edculo fuese arrastrado por el agua, a consecuencia de las fuertes lluvias. El cad\u00e1ver ha sido localizado a un kil\u00f3metro del lugar donde hab\u00edan sido vistas por \u00faltima vez las dos personas.<\/p>\n<p class=\"L6-news-detail__text\">El suceso ha ocurrido sobre las 18:30 horas de este domingo, cuando un testigo ha avisado a los servicios de emergencias de que <b>un coche estaba siendo arrastrado<\/b> por el agua de la riera y de que en su interior viajaban dos personas. En ese momento, los Bombers desplazaron al lugar <b>19 dotaciones de efectivos<\/b>, que han localizado a primera hora de la noche el coche pero sin nadie en su interior.<\/p>\n<p class=\"L6-news-detail__text\">Esta riera de la comarca barcelonesa del Pened\u00e8s es una de las que <b>ha registrado una crecida s\u00fabita<\/b> a consecuencia de las<b> fuertes tormentas<\/b> ca\u00eddas en Catalu\u00f1a, que en algunos puntos del entorno de la capital catalana han dejado m\u00e1s de 100 litros por metro cuadrado.<\/p>\n<p class=\"L6-news-detail__text\">Esto ha llevado a la Agencia Catalana del Agua (ACA) a pedir a los ciudadanos que extremen la precauci\u00f3n y no crucen ni r\u00edos ni rieras. El dispositivo de b\u00fasqueda<b> lo integran tambi\u00e9n submarinistas y especialistas<\/b> en rescate, ayudados tambi\u00e9n por drones y perros. Hasta la llegada de la noche, en la zona se ha trabajado tambi\u00e9n con un helic\u00f3ptero.<\/p>\n<p class=\"L6-news-detail__text\">El presidente de la Generalitat, Salvador<b> Illa, ha lamentado v\u00eda X el fallecimiento,<\/b> ha enviado su p\u00e9same a la familia y ha a\u00f1adido que \u00abcontin\u00faa la b\u00fasqueda de la otra persona desaparecida\u00bb<\/p>\n<p class=\"L6-news-detail__text\">Previamente el jefe de guardia de Bombers de la Generalitat, Jos\u00e9 Lu\u00eds L\u00f3pez, hab\u00eda se\u00f1alado que ten\u00edan informaci\u00f3n sobre un veh\u00edculo que hab\u00eda sido arrastrado por el agua: \u00ab<b>Estamos haciendo un despliegue importante de investigaci\u00f3n<\/b> de estas dos personas\u00bb, subray\u00f3, a lo que a\u00f1adi\u00f3 que el coche hab\u00eda sido localizado sin pasajeros.<\/p>\n<p class=\"L6-support-news-video__title\">Racismo en Monforte<\/p>\n<p>            <a href=\"https:\/\/www.lasexta.com\/noticias\/sociedad\/monforte-condena-atentado-cocteles-molotov-futuro-centro-menores-migrantes-acto-terrorista_2025092168d01ad3a2dd1a7e0d11505e.html\" class=\"L6-news__link\" rel=\"nofollow noopener\" target=\"_blank\"><br \/>\n                Monforte condena el \u00abatentado\u00bb con c\u00f3cteles molotov a un futuro centro de menores migrantes: \u00abEs un acto terrorista\u00bb<\/p>\n<p class=\"recirculation-video-desc\">Los detalles Este domingo, los vecinos de la localidad se han unido bajo la lluvia para trasladar su total negativa hacia estos hechos, que siguen siendo investigados por la Polic\u00eda, gritando al un\u00edsono: \u00abFascismo nunca m\u00e1s\u00bb.<\/p>\n<p>            <\/a><\/p>\n","protected":false},"excerpt":{"rendered":"Los Bombers de la Generalitat han confirmado el hallazgo del cuerpo sin vida de una de las dos&hellip;\n","protected":false},"author":2,"featured_media":130380,"comment_status":"","ping_status":"","sticky":false,"template":"","format":"standard","meta":{"footnotes":""},"categories":[8],"tags":[17,18,25,24,13,14,11,19,20,9,10,15,16,23,12,21,22],"class_list":{"0":"post-130379","1":"post","2":"type-post","3":"status-publish","4":"format-standard","5":"has-post-thumbnail","7":"category-espana","8":"tag-breaking-news","9":"tag-breakingnews","10":"tag-es","11":"tag-espana","12":"tag-featured-news","13":"tag-featurednews","14":"tag-headlines","15":"tag-latest-news","16":"tag-latestnews","17":"tag-news","18":"tag-noticias","19":"tag-noticias-destacadas","20":"tag-noticiasdestacadas","21":"tag-spain","22":"tag-titulares","23":"tag-ultimas-noticias","24":"tag-ultimasnoticias"},"share_on_mastodon":{"url":"","error":""},"_links":{"self":[{"href":"https:\/\/www.europesays.com\/es\/wp-json\/wp\/v2\/posts\/130379","targetHints":{"allow":["GET"]}}],"collection":[{"href":"https:\/\/www.europesays.com\/es\/wp-json\/wp\/v2\/posts"}],"about":[{"href":"https:\/\/www.europesays.com\/es\/wp-json\/wp\/v2\/types\/post"}],"author":[{"embeddable":true,"href":"https:\/\/www.europesays.com\/es\/wp-json\/wp\/v2\/users\/2"}],"replies":[{"embeddable":true,"href":"https:\/\/www.europesays.com\/es\/wp-json\/wp\/v2\/comments?post=130379"}],"version-history":[{"count":0,"href":"https:\/\/www.europesays.com\/es\/wp-json\/wp\/v2\/posts\/130379\/revisions"}],"wp:featuredmedia":[{"embeddable":true,"href":"https:\/\/www.europesays.com\/es\/wp-json\/wp\/v2\/media\/130380"}],"wp:attachment":[{"href":"https:\/\/www.europesays.com\/es\/wp-json\/wp\/v2\/media?parent=130379"}],"wp:term":[{"taxonomy":"category","embeddable":true,"href":"https:\/\/www.europesays.com\/es\/wp-json\/wp\/v2\/categories?post=130379"},{"taxonomy":"post_tag","embeddable":true,"href":"https:\/\/www.europesays.com\/es\/wp-json\/wp\/v2\/tags?post=130379"}],"curies":[{"name":"wp","href":"https:\/\/api.w.org\/{rel}","templated":true}]}}