{"id":130395,"date":"2025-09-21T21:25:12","date_gmt":"2025-09-21T21:25:12","guid":{"rendered":"https:\/\/www.europesays.com\/es\/130395\/"},"modified":"2025-09-21T21:25:12","modified_gmt":"2025-09-21T21:25:12","slug":"he-hecho-lo-que-he-podido-por-conocer-al-hijo-de-mi-prima-alejandra","status":"publish","type":"post","link":"https:\/\/www.europesays.com\/es\/130395\/","title":{"rendered":"\u201cHe hecho lo que he podido por conocer al hijo de mi prima Alejandra\u201d"},"content":{"rendered":"<p>Jos\u00e9 Mar\u00eda Almoguera es feliz y su felicidad tienen nombre propio: Mar\u00eda S\u00e1nchez. La relaci\u00f3n con su madre est\u00e1 en su mejor momento y \u00e9l se siente un hombre renovado. Sin embargo, su felicidad no es completa, la empa\u00f1a el distanciamiento de su prima, Alejandra Rubio que ha provocado que ni siguiera conozca a su hijo.<\/p>\n<p><strong>La \u00faltima vez que hiciste una entrevista para Lecturas tu vida era completamente diferente, \u00bfrecuerdas?<\/strong><br \/>S\u00ed, fue por mi entrada en \u2018GH D\u00daO\u2019, desde entonces ha cambiado todo mucho y podr\u00eda decir que a much\u00edsimo mejor, ahora estoy m\u00e1s tranquilo y podemos decir que m\u00e1s feliz.<\/p>\n<p><strong>\u00bfEn qu\u00e9 ha cambiado tu vida?<\/strong><br \/>El punto de inflexi\u00f3n fue el divorcio, fue cuando dije: \u201cYo no quiero esta vida. No quiero estar enfadado con todo el mundo, que los problemas me sobrepasen \u201d. Y empec\u00e9 a gestionar la vida de otra manera.<\/p>\n<p><strong>\u00bfDivorcio o separaci\u00f3n?<\/strong><br \/>Divorcio no existe, por lo tanto separaci\u00f3n.<\/p>\n<p><img loading=\"lazy\" decoding=\"async\"   src=\"https:\/\/www.europesays.com\/es\/wp-content\/uploads\/2025\/09\/jose-maria-almoguera_e9743923_250921185321_1200x789.webp.webp\" alt=\"Jos\u00e9 Mar\u00eda Almoguera\" class=\"lazyload\" width=\"1200\" height=\"789\" data-aspectratio=\"1200\/789\"\/>&#13;GTRES<\/p>\n<p><strong>\u00bfY antes de tu separaci\u00f3n tambi\u00e9n estabas enfadado?<\/strong><br \/>S\u00ed, con mi madre.<\/p>\n<p><strong>\u00bfTe arrepientes de eso?<\/strong><br \/>Vi\u00e9ndolo ahora no, porque me ha llevado a algo mucho mejor.<\/p>\n<p><strong>\u00bfCon ella?<\/strong><br \/>S\u00ed. A veces hay que dar un golpe en la mesa para que las cosas cambien. Y creo que el mantenerme en la postura correcta y defender la verdad me ha ayudado mucho, porque a d\u00eda de hoy saben c\u00f3mo soy y puedo tener una relaci\u00f3n mucho m\u00e1s real con mi familia, con mi madre, con mi t\u00eda.<\/p>\n<p><strong>\u00bfEn que punto est\u00e1 tu relaci\u00f3n con tu madre ahora?<\/strong><br \/>Maravillosa.<\/p>\n<p><strong>\u00bfCuando entraste en \u2018GH D\u00daO\u2019 estabas cerrado al amor?<\/strong><br \/>Completamente. Fue Mar\u00eda la que me abri\u00f3 al amor. Si no llega a ser por ella no me lo habr\u00eda planteado. Ambos est\u00e1bamos cerrados al amor.<\/p>\n<p><strong>\u00bfY qu\u00e9 te hizo abrirte al amor, que hizo o ten\u00eda Mar\u00eda?<\/strong><br \/>Lo primero que es \u00fanica su forma de ser, es tan natural que te hace sentir c\u00f3modo en cualquier situaci\u00f3n. Es una persona con la que puedes hablar de cualquier tema, yo antes no hab\u00eda tenido una persona que me escuchara.<\/p>\n<p><strong>\u00bfC\u00f3mo es la relaci\u00f3n de Mar\u00eda con tu familia?<\/strong><br \/>Con toda mi familia se lleva muy, muy bien. Mi madre la adora, y ella adora a mi madre. Mi hijo la adora, mi padre le tiene mucho cari\u00f1o, con mi t\u00eda se lleva bien, no tienen tanta relaci\u00f3n porque se han visto pocas veces. Con mi hermana se lleva genial. A mi prima<br \/>no la conoce.<\/p>\n<p><strong>\u00bfPodemos decir que es la pareja con la que m\u00e1s ha congeniado tu madre?<\/strong><br \/>Eso habr\u00eda que pregunt\u00e1rselo a ella, yo creo que s\u00ed.<\/p>\n<p><img loading=\"lazy\" decoding=\"async\"   src=\"https:\/\/www.europesays.com\/es\/wp-content\/uploads\/2025\/09\/jose-maria-almoguera_97681b2d_250921185626_1200x1799.webp.webp\" alt=\"Jos\u00e9 Mar\u00eda Almoguera\" class=\"lazyload\" width=\"1200\" height=\"1799\" data-aspectratio=\"1200\/1799\"\/>&#13;Gar\u00f3fano<\/p>\n<p><strong>\u00bfTe dijo algo que te llamara la atenci\u00f3n cuando la conoci\u00f3?<\/strong><br \/>S\u00ed, me dijo una cosa que sorprendi\u00f3 bastante: \u201cA tu abuela le encantar\u00eda\u201d. Por c\u00f3mo es, a adoptar\u00eda como hija.<\/p>\n<p><strong>Eso es lo m\u00e1s bonito que te pueden decir.<\/strong><br \/>S\u00ed. Es important\u00edsimo y necesario que la persona con la que est\u00e9s encaje en tu c\u00edrculo. Si todo encaja bien es muy f\u00e1cil seguir adelante. Y tanto es as\u00ed que nos vamos a ir a vivir juntos.<\/p>\n<p><strong>\u00bfEst\u00e1is abiertos a dar m\u00e1s pasos en la relaci\u00f3n, os casar\u00edais?<\/strong><br \/>Yo primero me tengo que divorciar, vamos a ser claros. Y cuando me divorcie, sanar las heridas que gener\u00f3 ese divorcio, tanto emocionales como econ\u00f3micas, para yo poder afrontar un nuevo matrimonio desde cero. Un divorcio tiene unos costes, tanto econ\u00f3micos como mentales, porque t\u00fa pasas de un amor al odio, y del odio a la indiferencia. Yo estoy en ese momento de indiferencia pero cuando remueves ciertas cosas vuelve el odio, que no es odio como tal, pero vuelve ese sentimiento de in-<br \/>comodidad con esa persona. T\u00fa no te puedes casar con una persona si tienes alg\u00fan<br \/>tipo de sentimiento bueno o malo por otra.<\/p>\n<p><strong>\u00bfQu\u00e9 frena ese divorcio?<\/strong><br \/>Preg\u00fantaselo a ella.<\/p>\n<p><strong>\u00bfEs ella la que frena, no pone fecha, o es que no quiere?<\/strong><br \/>Que yo sepa, quiere.<\/p>\n<p><strong>\u00bfEntonces?<\/strong><br \/>No lo s\u00e9, pero no hay nada firmado.<\/p>\n<p><strong>\u00bfPor su parte?<\/strong><br \/>Por su parte.<\/p>\n<p><strong>\u00bfY t\u00fa no tienes confianza con ella para preguntar por qu\u00e9 no firma?<\/strong><br \/>No.<\/p>\n<p><strong>\u00bfNo os llev\u00e1is bien?<\/strong><br \/>No tenemos relaci\u00f3n. Y cuando le he preguntado siempre ha habido cambio de tema.<\/p>\n<p><strong>\u00bfY por qu\u00e9 crees que es?<\/strong><br \/>No lo s\u00e9. Me gustar\u00eda saberlo: qu\u00e9 le impide firmar todo esto y dejarlo ya a un lado.<\/p>\n<p><img loading=\"lazy\" decoding=\"async\"   src=\"https:\/\/www.europesays.com\/es\/wp-content\/uploads\/2025\/09\/jose-maria-almoguera_1067d5ae_250921185637_1200x675.webp.webp\" alt=\"Jos\u00e9 Maria Almoguera\" class=\"lazyload\" width=\"1200\" height=\"675\" data-aspectratio=\"1200\/675\"\/>&#13;Gar\u00f3fano<\/p>\n<p><strong>\u00bfEn qu\u00e9 te ha cambiado la vida tener un hijo?<\/strong><br \/>Es casi imposible borrarme la sonrisa de la cara desde que soy padre. Es algo que es maravilloso, me la ha cambiado a mejor.<\/p>\n<p><strong>\u00bfTe imaginabas que te iba a provocar eso ser padre?<\/strong><br \/>S\u00ed. Yo quer\u00eda ser padre y sab\u00eda que no iba a ser mal padre. Es m\u00e1s, sab\u00eda que iba a ser un buen padre.<\/p>\n<p><strong>\u00bfY c\u00f3mo es tu madre de abuela?<\/strong><br \/>La hostia. La adora y ella est\u00e1 que se le cae la baba, mi hijo es muy bueno y es f\u00e1cil cogerle cari\u00f1o.<\/p>\n<p><strong>\u00bfCon tu t\u00eda Terelu tienes buena relaci\u00f3n?<\/strong><br \/>Yo tengo una relaci\u00f3n normal, buena, de familia. De repente ha cambiado mucho.<\/p>\n<p><strong>\u00bfQu\u00e9 ha pasado?<\/strong><br \/>A ver, hablando mal y pronto, quiz\u00e1 yo he dejado de ser un ni\u00f1o para ser hombre y cuando eres ni\u00f1o obvias ciertas cosas que ni te llaman la atenci\u00f3n, pero cuando eres m\u00e1s mayor y aprendes no te gustan, y entonces comentas y eso genera una diferencia de opiniones, y al haber diferencia de opiniones, la gente se aleja.<\/p>\n<p><strong>Hablamos de tu prima. \u00bfPodemos decir que cuando t\u00fa le has plantado cara o le has contestado, ella se ha echado para atr\u00e1s?<\/strong><br \/>No lo s\u00e9. Hay veces que de bueno te tratan de tonto, y no es tan as\u00ed. Yo, por no generar ciertas situaciones, me he callado.<\/p>\n<p><strong>\u00bfAnte qu\u00e9, por ejemplo?<\/strong><br \/>Ante ciertos comentarios que se hicieron sobre m\u00ed que me parecieron injustos.<\/p>\n<p><strong>\u00bfDe cosas que se han dicho en televisi\u00f3n o fuera?<\/strong><br \/>Yo fuera no tengo ning\u00fan tipo de relaci\u00f3n. Nos hemos mandado cuatro mensajes en dos a\u00f1os. No hay tanta relaci\u00f3n como ten\u00edamos antes, a ella se la ha olvidado toda la relaci\u00f3n que ten\u00edamos antes.<\/p>\n<p><strong>\u00bfQu\u00e9 relaci\u00f3n hab\u00eda ah\u00ed?<\/strong><br \/>Un primo mayor con una prima peque\u00f1a. Nosotros verane\u00e1bamos juntos en Marbella, \u00edbamos juntos a todos lados.<\/p>\n<p><img loading=\"lazy\" decoding=\"async\"   src=\"https:\/\/www.europesays.com\/es\/wp-content\/uploads\/2025\/09\/jose-maria-almoguera-terelu-campos-y-maria-sanchez-la-jerezana_7376559a_250921185647_1200x1800.webp.webp\" alt=\"Jos\u00e9 Mar\u00eda Almoguera, Terelu Campos y Mar\u00eda S\u00e1nchez 'La Jerezana'\" class=\"lazyload\" width=\"1200\" height=\"1800\" data-aspectratio=\"1200\/1800\"\/>&#13;GTRES<\/p>\n<p><strong>\u00bfQu\u00e9 es lo que m\u00e1s te ha dolido, a lo mejor que no se preocupe de conocer a tu ni\u00f1o?<\/strong><br \/>El distanciamiento sin saber por qu\u00e9. Que a lo mejor opines de ciertas situaciones que no conoces, que tengas siempre esta connotaci\u00f3n tan negativa sobre m\u00ed.<\/p>\n<p><strong>\u00bfTe da pena no conocer a su beb\u00e9?<\/strong><br \/>S\u00ed, mucha. M\u00e1s que yo no conocer a su beb\u00e9, es que a mi hijo no lo conozca, \u00bfmi hijo qu\u00e9 ha hecho?<\/p>\n<p><strong>\u00bfLo has intentado?<\/strong><br \/>\u00a0He hecho lo que he podido. Siempre me dice: \u201cS\u00ed, s\u00ed, m\u00e1s adelante\u201d. Pero nunca llega. Eso es como un no.<\/p>\n<p><strong>\u00bfHay soluci\u00f3n?<\/strong><br \/>No depende de m\u00ed. Yo he hecho todo lo posible, tengo aqu\u00ed mi tel\u00e9fono esperando a ver si alg\u00fan d\u00eda suena.<\/p>\n","protected":false},"excerpt":{"rendered":"Jos\u00e9 Mar\u00eda Almoguera es feliz y su felicidad tienen nombre propio: Mar\u00eda S\u00e1nchez. La relaci\u00f3n con su madre&hellip;\n","protected":false},"author":2,"featured_media":130396,"comment_status":"","ping_status":"","sticky":false,"template":"","format":"standard","meta":{"footnotes":""},"categories":[174],"tags":[255,146,147,25,24,256,23],"class_list":{"0":"post-130395","1":"post","2":"type-post","3":"status-publish","4":"format-standard","5":"has-post-thumbnail","7":"category-famosos","8":"tag-celebrities","9":"tag-entertainment","10":"tag-entretenimiento","11":"tag-es","12":"tag-espana","13":"tag-famosos","14":"tag-spain"},"share_on_mastodon":{"url":"","error":""},"_links":{"self":[{"href":"https:\/\/www.europesays.com\/es\/wp-json\/wp\/v2\/posts\/130395","targetHints":{"allow":["GET"]}}],"collection":[{"href":"https:\/\/www.europesays.com\/es\/wp-json\/wp\/v2\/posts"}],"about":[{"href":"https:\/\/www.europesays.com\/es\/wp-json\/wp\/v2\/types\/post"}],"author":[{"embeddable":true,"href":"https:\/\/www.europesays.com\/es\/wp-json\/wp\/v2\/users\/2"}],"replies":[{"embeddable":true,"href":"https:\/\/www.europesays.com\/es\/wp-json\/wp\/v2\/comments?post=130395"}],"version-history":[{"count":0,"href":"https:\/\/www.europesays.com\/es\/wp-json\/wp\/v2\/posts\/130395\/revisions"}],"wp:featuredmedia":[{"embeddable":true,"href":"https:\/\/www.europesays.com\/es\/wp-json\/wp\/v2\/media\/130396"}],"wp:attachment":[{"href":"https:\/\/www.europesays.com\/es\/wp-json\/wp\/v2\/media?parent=130395"}],"wp:term":[{"taxonomy":"category","embeddable":true,"href":"https:\/\/www.europesays.com\/es\/wp-json\/wp\/v2\/categories?post=130395"},{"taxonomy":"post_tag","embeddable":true,"href":"https:\/\/www.europesays.com\/es\/wp-json\/wp\/v2\/tags?post=130395"}],"curies":[{"name":"wp","href":"https:\/\/api.w.org\/{rel}","templated":true}]}}