{"id":130399,"date":"2025-09-21T21:29:09","date_gmt":"2025-09-21T21:29:09","guid":{"rendered":"https:\/\/www.europesays.com\/es\/130399\/"},"modified":"2025-09-21T21:29:09","modified_gmt":"2025-09-21T21:29:09","slug":"reedicion-en-vinilo-de-judas-priest-exodus-en-iberoamerica-escucha-el-disco-de-igorrr","status":"publish","type":"post","link":"https:\/\/www.europesays.com\/es\/130399\/","title":{"rendered":"Reedici\u00f3n en vinilo de JUDAS PRIEST. EXODUS en Iberoam\u00e9rica. Escucha el disco de IGORRR."},"content":{"rendered":"<p>\u00a0<\/p>\n<p style=\"text-align: center;\"><strong><a href=\"#JUDAS_PRIEST\">Reedici\u00f3n en vinilo de JUDAS PRIEST<\/a> \u2013 <a href=\"#EXODUS2\">EXODUS en Iberoam\u00e9rica<\/a> \u2013 <a href=\"#IGORRR\">Escucha el disco de IGORRR<\/a>.<\/strong><\/p>\n<p>El m\u00edtico disco de <a href=\"https:\/\/www.facebook.com\/OfficialJudasPriest\" target=\"_blank\" rel=\"noopener nofollow\"><strong>JUDAS PRIEST<\/strong><\/a> \u201cPainkiller\u201d ser\u00e1 reeditado el 18 de octubre con motivo de su trig\u00e9simo quinto aniversario en vinilo azul y blanco tipo m\u00e1rmol y vinilo negro.<\/p>\n<p>El material ha sido remasterizado a partir de las pistas anal\u00f3gicas por Tom Allom y Matt Colton.<\/p>\n<p>En principio la banda sacar\u00e1 pr\u00f3ximamente una versi\u00f3n del cl\u00e1sico de BLACK SABBATH \u201cWar Pigs\u201d con Ozzy Osbourne.<\/p>\n<p>La banda <a href=\"https:\/\/www.rafabasa.com\/2025\/07\/02\/judas-priest-clawfinger-hyshtral\/#PRIEST\" rel=\"nofollow noopener\" target=\"_blank\">estren\u00f3 en julio<\/a> esa versi\u00f3n del cl\u00e1sico de BLACK SABBATH \u201cWar Pigs\u201d.<\/p>\n<p>Nuestra cr\u00f3nica de su concierto en Bilbao en este <a href=\"https:\/\/www.rafabasa.com\/2025\/07\/03\/cronica-y-fotos-de-judas-priest-phil-campbell-and-the-bastard-sons-en-bilbao\/\" rel=\"nofollow noopener\" target=\"_blank\">enlace<\/a>.<\/p>\n<p>Sony Music estrenar\u00e1 pr\u00f3ximamente un documental sobre <a href=\"https:\/\/www.facebook.com\/OfficialJudasPriest\" target=\"_blank\" rel=\"noopener nofollow\"><strong>JUDAS PRIEST<\/strong><\/a> titulado <a href=\"https:\/\/www.rafabasa.com\/2025\/05\/21\/judas-priest-igorrr-malevolence\/#JUDAS_PRIEST\" rel=\"nofollow noopener\" target=\"_blank\">\u201cThe Ballad Of Judas Priest\u201d<\/a>.<\/p>\n<p><img fetchpriority=\"high\" decoding=\"async\" src=\"https:\/\/www.europesays.com\/es\/wp-content\/uploads\/2025\/09\/jun2025_1_500x267.jpg\" alt=\"judas\" width=\"500\" height=\"267\"\/><\/p>\n<p>\u00a0<\/p>\n<p>\u00a0<\/p>\n<p><a href=\"https:\/\/exodusattack.com\/site\/\" target=\"_blank\" rel=\"noopener nofollow\"><strong>EXODUS<\/strong><\/a> visitar\u00e1n Iberoam\u00e9rica en breve. Estas son las citas:<\/p>\n<p>Octubre<\/p>\n<ul>\n<li>07 Circo Volador, Ciudad de M\u00e9xico, M\u00e9xico<\/li>\n<li>09 Carioca Club, Sao Paulo, Brasil<\/li>\n<li>11 Teatro Cariola, Santiago, Chile<\/li>\n<li>12 El Teatro Flores, Buenos Aires, Argentina<\/li>\n<li>14 C.C. Festiva, Lima, Per\u00fa<\/li>\n<li>16 Pepper\u2019s Club, San Jos\u00e9, Costa Rica<\/li>\n<li>18 Auditorio Cun, Bogot\u00e1, Colombia<\/li>\n<li>19 Latitude 47, Ciudad de Panam\u00e1, Panam\u00e1<\/li>\n<li>22 Radio House Casa Campo, Tegucigalpa, Honduras<\/li>\n<\/ul>\n<p><strong>EXODUS<\/strong> contar\u00e1n con Mark Lewis para mezclar su <a href=\"https:\/\/www.rafabasa.com\/2025\/03\/18\/exodus-suffocation-frank-hannon\/#EXODUS\" rel=\"nofollow noopener\" target=\"_blank\">pr\u00f3ximo disco<\/a>, dispuesto para primeros de 2026 a trav\u00e9s de Napalm Records.<\/p>\n<p>La banda estren\u00f3 una <a href=\"https:\/\/www.rafabasa.com\/2025\/04\/22\/exodus-estrenan-version-de-scorpions-con-un-invitado-especial\/\" rel=\"nofollow noopener\" target=\"_blank\">versi\u00f3n de SCORPIONS<\/a> el pasado mes de abril.<\/p>\n<p>En este <a href=\"https:\/\/www.rafabasa.com\/2024\/06\/03\/tony-martin-explica-porque-eternal-idol-no-esta-en-la-caja-de-black-sabbath-escucha-el-directo-de-exodus-asinhell-se-estrenan-en-directo\/#EXODUS\" target=\"_blank\" rel=\"noopener nofollow\">bloque<\/a> pod\u00e9is escuchar \u00edntegro el nuevo directo de <a href=\"https:\/\/exodusattack.com\/site\/\" target=\"_blank\" rel=\"noopener nofollow\"><strong>EXODUS<\/strong><\/a> \u201cBritish Disaster: The Battle Of \u201989 (Live At The Astoria)\u201d, aparecido el 31 de mayo con Nuclear Blast.<\/p>\n<p>Todos los detalles en esta <a href=\"https:\/\/www.rafabasa.com\/2024\/04\/10\/exodus-guadana-category-7\/#EXODUS\" target=\"_blank\" rel=\"noopener nofollow\">noticia<\/a>.<\/p>\n<p>\u00a0<\/p>\n<p>A continuaci\u00f3n pod\u00e9is escuchar el nuevo disco de <a href=\"https:\/\/www.facebook.com\/IgorrrBarrroque\" target=\"_blank\" rel=\"noopener nofollow\"><strong>IGORRR<\/strong><\/a> \u201cAmen\u201d, aparecido el 19 de septiembre a trav\u00e9s de Metal Blade.<\/p>\n<p>Todos los detalles en esta <a href=\"https:\/\/www.rafabasa.com\/2025\/04\/03\/dokken-podrian-haber-hecho-su-ultimo-disco-video-y-proximo-album-de-igorrr-fechas-de-spirit-adrift\/#IGORRR\" rel=\"nofollow noopener\" target=\"_blank\">noticia<\/a> y los v\u00eddeos aparecidos en <a href=\"https:\/\/www.rafabasa.com\/2025\/06\/27\/megadeth-jelusick-igorrr\/#IGORRR\" rel=\"nofollow noopener\" target=\"_blank\">esta<\/a>.<\/p>\n<p align=\"center\"><strong>Sigue el\u00a0<a href=\"https:\/\/whatsapp.com\/channel\/0029VaCprxVBA1f555USvT2O\" target=\"_blank\" rel=\"nofollow noopener\">Canal de RAFABASA.COM en WhatsApp<\/a>, donde encontrar\u00e1s todas nuestras novedades al instante<\/strong><\/p>\n<p>\u00a0<\/p>\n<p>\u00a0<\/p>\n<p>\u00a0<\/p>\n","protected":false},"excerpt":{"rendered":"\u00a0 Reedici\u00f3n en vinilo de JUDAS PRIEST \u2013 EXODUS en Iberoam\u00e9rica \u2013 Escucha el disco de IGORRR. El&hellip;\n","protected":false},"author":2,"featured_media":130400,"comment_status":"","ping_status":"","sticky":false,"template":"","format":"standard","meta":{"footnotes":""},"categories":[170],"tags":[146,147,25,24,41842,41843,478,184,185,23],"class_list":{"0":"post-130399","1":"post","2":"type-post","3":"status-publish","4":"format-standard","5":"has-post-thumbnail","7":"category-musica","8":"tag-entertainment","9":"tag-entretenimiento","10":"tag-es","11":"tag-espana","12":"tag-exodus","13":"tag-igorrr","14":"tag-judas-priest","15":"tag-music","16":"tag-musica","17":"tag-spain"},"share_on_mastodon":{"url":"","error":""},"_links":{"self":[{"href":"https:\/\/www.europesays.com\/es\/wp-json\/wp\/v2\/posts\/130399","targetHints":{"allow":["GET"]}}],"collection":[{"href":"https:\/\/www.europesays.com\/es\/wp-json\/wp\/v2\/posts"}],"about":[{"href":"https:\/\/www.europesays.com\/es\/wp-json\/wp\/v2\/types\/post"}],"author":[{"embeddable":true,"href":"https:\/\/www.europesays.com\/es\/wp-json\/wp\/v2\/users\/2"}],"replies":[{"embeddable":true,"href":"https:\/\/www.europesays.com\/es\/wp-json\/wp\/v2\/comments?post=130399"}],"version-history":[{"count":0,"href":"https:\/\/www.europesays.com\/es\/wp-json\/wp\/v2\/posts\/130399\/revisions"}],"wp:featuredmedia":[{"embeddable":true,"href":"https:\/\/www.europesays.com\/es\/wp-json\/wp\/v2\/media\/130400"}],"wp:attachment":[{"href":"https:\/\/www.europesays.com\/es\/wp-json\/wp\/v2\/media?parent=130399"}],"wp:term":[{"taxonomy":"category","embeddable":true,"href":"https:\/\/www.europesays.com\/es\/wp-json\/wp\/v2\/categories?post=130399"},{"taxonomy":"post_tag","embeddable":true,"href":"https:\/\/www.europesays.com\/es\/wp-json\/wp\/v2\/tags?post=130399"}],"curies":[{"name":"wp","href":"https:\/\/api.w.org\/{rel}","templated":true}]}}