{"id":130410,"date":"2025-09-21T21:36:24","date_gmt":"2025-09-21T21:36:24","guid":{"rendered":"https:\/\/www.europesays.com\/es\/130410\/"},"modified":"2025-09-21T21:36:24","modified_gmt":"2025-09-21T21:36:24","slug":"la-otan-despliega-dos-cazas-alemanes-para-responder-a-un-avion-ruso-en-el-baltico","status":"publish","type":"post","link":"https:\/\/www.europesays.com\/es\/130410\/","title":{"rendered":"La OTAN despliega dos cazas alemanes para responder a un avi\u00f3n ruso en el B\u00e1ltico"},"content":{"rendered":"<p><img id=\"fotoPrincipalNoticia\" src=\"https:\/\/www.europesays.com\/es\/wp-content\/uploads\/2025\/09\/fotonoticia_20250921141208_690.jpg\" loading=\"eager\" decoding=\"async\" style=\"view-transition-name: fechor_20250921141208;\" border=\"0\" alt=\"Archivo - Caza Eurofighter de la Fuerza A\u00e9rea alemana en un vuelo de entrenamiento en Norvenich\" fetchpriority=\"high\" title=\"La OTAN despliega dos cazas alemanes para responder a un avi\u00f3n ruso en el B\u00e1ltico\" width=\"690\" height=\"460\" itemprop=\"image\"\/><\/p>\n<p>Archivo &#8211; Caza Eurofighter de la Fuerza A\u00e9rea alemana en un vuelo de entrenamiento en Norvenich &#8211; Christoph Reichwein\/dpa &#8211; Archivo<\/p>\n<p><strong><a style=\"color:#cc0000\" href=\"https:\/\/www.europapress.es\/internacional\/noticia-guerra-ucrania-rusia-directo-ultima-hora-conversaciones-paz-sanciones-enfrentamientos-20250916074447.html\" title=\"Sigue en directo las \u00faltimas noticias sobre la guerra en Ucrania\" rel=\"nofollow noopener\" target=\"_blank\">Sigue en directo las \u00faltimas noticias sobre la guerra en Ucrania<\/a><\/strong><\/p>\n<p>    BERL\u00cdN 21 Sep. (DPA\/EP) &#8211; <\/p>\n<p>   La OTAN ha activado este domingo dos cazas Eurofighter de la Fuerza A\u00e9rea alemana ante la presencia de un avi\u00f3n militar ruso sobre el mar B\u00e1ltico, en el \u00faltimo de una serie de incidentes que han activado desde la semana pasada las alertas en el seno de la Alianza Atl\u00e1ntica en el denominado flanco oriental.<\/p>\n<p>   La aeronave sospechosa, un avi\u00f3n de reconocimiento Il-20M, no pudo ser identificada en un primer momento y volaba sin ning\u00fan plan de vuelo notificado ni contactos por radio en el espacio a\u00e9reo internacional, seg\u00fan la Fuerza A\u00e9rea de Alemania.<\/p>\n<p>   Los Eurofighter han partido desde la base militar de Rostock-Laage, en el norte de Alemania, como medida de precauci\u00f3n. De hecho, las Fuerzas Armadas alemanas han puesto a disposici\u00f3n de la OTAN m\u00e1s aeronaves para contribuir a la protecci\u00f3n del flanco este a ra\u00edz de las \u00faltimas incursiones de aparatos rusos.<\/p>\n<p>   La Alianza Atl\u00e1ntica se puso especialmente en guardia tras la incursi\u00f3n de casi una veintena de drones rusos en el espacio a\u00e9reo de Polonia la semana pasada, aunque desde entonces tambi\u00e9n se han registrado incidentes en Ruman\u00eda y Estonia.<\/p>\n","protected":false},"excerpt":{"rendered":"Archivo &#8211; Caza Eurofighter de la Fuerza A\u00e9rea alemana en un vuelo de entrenamiento en Norvenich &#8211; Christoph&hellip;\n","protected":false},"author":2,"featured_media":130411,"comment_status":"","ping_status":"","sticky":false,"template":"","format":"standard","meta":{"footnotes":""},"categories":[42],"tags":[17,18,13,14,11,61,62,63,64,19,20,9,10,15,16,12,21,22,65,66,67],"class_list":{"0":"post-130410","1":"post","2":"type-post","3":"status-publish","4":"format-standard","5":"has-post-thumbnail","7":"category-internacional","8":"tag-breaking-news","9":"tag-breakingnews","10":"tag-featured-news","11":"tag-featurednews","12":"tag-headlines","13":"tag-internacional","14":"tag-international","15":"tag-international-news","16":"tag-internationalnews","17":"tag-latest-news","18":"tag-latestnews","19":"tag-news","20":"tag-noticias","21":"tag-noticias-destacadas","22":"tag-noticiasdestacadas","23":"tag-titulares","24":"tag-ultimas-noticias","25":"tag-ultimasnoticias","26":"tag-world","27":"tag-world-news","28":"tag-worldnews"},"share_on_mastodon":{"url":"","error":""},"_links":{"self":[{"href":"https:\/\/www.europesays.com\/es\/wp-json\/wp\/v2\/posts\/130410","targetHints":{"allow":["GET"]}}],"collection":[{"href":"https:\/\/www.europesays.com\/es\/wp-json\/wp\/v2\/posts"}],"about":[{"href":"https:\/\/www.europesays.com\/es\/wp-json\/wp\/v2\/types\/post"}],"author":[{"embeddable":true,"href":"https:\/\/www.europesays.com\/es\/wp-json\/wp\/v2\/users\/2"}],"replies":[{"embeddable":true,"href":"https:\/\/www.europesays.com\/es\/wp-json\/wp\/v2\/comments?post=130410"}],"version-history":[{"count":0,"href":"https:\/\/www.europesays.com\/es\/wp-json\/wp\/v2\/posts\/130410\/revisions"}],"wp:featuredmedia":[{"embeddable":true,"href":"https:\/\/www.europesays.com\/es\/wp-json\/wp\/v2\/media\/130411"}],"wp:attachment":[{"href":"https:\/\/www.europesays.com\/es\/wp-json\/wp\/v2\/media?parent=130410"}],"wp:term":[{"taxonomy":"category","embeddable":true,"href":"https:\/\/www.europesays.com\/es\/wp-json\/wp\/v2\/categories?post=130410"},{"taxonomy":"post_tag","embeddable":true,"href":"https:\/\/www.europesays.com\/es\/wp-json\/wp\/v2\/tags?post=130410"}],"curies":[{"name":"wp","href":"https:\/\/api.w.org\/{rel}","templated":true}]}}