{"id":130414,"date":"2025-09-21T21:38:17","date_gmt":"2025-09-21T21:38:17","guid":{"rendered":"https:\/\/www.europesays.com\/es\/130414\/"},"modified":"2025-09-21T21:38:17","modified_gmt":"2025-09-21T21:38:17","slug":"julia-benach-y-manuel-pastor-en-lo-mas-alto-de-la-segunda-parada-de-la-copa-de-espana-de-bloque-en-mijas","status":"publish","type":"post","link":"https:\/\/www.europesays.com\/es\/130414\/","title":{"rendered":"Julia Benach y Manuel Pastor en lo m\u00e1s alto de la segunda parada de la Copa de Espa\u00f1a de Bloque en Mijas."},"content":{"rendered":"<p><strong>Fotos: Javi Pec \/ B3<\/strong> <strong>Sportainment<\/strong><\/p>\n<p><strong>Intensa final de Bloque en Las Lagunas (Mijas) con una intratable Julia Benach y victoria de Manuel Pastor en la tarde del domingo que suma un podio m\u00e1s en su palmar\u00e9s nacional. M\u00e1s de 300 deportistas han buscado la medalla en un fin de semana que arrancaba con las rondas juveniles ayer s\u00e1bado. Una competici\u00f3n organizada por B3 sportainment, junto a la FEDME, y que ha contado con el apoyo del Ayuntamiento de Mijas.<\/strong><\/p>\n<p>La modalidad de bloque, la disciplina que mayor n\u00famero de participantes ha sumado este fin de semana a m\u00e1s de 300 inscripciones, arrancaba ayer s\u00e1bado con las rondas clasificatorias y finales de las categor\u00edas juveniles. Una intensa y larga jornada, que el p\u00fablico aport\u00f3 las energ\u00edas necesarias para llevar a los mejores j\u00f3venes del panorama nacional a lo m\u00e1s alto del podio de esta segunda cita de la Copa de Espa\u00f1a de Bloque.<\/p>\n<p>Hoy domingo ha ocupado a la categor\u00eda absoluta que tras superar las rondas clasificatorias nos han llevado a una intensa final en esta tarde.<\/p>\n<p>Victoria indiscutible de para <strong>Julia Benach<\/strong> en la categor\u00eda absoluta, que sumaba <strong>99.8 puntos<\/strong>, encadenando los cuatro bloques planteados en esta final y que compart\u00eda podio con <strong>Paula Traverso<\/strong> (84.6) como segunda clasificada y <strong>Luc\u00eda Sempere<\/strong> (84.1) en tercera posici\u00f3n. En la categor\u00eda masculina <strong>Manuel Pastor<\/strong>, se aup\u00f3 a lo m\u00e1s alto del podio con una puntuaci\u00f3n de<strong> 69.7<\/strong>, en una final que iba de menos a m\u00e1s, encadenando los dos \u00faltimos bloques. Una victoria frente a <strong>Ra\u00fal Escribano<\/strong>, que ocupar\u00eda la segunda plaza con dos tops (69.5), junto a <strong>Andr\u00e9s Vila<\/strong> que complet\u00f3 el podio masculino con 54.3 puntos.<\/p>\n<p><img loading=\"lazy\" decoding=\"async\" width=\"1024\" height=\"683\" data-id=\"69168\" src=\"https:\/\/www.europesays.com\/es\/wp-content\/uploads\/2025\/09\/Podio_BL_MIJAS_2025_ABS_FEM-1024x683.jpeg\" alt=\"\" class=\"wp-image-69168\"  \/><\/p>\n<p><img loading=\"lazy\" decoding=\"async\" width=\"1024\" height=\"683\" data-id=\"69169\" src=\"https:\/\/www.europesays.com\/es\/wp-content\/uploads\/2025\/09\/Podio_BL_MIJAS_2025_ABS_MASC-1024x683.jpeg\" alt=\"\" class=\"wp-image-69169\"  \/><\/p>\n<p>En la <strong>categor\u00eda U15<\/strong> victoria para <strong>Sof\u00eda Fern\u00e1ndez<\/strong> que completaba la final con 84.4 puntos, que con tres tops se impon\u00eda en la final frente a <strong>Rebeca Garc\u00eda<\/strong> (69.2). En la ronda masculina victoria para <strong>Nicolau Taulants<\/strong>, que con 69.5 puntos, superaba con un m\u00ednimo margen de pegues a <strong>Nicol\u00e1s Scutelnicu <\/strong>(69.4) en la ronda final.<\/p>\n<p>La joven escaladora <strong>Loreto Franganillo<\/strong> ocupar\u00eda la primera posici\u00f3n en la <strong>categor\u00eda U17<\/strong> al encadenar tres de los cuatro bloques propuestos para la final femenina, acumulando 84.6 puntos, frente a <strong>Udane Mugica<\/strong> (69.9) en una ronda final en la que encadenaba dos de los cuatro bloques levantados en las Lagunas de Mijas. <strong>Keanu Israel Villatoro<\/strong> se aupar\u00eda a la primera posici\u00f3n con una puntuaci\u00f3n de 68.9 frente a <strong>Bernat Munne<\/strong> (68.8) en una ajustad\u00edsima final que se decid\u00eda por la m\u00ednima diferencia de pegues, con dos tops cada uno de los escaladores. Un podio que se decid\u00eda por muy pocos detalles.<\/p>\n<p>Una competici\u00f3n de bloque que cierra la categor\u00eda U19 con victoria de <strong>Mar\u00eda Farr\u00e9<\/strong> que con una puntuaci\u00f3n de 84.8 ocupar\u00eda la primera plaza con tres tops que le aseguraban la medalla de oro por delante de <strong>India Persson<\/strong> (69.6) como segunda clasificada. <strong>Lucas P\u00e9rez<\/strong> se impon\u00eda tambi\u00e9n en la categor\u00eda U19 en una final que cont\u00f3 con pocos tops, y en la que el joven escalador extreme\u00f1o sumaba 54.3 puntos frente a <strong>Fernando Olivera<\/strong> (53.7)<\/p>\n<p><img loading=\"lazy\" decoding=\"async\" width=\"1024\" height=\"683\" data-id=\"69171\" src=\"https:\/\/www.europesays.com\/es\/wp-content\/uploads\/2025\/09\/U15_FEM_Mijas_2025-1024x683.jpeg\" alt=\"\" class=\"wp-image-69171\"  \/><\/p>\n<p><img loading=\"lazy\" decoding=\"async\" width=\"1024\" height=\"683\" data-id=\"69173\" src=\"https:\/\/www.europesays.com\/es\/wp-content\/uploads\/2025\/09\/U15_MASC_Mijas_2025-1024x683.jpeg\" alt=\"\" class=\"wp-image-69173\"  \/><\/p>\n<p><img loading=\"lazy\" decoding=\"async\" width=\"1024\" height=\"683\" data-id=\"69172\" src=\"https:\/\/www.europesays.com\/es\/wp-content\/uploads\/2025\/09\/U17_FEM_Mijas_2025-1024x683.jpeg\" alt=\"\" class=\"wp-image-69172\"  \/><\/p>\n<p><img loading=\"lazy\" decoding=\"async\" width=\"1024\" height=\"683\" data-id=\"69170\" src=\"https:\/\/www.europesays.com\/es\/wp-content\/uploads\/2025\/09\/U17_MASC_Mijas_2025-1024x683.jpeg\" alt=\"\" class=\"wp-image-69170\"  \/><\/p>\n<p><img loading=\"lazy\" decoding=\"async\" width=\"1024\" height=\"683\" data-id=\"69174\" src=\"https:\/\/www.europesays.com\/es\/wp-content\/uploads\/2025\/09\/U19_FEM_Mijas_2025-1024x683.jpeg\" alt=\"\" class=\"wp-image-69174\"  \/><\/p>\n<p><img loading=\"lazy\" decoding=\"async\" width=\"1024\" height=\"683\" data-id=\"69175\" src=\"https:\/\/www.europesays.com\/es\/wp-content\/uploads\/2025\/09\/U19_MAS_Mijas_2025-1024x683.jpeg\" alt=\"\" class=\"wp-image-69175\"  \/><\/p>\n<p>La localidad malague\u00f1a de Mijas marca el final del ecuador de la Copa de Espa\u00f1a 2025 de Bloque y que se decidir\u00e1 en la pr\u00f3xima cita Copa en Potes los pr\u00f3ximos 25 y 26 de octubre.<\/p>\n<p><strong>Todos los Resultados<\/strong> <a href=\"https:\/\/fedme.results.info\/event\/58\" rel=\"nofollow noopener\" target=\"_blank\">https:\/\/fedme.results.info\/event\/58<\/a><\/p>\n<p><strong>Podios II Copa de Espa\u00f1a de Bloque<\/strong><\/p>\n<p><strong>Categor\u00eda Absoluta femenina<\/strong><\/p>\n<p>1.- Julia Benach \u2013 FEEC (99.8)<\/p>\n<p>2.- Paula Traverso \u2013 FEXME (84.6)<\/p>\n<p>3.- Luc\u00eda Sempere \u2013 \u00a0FEMECV (84.1)<\/p>\n<p><strong>Categor\u00eda Absoluta masculino<\/strong><\/p>\n<p>1.- Manuel Pastor \u2013 FEMECV (69.7)<\/p>\n<p>2.- Ra\u00fal Escribano \u2013 FEMECV (69.5)<\/p>\n<p>3.- Andr\u00e9s Vila \u2013 FEMECV (54.3)<\/p>\n<p><strong>Categor\u00eda U15 femenina<\/strong><\/p>\n<p>1.- Sof\u00eda Hern\u00e1ndez \u2013 EMF-FVM (84.4)<\/p>\n<p>2.- Rebeca Garc\u00eda \u2013 FMM (69.2)<\/p>\n<p>3.- M\u00f3nica Jauset \u2013 FEEC (59.6)<\/p>\n<p><strong>Categor\u00eda U15 masculino<\/strong><\/p>\n<p>1.- Nicolau Taulats \u2013 AND (69.5)<\/p>\n<p>2.- Nicol\u00e1s Scutelnicu \u2013 FEMECV (69.4)<\/p>\n<p>3.- Joan Alejandro \u2013 FEEC (69.3)<\/p>\n<p><strong>Categor\u00eda U17 femenina<\/strong><\/p>\n<p>1.- Loreto Peinado \u2013 FMM (84.6)<\/p>\n<p>2.- Udane Mugica \u2013 EMF-FVM (69.9)<\/p>\n<p>3.- Vera Garc\u00eda \u2013 69.8 (69.8)<\/p>\n<p><strong>Categor\u00eda U17 masculino<\/strong><\/p>\n<p>1.- Kenau Israel Villatoro \u2013 FEEC (68.9)<\/p>\n<p>2.- Bernat Munne \u2013 FEEC (68.8)<\/p>\n<p>3.- Jan Molist \u2013 FEEC (54.2)<\/p>\n<p><strong>Categor\u00eda U19 femenina<\/strong><\/p>\n<p>1.- Mar\u00eda Farr\u00e9 \u2013 FEEC (84.8)<\/p>\n<p>2.- India Persson \u2013 FADMES (69.6)<\/p>\n<p>3.- Martina Mu\u00f1iz \u2013 FMM (68.9)<\/p>\n<p><strong>Categor\u00eda U19 masculino<\/strong><\/p>\n<p>1.- Lucas P\u00e9rez \u2013 FEXME (54.3)<\/p>\n<p>2.- Fernando Olivera \u2013 FMM (53.7)<\/p>\n<p>3.- Luis Gaviro \u2013 FEXME (44.7)<\/p>\n","protected":false},"excerpt":{"rendered":"Fotos: Javi Pec \/ B3 Sportainment Intensa final de Bloque en Las Lagunas (Mijas) con una intratable Julia&hellip;\n","protected":false},"author":2,"featured_media":130415,"comment_status":"","ping_status":"","sticky":false,"template":"","format":"standard","meta":{"footnotes":""},"categories":[5],"tags":[17,18,25,24,13,14,11,19,20,9,10,15,16,23,12,21,22],"class_list":{"0":"post-130414","1":"post","2":"type-post","3":"status-publish","4":"format-standard","5":"has-post-thumbnail","7":"category-titulares","8":"tag-breaking-news","9":"tag-breakingnews","10":"tag-es","11":"tag-espana","12":"tag-featured-news","13":"tag-featurednews","14":"tag-headlines","15":"tag-latest-news","16":"tag-latestnews","17":"tag-news","18":"tag-noticias","19":"tag-noticias-destacadas","20":"tag-noticiasdestacadas","21":"tag-spain","22":"tag-titulares","23":"tag-ultimas-noticias","24":"tag-ultimasnoticias"},"share_on_mastodon":{"url":"","error":""},"_links":{"self":[{"href":"https:\/\/www.europesays.com\/es\/wp-json\/wp\/v2\/posts\/130414","targetHints":{"allow":["GET"]}}],"collection":[{"href":"https:\/\/www.europesays.com\/es\/wp-json\/wp\/v2\/posts"}],"about":[{"href":"https:\/\/www.europesays.com\/es\/wp-json\/wp\/v2\/types\/post"}],"author":[{"embeddable":true,"href":"https:\/\/www.europesays.com\/es\/wp-json\/wp\/v2\/users\/2"}],"replies":[{"embeddable":true,"href":"https:\/\/www.europesays.com\/es\/wp-json\/wp\/v2\/comments?post=130414"}],"version-history":[{"count":0,"href":"https:\/\/www.europesays.com\/es\/wp-json\/wp\/v2\/posts\/130414\/revisions"}],"wp:featuredmedia":[{"embeddable":true,"href":"https:\/\/www.europesays.com\/es\/wp-json\/wp\/v2\/media\/130415"}],"wp:attachment":[{"href":"https:\/\/www.europesays.com\/es\/wp-json\/wp\/v2\/media?parent=130414"}],"wp:term":[{"taxonomy":"category","embeddable":true,"href":"https:\/\/www.europesays.com\/es\/wp-json\/wp\/v2\/categories?post=130414"},{"taxonomy":"post_tag","embeddable":true,"href":"https:\/\/www.europesays.com\/es\/wp-json\/wp\/v2\/tags?post=130414"}],"curies":[{"name":"wp","href":"https:\/\/api.w.org\/{rel}","templated":true}]}}