{"id":130416,"date":"2025-09-21T21:39:08","date_gmt":"2025-09-21T21:39:08","guid":{"rendered":"https:\/\/www.europesays.com\/es\/130416\/"},"modified":"2025-09-21T21:39:08","modified_gmt":"2025-09-21T21:39:08","slug":"balonmano-oviedo-plata-confia-al-confia-balonmano-base-oviedo-se-le-hace-largo-el-partido-en-benidorm-28-22","status":"publish","type":"post","link":"https:\/\/www.europesays.com\/es\/130416\/","title":{"rendered":"BALONMANO OVIEDO PLATA CONF\u00cdA | Al Conf\u00eda Balonmano Base Oviedo se le hace largo el partido en Benidorm (28-22)"},"content":{"rendered":"<p class=\"ft-text\"><strong>Servigroup Benidorm: <\/strong>Miquel Alvado; Pablo Vainstein (3), Pol Roy, Daniil Zhukov (2), Lucas Moscariello (1), Modi Abdoula (9), Carlos Fern\u00e1ndez, David Mach, Leonardo Alonso, Juan Carlos Sempere (6), Ramiro Mart\u00ednez (2), Hugo Vila (3), Diego P\u00e9rez, Agust\u00edn Soria, Luis Egido y Feliciano Nunes (2).<\/p>\n<p class=\"ft-text\"><strong>Conf\u00eda Base Oviedo: <\/strong>Juan Gamallo; Ra\u00fal Blanco (4), Javi Col\u00edas, Joaqu\u00edn P\u00e9rez (1), Tom\u00e1s P\u00e9rez (1), Pablo Granda (1), David Pulgar (5), Rub\u00e9n Men\u00e9ndez, H\u00e9lio Pina (2), Jorge Ure\u00f1a (1), Gonzalo Pulgar (1), Mikel Gal\u00e1n (1), Javi Sanz (4), Jayro P\u00e9rez, Emi Franceschetti (1) y Juan Prieto.<\/p>\n<p class=\"ft-text\"><strong>Marcador cada cinco minutos: <\/strong>1-1; 4-4; 7-7; 7-10; 9-11; 11-12;-descanso-; 11-13; 13-13; 16-14; 19-15; 21-17; 25-19; 28-22.<\/p>\n<p class=\"ft-text\"><strong>\u00c1rbitros:<\/strong> Cristina Mart\u00edn Delgado y Libertad Mart\u00ednez Schilling. Expulsaron por roja directa a Mikel Gal\u00e1n, en el minuto 13. Excluyeron por dos minutos a los locales Pablo Vanstein, Daniil Zhukov, Lucas Moscariello (2), Modi Abdoula, Ramiro Mart\u00ednez y Feliciano Nunes, y a los visitantes Joaqu\u00edn P\u00e9rez y Jayro P\u00e9rez.<\/p>\n<p class=\"ft-text\"><strong>Palau d\u2019Esports Illa de Benidorm:<\/strong> Unos 300 espectadores.<\/p>\n<p class=\"ft-text\">El <strong>Conf\u00eda Base Oviedo <\/strong>plant\u00f3 cara al <strong>Benidorm <\/strong>hasta el tramo final del encuentro, en el que el conjunto alicantino logr\u00f3 tomar distancia en el marcador. <strong>Los seis tantos de ventaja se antojan un castigo excesivo para el juego desplegado por los asturianos<\/strong> durante buena parte del partido en su primera salida de la temporada y ante un reci\u00e9n descendido de Liga Asobal.<\/p>\n<p class=\"ft-text\">El encuentro comenz\u00f3 con un Conf\u00eda Base Oviedo alegre que fue capaz de endosar varios parciales a su rival, como el 1-3 de los primeros siete minutos de juego, gracias a los tantos de Ra\u00fal, Pablo Granda y David Pulgar. <strong>El choque se equilibr\u00f3 y, con 5-5 en el marcador, en el minuto 1<\/strong>3, los asturianos recibieron el primer golpe: la roja directa a Mikel Gal\u00e1n.<\/p>\n<p class=\"ft-text\">Sin embargo, <strong>el Conf\u00eda Oviedo no se vino abajo y sigui\u00f3 remando para sobreponerse .<\/strong> Lo hizo con un 0-4 que le situ\u00f3 con una ventaja de 7-10 a falta de 10 minutos para el descanso. El equipo alicantino recort\u00f3 diferencias, pero el equipo de Oviedo se mantuvo firme con tantos de<strong> Joaqu\u00edn P\u00e9rez y Javi Sanz<\/strong>. Al descanso, la ventaja era para los azules (11-12).<\/p>\n<p class=\"ft-text\">En la segunda mitad, David Pulgar aument\u00f3 la renta del<strong> Conf\u00eda Base Oviedo<\/strong> en los primeros compases de juego (11-13). Pero los alicantinos consiguieron empatar el duelo en las siguientes acciones e, incluso, ponerse por delante. Un tanto de Javi Sanz supuso el 14-14 a los 37 minutos de partido. <strong>Fue la \u00faltima vez que el Conf\u00eda Base Oviedo logr\u00f3 igualar el choque. <\/strong>Un nuevo parcial local fue definitivo y el <strong>Servigroup Benidorm <\/strong>se hizo con el dominio del partido, aprovechando la falta de punter\u00eda local. Los carbayones fallaron dos lanzamientos de siete metros durante esta segunda parte.<\/p>\n<p class=\"ft-text\">Con el transcurso de los minutos, la renta para el <strong>Servigroup Benidorm sigui\u00f3 en aumento, haciendo valer su experiencia<\/strong>. En el tramo final, los carbayones lo intentaron, pero la renta ya era demasiado elevada, y, ni siquiera el parcial de 1-3 (con goles de Pulgar, Gonzalo y Tom\u00e1s P\u00e9rez) les permiti\u00f3 acercarse.<\/p>\n<p class=\"ft-text\">En la pr\u00f3xima jornada, el s\u00e1bado, a las 18.30 horas, el Conf\u00eda Oviedo recibir\u00e1 en Vallob\u00edn al Attica Hoteles 21 Coru\u00f1a.<\/p>\n","protected":false},"excerpt":{"rendered":"Servigroup Benidorm: Miquel Alvado; Pablo Vainstein (3), Pol Roy, Daniil Zhukov (2), Lucas Moscariello (1), Modi Abdoula (9),&hellip;\n","protected":false},"author":2,"featured_media":130417,"comment_status":"","ping_status":"","sticky":false,"template":"","format":"standard","meta":{"footnotes":""},"categories":[278],"tags":[32543,376,5715,7092,3279,168,25,24,375,3294,1675,1796,33649,23,167],"class_list":{"0":"post-130416","1":"post","2":"type-post","3":"status-publish","4":"format-standard","5":"has-post-thumbnail","7":"category-balonmano","8":"tag-asturianos","9":"tag-balonmano","10":"tag-base","11":"tag-benidorm","12":"tag-confia","13":"tag-deportes","14":"tag-es","15":"tag-espana","16":"tag-handball","17":"tag-le","18":"tag-liga-asobal","19":"tag-oviedo","20":"tag-renta","21":"tag-spain","22":"tag-sports"},"share_on_mastodon":{"url":"","error":""},"_links":{"self":[{"href":"https:\/\/www.europesays.com\/es\/wp-json\/wp\/v2\/posts\/130416","targetHints":{"allow":["GET"]}}],"collection":[{"href":"https:\/\/www.europesays.com\/es\/wp-json\/wp\/v2\/posts"}],"about":[{"href":"https:\/\/www.europesays.com\/es\/wp-json\/wp\/v2\/types\/post"}],"author":[{"embeddable":true,"href":"https:\/\/www.europesays.com\/es\/wp-json\/wp\/v2\/users\/2"}],"replies":[{"embeddable":true,"href":"https:\/\/www.europesays.com\/es\/wp-json\/wp\/v2\/comments?post=130416"}],"version-history":[{"count":0,"href":"https:\/\/www.europesays.com\/es\/wp-json\/wp\/v2\/posts\/130416\/revisions"}],"wp:featuredmedia":[{"embeddable":true,"href":"https:\/\/www.europesays.com\/es\/wp-json\/wp\/v2\/media\/130417"}],"wp:attachment":[{"href":"https:\/\/www.europesays.com\/es\/wp-json\/wp\/v2\/media?parent=130416"}],"wp:term":[{"taxonomy":"category","embeddable":true,"href":"https:\/\/www.europesays.com\/es\/wp-json\/wp\/v2\/categories?post=130416"},{"taxonomy":"post_tag","embeddable":true,"href":"https:\/\/www.europesays.com\/es\/wp-json\/wp\/v2\/tags?post=130416"}],"curies":[{"name":"wp","href":"https:\/\/api.w.org\/{rel}","templated":true}]}}