{"id":130418,"date":"2025-09-21T21:40:11","date_gmt":"2025-09-21T21:40:11","guid":{"rendered":"https:\/\/www.europesays.com\/es\/130418\/"},"modified":"2025-09-21T21:40:11","modified_gmt":"2025-09-21T21:40:11","slug":"el-arte-de-esquivar-cornadas-y-tormentas","status":"publish","type":"post","link":"https:\/\/www.europesays.com\/es\/130418\/","title":{"rendered":"El arte de esquivar cornadas y tormentas"},"content":{"rendered":"<p><a class=\"v-mdl-ath__fig-a\" href=\"https:\/\/www.laverdad.es\/autor\/daniel-vidal-541.html\" title=\"Daniel Vidal\" rel=\"nofollow noopener\" target=\"_blank\"><br \/>\n<img decoding=\"async\" class=\"v-mdl-ath__img\" src=\"https:\/\/www.europesays.com\/es\/wp-content\/uploads\/2025\/08\/firmas-535fc46930e20-foto.jpg\" alt=\"Daniel Vidal\"\/><br \/>\n<\/a><\/p>\n<p class=\"v-mdl-ath__p v-mdl-ath__p--6\">\nDomingo, 21 de septiembre 2025, 22:37<\/p>\n<p class=\"v-p\">Los amenazantes truenos que sonaban sobre las cabezas, una hora antes de esa \u00faltima <a href=\"https:\/\/www.laverdad.es\/feria-murcia\/feriataurina\/\" data-voc-vtm-id=\"in-text-traffic\" title=\"corrida de la Feria\" data-mrf-link=\"www.laverdad.es\" rel=\"nofollow noopener\" target=\"_blank\">corrida de la Feria<\/a> que siempre es la de rejones, no amedrentaban las sonrisas de los aficionados ni las ganas de fiesta. Pero la incertidumbre de la madre naturaleza y alg\u00fan t\u00edmido rel\u00e1mpago que otro, adem\u00e1s de las noticias sobre \u00abla que estaba cayendo en la autov\u00eda\u00bb \u2013confirmada adem\u00e1s en los pantalones calados del fot\u00f3grafo llegado en moto\u2013, s\u00ed que llenaban los comentarios previos al festejo: \u00abYa me ha ca\u00eddo una gota\u00bb, advert\u00eda una se\u00f1ora. La tormenta que rondaba la plaza de toros tambi\u00e9n toreaban con el &#8216;outfit&#8217; elegido para el d\u00eda. Maruja, una jubilada de Churra, se ve\u00eda sorprend\u00eda por un golpe de viento que hizo volar varios metros su sombrero de paja de publicidad de bebida espirituosa, y taurino por lo que sea. El periodista parec\u00eda tener m\u00e1s piernas este domingo que la pareja de jubilados, tambi\u00e9n por lo que sea, y sali\u00f3 detr\u00e1s del sombrero en misi\u00f3n (completada) de recuperaci\u00f3n. El marido de Maruja, que se llama \u00abpor ejemplo, Pepe\u00bb, agradece el gesto y pide que, \u00abpara una vez que bajamos a los toros despu\u00e9s de muchos a\u00f1os, no se vaya a suspender la corrida\u00bb. Dios proveer\u00e1, aunque ya hila este texto otro aficionado anticipando que \u00abesto no se suspende ni para Dios\u00bb.<\/p>\n<p class=\"v-p\">Poco despu\u00e9s de las seis y media de la tarde, hora oficial del comienzo de las corridas, el tractor de la plaza segu\u00eda dando vueltas a en el ruedo para dejar el albero como ese c\u00e9sped que tanto le gusta al &#8216;tiki &#8216;taka&#8217;. Pero eran casi menos cuarto y el p\u00fablico ya empezaba a silbar con fuerza a punto de cantar aquello de \u00abque empiece ya\u00bb. Se meti\u00f3 el tractor para dentro, aunque despu\u00e9s tocaba regar la arena. Y vuelta a los pitos. Que si la impuntualidad y tal, pero es que esto es una plaza de primera y hay que tener las condiciones adecuadas para el lucimiento adecuado de esa belleza que desplegaron en el ruedo los caballos que empezaron a salir solo unos minutos despu\u00e9s. <\/p>\n<p class=\"v-p\">La paciencia se demostr\u00f3 aqu\u00ed otra vez como la indiscutible madre de otra ciencia, la del rejoneo, que la peque\u00f1a Vega iba a ver por primera vez en su vida. Con 10 a\u00f1os, su abuelo la bautizaba en una corrida de rejones, pero llevan ya dos a\u00f1os llegando de la mano a la plaza de toros: \u00abMe gusta mucho\u00bb, resum\u00eda la nieta ante la mirada embobada de su abuelo: \u00abHay que intentar que este arte sobreviva entre los j\u00f3venes\u00bb. Para Alba, que tira de su abuelo para adentro, no hay que intentar nada m\u00e1s que una cosa: que el se\u00f1or que hace preguntas les deje disfrutar de la tarde en paz. <\/p>\n<p>El tesoro en una bolsa<\/p>\n<p class=\"v-p\">Debe estar tranquilo este abuelo porque este arte parece tener la supervivencia garantizada a medio plazo, al menos viendo la cantidad de cr\u00edos que ayer acced\u00edan al coso, mucho m\u00e1s repleto en los tendidos que en jornadas anteriores. Ejemplo de ello tambi\u00e9n es Rafa Franco, el benjam\u00edn de una familia de Murcia que esperaba en los aleda\u00f1os de la plaza de toros pertrechado con una bolsa que guardaba con celo y devoci\u00f3n. \u00bfLa merienda? No, eso ya lo gestionaba la jefa de la casa, su madre. Y en la bolsa de pl\u00e1stico del supermercado tampoco guardaba el peque\u00f1o Rafa una colecci\u00f3n de cromos de Pok\u00e9mon ni nada semejante. \u00abSaca el capote, hijo\u00bb, le anima su padre, tambi\u00e9n Rafa. Se trata de un capote-joya del torero Pablo Aguado, y que el cr\u00edo saca como quien se lleva la camiseta de Mbapp\u00e9 a un partido de f\u00fatbol, y si se lleva la firma de alg\u00fan rejoneador pues mejor que mejor. S\u00ed, hay afici\u00f3n para el futuro. \u00bfPero te gustar\u00eda ser torero? \u00ab\u00a1No!\u00bb, zanja la madre por el hijo. Las madres. <\/p>\n<p>\nEl concejal de Cultura del Ayuntamiento de Murcia, Diego Avil\u00e9s, fue uno de los previsores que se ech\u00f3 el paraguas&#8230; por si acaso\n<\/p>\n<p class=\"v-p\">Menores de edad ilusionados con el \u00faltimo festejo de la Feria vinieron ayer incluso de pa\u00edses extranjeros. Por ejemplo, los dos ni\u00f1os de una familia de Rusia que se llevaba incluso m\u00e1s miradas que alg\u00fan que otro grupo de amigas emperifolladas &#8216;modo rej\u00f3n&#8217;. Abordamos al padre de familia, por supuesto sin saber su origen pero atra\u00eddos por su camisa hawaiana, sus chanclas de guiri, su pelo largo y su bigote de Dal\u00ed. Disculpe, \u00bfson familia? \u00bfde Murcia? \u00bfes su primera corrida de la feria? \u00abSorry, I don&#8217;t speak spanish\u00bb La mujer y los ni\u00f1os, blancos como la cal, me miran como si fuera un extraterrestre de un planeta de Valladolid. Logramos entender que llevan unos d\u00edas en Murcia y que la de hoy es la segunda corrida de su vida. \u00abNo more questions, thank you\u00bb. <\/p>\n<p class=\"v-p\">Corte m\u00e1s cl\u00e1sico en la vestimenta \u2013a poco\u2013 luc\u00edan Pablo Ruiz Palacios, Manuel De la Vega, Jos\u00e9 Herrera y Vicente Mart\u00ednez Gadea, adem\u00e1s del concejal de Cultura del Ayuntamiento de Murcia, Diego Avil\u00e9s, que fue uno de los muchos previsores que sum\u00f3 el paraguas a los b\u00e1rtulos propios de una fiesta de semejante calibre. Tampoco jugaron mucho con el vestuario el consejero de Medio Ambiente, Juan Mar\u00eda V\u00e1zquez, que se empe\u00f1\u00f3 en llamar al rector de la UPCT, Mathieu Kessler, para unirse a la foto junto al diputado del PP Ram\u00f3n S\u00e1nchez Parra y el presidente de la Cofrad\u00eda de Jes\u00fas. Todos ellos con el corte cl\u00e1sico recomendado. <\/p>\n<p class=\"v-p\">No era un d\u00eda para desentonar en lo concerniente a la elegancia, teniendo en cuenta el espect\u00e1culo que aguardaba en el interior de La Condomina gracias a la habilidad de unos inspirad\u00edsimos Diego Ventura, Rui Fernandez y la francesa Lea Vicens, adem\u00e1s de la impagable belleza de unos caballos que hace pensar en una raza equinamente muy superior. <\/p>\n<p>\u00abVivir como los caballos\u00bb<\/p>\n<p class=\"v-p\">\u00abYa quisiera yo vivir como esos caballos\u00bb, fantasea Gonzalo Fern\u00e1ndez, que remat\u00f3 este domingo su abono de Feria junto a Juan Vicente Cerezo y Amor Albarrac\u00edn. Ella es m\u00e1s fan de la corrida de rejones que ellos, que defienden la pureza del \u00abtoreo cl\u00e1sico\u00bb, aunque reconocen que \u00abes diferente, bonito, y supone un buen broche de oro a la semana de festejos\u00bb. <\/p>\n<p class=\"v-p\">Tambi\u00e9n lo creen de esta manera Cristina, Mar\u00eda y Adela, tres amigas que son \u00absolteras y sin compromiso\u00bb, subraya con ah\u00ednco un amigo suyo, que ni corto ni perezoso y sin agresi\u00f3n previa amenaza con denunciar al peri\u00f3dico si no sale esta frase suya, as\u00ed tal cual como sale. No est\u00e1 el horno para bollos. Esquivamos esta en\u00e9sima potencial cornada como la corrida de rejones esquiv\u00f3 ayer la tormenta. Con mucho menos arte que los caballos quebraron las intenciones de los astados, pero con igual de efectividad, y sin heridos ni sangre de por medio. Al menos, hasta la pr\u00f3xima corrida. Ol\u00e9.<\/p>\n<p>Comenta<\/p>\n<p>Reporta un error<\/p>\n<p class=\"v-crt__t\"> L\u00edmite de sesiones alcanzadas<\/p>\n<p class=\"v-crt__p\">El acceso al contenido Premium est\u00e1 abierto por cortes\u00eda del establecimiento donde te encuentras, pero ahora mismo hay demasiados usuarios conectados a las vez.<\/p>\n<p class=\"v-crt__p\">Por favor, int\u00e9ntalo pasados unos minutos.<\/p>\n<p>\nVolver a intentar\n<\/p>\n<p class=\"v-crt__t\">Sesi\u00f3n cerrada<\/p>\n<p class=\"v-crt__p\">Al iniciar sesi\u00f3n desde un dispositivo distinto, por seguridad, se cerr\u00f3 la \u00faltima sesi\u00f3n en este.<\/p>\n<p class=\"v-crt__p\">Para continuar disfrutando de su suscripci\u00f3n digital, inicie sesi\u00f3n en este dispositivo.<\/p>\n<p>\nEste contenido es exclusivo para suscriptores\n<\/p>\n<p class=\"text\">\u00bfTienes una suscripci\u00f3n? <a href=\"https:\/\/secure.laverdad.es\/login\/login.html#vca=suscribete&amp;vso=laverdad&amp;vmc=on&amp;vli=cdn-ce-link-login\" class=\"login\" data-voc-vtm-id=\"comienzoSuscripcionON\" data-voc-vtm-info=\"cdn-ce-link-login\" rel=\"nofollow noopener\" target=\"_blank\">Inicia sesi\u00f3n<\/a><\/p>\n","protected":false},"excerpt":{"rendered":"Domingo, 21 de septiembre 2025, 22:37 Los amenazantes truenos que sonaban sobre las cabezas, una hora antes de&hellip;\n","protected":false},"author":2,"featured_media":130419,"comment_status":"","ping_status":"","sticky":false,"template":"","format":"standard","meta":{"footnotes":""},"categories":[277],"tags":[229,373,31201,168,25,24,35429,23,167,374,8091],"class_list":{"0":"post-130418","1":"post","2":"type-post","3":"status-publish","4":"format-standard","5":"has-post-thumbnail","7":"category-toreo","8":"tag-arte","9":"tag-bullfighting","10":"tag-cornadas","11":"tag-deportes","12":"tag-es","13":"tag-espana","14":"tag-esquivar","15":"tag-spain","16":"tag-sports","17":"tag-toreo","18":"tag-tormentas"},"share_on_mastodon":{"url":"","error":""},"_links":{"self":[{"href":"https:\/\/www.europesays.com\/es\/wp-json\/wp\/v2\/posts\/130418","targetHints":{"allow":["GET"]}}],"collection":[{"href":"https:\/\/www.europesays.com\/es\/wp-json\/wp\/v2\/posts"}],"about":[{"href":"https:\/\/www.europesays.com\/es\/wp-json\/wp\/v2\/types\/post"}],"author":[{"embeddable":true,"href":"https:\/\/www.europesays.com\/es\/wp-json\/wp\/v2\/users\/2"}],"replies":[{"embeddable":true,"href":"https:\/\/www.europesays.com\/es\/wp-json\/wp\/v2\/comments?post=130418"}],"version-history":[{"count":0,"href":"https:\/\/www.europesays.com\/es\/wp-json\/wp\/v2\/posts\/130418\/revisions"}],"wp:featuredmedia":[{"embeddable":true,"href":"https:\/\/www.europesays.com\/es\/wp-json\/wp\/v2\/media\/130419"}],"wp:attachment":[{"href":"https:\/\/www.europesays.com\/es\/wp-json\/wp\/v2\/media?parent=130418"}],"wp:term":[{"taxonomy":"category","embeddable":true,"href":"https:\/\/www.europesays.com\/es\/wp-json\/wp\/v2\/categories?post=130418"},{"taxonomy":"post_tag","embeddable":true,"href":"https:\/\/www.europesays.com\/es\/wp-json\/wp\/v2\/tags?post=130418"}],"curies":[{"name":"wp","href":"https:\/\/api.w.org\/{rel}","templated":true}]}}