{"id":130424,"date":"2025-09-21T21:44:04","date_gmt":"2025-09-21T21:44:04","guid":{"rendered":"https:\/\/www.europesays.com\/es\/130424\/"},"modified":"2025-09-21T21:44:04","modified_gmt":"2025-09-21T21:44:04","slug":"hatherly-gana-con-una-autentica-exhibicion-en-la-retirada-de-nino-schurter","status":"publish","type":"post","link":"https:\/\/www.europesays.com\/es\/130424\/","title":{"rendered":"Hatherly gana con una aut\u00e9ntica exhibici\u00f3n en la retirada de Nino Schurter"},"content":{"rendered":"<p><strong>El sudafricano Alan Hatherly se impuso con autoridad en el XCO de Lenzerheide.<\/strong> Una carrera marcada por la despedida de Nino Schurter de la Copa del Mundo. Charlie Aldridge fue segundo y el joven franc\u00e9s Adrien Boichis complet\u00f3 el podio.<\/p>\n<p>El sudafricano Alan Hatherly confirm\u00f3 su condici\u00f3n de campe\u00f3n del mundo con una aut\u00e9ntica exhibici\u00f3n en el XCO de Lenzerheide, imponi\u00e9ndose en solitario tras dominar buena parte de las ocho vueltas del recorrido. <strong>El corredor del Giant Factory Off-Road Team super\u00f3 incluso un problema mec\u00e1nico en la parte final, pero mantuvo la calma y entr\u00f3 primero en meta.<\/strong><\/p>\n<p><img border=\"0\" width=\"4096\" height=\"2732\" class=\" lazyload\"  data- alt=\"Hatherly gana con una aut\u00e9ntica exhibici\u00f3n en la retirada de Nino Schurter\"\/><\/p>\n<p>Por detr\u00e1s, la emoci\u00f3n se traslad\u00f3 a la lucha por el podio. El brit\u00e1nico <strong>Charlie Aldridge (Cannondale Factory Racing) lanz\u00f3 un ataque en la \u00faltima vuelta<\/strong> para soltar a sus rivales y hacerse con la segunda posici\u00f3n a 32 segundos del ganador. El joven franc\u00e9s Adrien Boichis (Specialized Factory Racing) volvi\u00f3 a demostrar su enorme proyecci\u00f3n al lograr la tercera plaza, a 39 segundos.<\/p>\n<p>La carrera estuvo marcada desde el inicio por un fuerte ritmo que estir\u00f3 el grupo principal y dej\u00f3 fuera de juego a varios favoritos. <strong>Victor Koretzky, vencedor del Short Track del viernes, destalon\u00f3 su rueda trasera cuando lideraba la prueba y finalmente tuvo que retirarse.<\/strong> Tampoco <strong>Chris Blevins pudo aspirar al podio tras un pinchazo en la primera mitad de carrera.<\/strong><\/p>\n<p><strong>Entre los espa\u00f1oles, el mejor fue Jofre Cullell (BH Coloma Team),<\/strong> que firm\u00f3 una s\u00f3lida 12\u00aa posici\u00f3n a menos de dos minutos del ganador.\u00a0<\/p>\n<p><strong>Esta victoria es la primera y \u00faltima de Alan Hahterly esta temporada en la Copa del Mundo.<\/strong> Despu\u00e9s de este triunfo el sudafricano pone rumbo hacia la carretera en el Tour de Guangxi y no competir\u00e1 m\u00e1s en mountain bike hasta el pr\u00f3ximo a\u00f1o.<\/p>\n<p><img class=\" lazyload\" border=\"0\" alt=\"Hatherly gana con una aut\u00e9ntica exhibici\u00f3n en la retirada de Nino Schurter\" width=\"4096\" height=\"2732\"  data-\/><\/p>\n<p>Nino Schurter se despide de la Copa del Mundo XCO<\/p>\n<p>La cita de Lenzerheide estuvo cargada de emoci\u00f3n tambi\u00e9n por el adi\u00f3s de Nino Schurter. El suizo disput\u00f3 la \u00faltima Copa del Mundo de su carrera arropado por una afici\u00f3n entregada que lo acompa\u00f1\u00f3 con c\u00e1nticos en cada paso. Aunque toda la carrera estuvo cerca del Top 20, disfrut\u00f3 de su despedida con una \u00faltima vuelta dedicada a saludar al p\u00fablico y disfrutar hasta meta.\u00a0<\/p>\n<p><img class=\" lazyload\" border=\"0\" alt=\"Hatherly gana con una aut\u00e9ntica exhibici\u00f3n en la retirada de Nino Schurter\" width=\"2048\" height=\"1366\"  data-\/><\/p>\n<p>Top 10 Lenzerheide XCO Hombres \u00c9lite 2025<\/p>\n<ol>&#13;<\/p>\n<li>Alan Hatherly (Giant Factory Off-Road Team) \u2013 1:20:23<\/li>\n<p>&#13;<\/p>\n<li>Charlie Aldridge (Cannondale Factory Racing) \u2013 +0:32<\/li>\n<p>&#13;<\/p>\n<li>Adrien Boichis (Specialized Factory Racing) \u2013 +0:39<\/li>\n<p>&#13;<\/p>\n<li>Simone Avondetto (Wilier-Vittoria Factory Team) \u2013 +0:47<\/li>\n<p>&#13;<\/p>\n<li>Martin Vidaurre (Specialized Factory Racing) \u2013 +0:52<\/li>\n<p>&#13;<\/p>\n<li>Cole Punchard (Cannondale Factory Racing) \u2013 +0:53<\/li>\n<p>&#13;<\/p>\n<li>Simon Andreassen (Orbea Fox Factory Team) \u2013 +1:12<\/li>\n<p>&#13;<\/p>\n<li>Vital Albin (Th\u00f6mus Maxon) \u2013 +1:22<\/li>\n<p>&#13;<\/p>\n<li>Fabio P\u00fcntener (Bike Team Solothurn) \u2013 +1:24<\/li>\n<p>&#13;<\/p>\n<li>Luca Sch\u00e4tti (Bixs Performance Race Team) \u2013 +1:38<\/li>\n<p>&#13;\n<\/ol>\n<p>Todos los resultados en <a href=\"https:\/\/mtbdata.com\/comp\/uci-mountain-bike-world-cup-xcoxccdhi-18-sep-21-sep-2025-bike-kingdom-lenzerheide\/results\" rel=\"nofollow noopener\" target=\"_blank\">MTBDATA<\/a><\/p>\n","protected":false},"excerpt":{"rendered":"El sudafricano Alan Hatherly se impuso con autoridad en el XCO de Lenzerheide. Una carrera marcada por la&hellip;\n","protected":false},"author":2,"featured_media":130425,"comment_status":"","ping_status":"","sticky":false,"template":"","format":"standard","meta":{"footnotes":""},"categories":[273],"tags":[313,312,168,25,24,23,167],"class_list":{"0":"post-130424","1":"post","2":"type-post","3":"status-publish","4":"format-standard","5":"has-post-thumbnail","7":"category-ciclismo","8":"tag-ciclismo","9":"tag-cycling","10":"tag-deportes","11":"tag-es","12":"tag-espana","13":"tag-spain","14":"tag-sports"},"share_on_mastodon":{"url":"","error":""},"_links":{"self":[{"href":"https:\/\/www.europesays.com\/es\/wp-json\/wp\/v2\/posts\/130424","targetHints":{"allow":["GET"]}}],"collection":[{"href":"https:\/\/www.europesays.com\/es\/wp-json\/wp\/v2\/posts"}],"about":[{"href":"https:\/\/www.europesays.com\/es\/wp-json\/wp\/v2\/types\/post"}],"author":[{"embeddable":true,"href":"https:\/\/www.europesays.com\/es\/wp-json\/wp\/v2\/users\/2"}],"replies":[{"embeddable":true,"href":"https:\/\/www.europesays.com\/es\/wp-json\/wp\/v2\/comments?post=130424"}],"version-history":[{"count":0,"href":"https:\/\/www.europesays.com\/es\/wp-json\/wp\/v2\/posts\/130424\/revisions"}],"wp:featuredmedia":[{"embeddable":true,"href":"https:\/\/www.europesays.com\/es\/wp-json\/wp\/v2\/media\/130425"}],"wp:attachment":[{"href":"https:\/\/www.europesays.com\/es\/wp-json\/wp\/v2\/media?parent=130424"}],"wp:term":[{"taxonomy":"category","embeddable":true,"href":"https:\/\/www.europesays.com\/es\/wp-json\/wp\/v2\/categories?post=130424"},{"taxonomy":"post_tag","embeddable":true,"href":"https:\/\/www.europesays.com\/es\/wp-json\/wp\/v2\/tags?post=130424"}],"curies":[{"name":"wp","href":"https:\/\/api.w.org\/{rel}","templated":true}]}}