{"id":130430,"date":"2025-09-21T21:48:08","date_gmt":"2025-09-21T21:48:08","guid":{"rendered":"https:\/\/www.europesays.com\/es\/130430\/"},"modified":"2025-09-21T21:48:08","modified_gmt":"2025-09-21T21:48:08","slug":"vestido-negro-de-terciopelo-corte-sirena-y-elegancia-sofisticada","status":"publish","type":"post","link":"https:\/\/www.europesays.com\/es\/130430\/","title":{"rendered":"vestido negro de terciopelo, corte sirena y elegancia sofisticada"},"content":{"rendered":"\n<p> Desde que se anunci\u00f3 su presencia, todos los focos apuntaban hacia su persona. Este domingo, <strong>Angelina Jolie<\/strong> ha brillado en la alfombra roja del <strong>Festival de San Sebasti\u00e1n<\/strong>. Se\u00f1alar que la <strong>actriz<\/strong> ha cruzado el charco con motivo del estreno de la pel\u00edcula &#8216;<strong>Couture<\/strong>&#8216;. Aunque no es la primera vez que pisa el <strong>Pa\u00eds Vasco<\/strong> -hace cerca de 20 a\u00f1os estuvo con <strong>Brad Pitt<\/strong>, del que <a href=\"https:\/\/www.vanitatis.elconfidencial.com\/celebrities\/2024-12-31\/angelina-jolie-y-brad-pitt-acuerdo-de-divorcio-detalles-abogados_4034851\/\" target=\"_self\" rel=\"nofollow noopener\">se divorci\u00f3 hace unos meses<\/a> tras protagonizar varios esc\u00e1ndalos medi\u00e1ticos-, s\u00ed es primeriza en el certamen <strong>donostiarra<\/strong>. Aunque esto no ha hecho que se haya mostrado cercana y c\u00f3moda mientras todos la fotografiaban. <\/p>\n<p> <a href=\"https:\/\/www.vanitatis.elconfidencial.com\/celebrities\/2024-11-22\/brad-pitt-angelina-jolie-distanciamiento-padres_4009049\/\" target=\"_self\" rel=\"nofollow noopener\">Angelina Jolie<\/a>, para esta ocasi\u00f3n, ha optado por un <strong>vestido negro de terciopelo<\/strong> que refleja su estilo elegante y sofisticado. El corte sirena del vestido, que resalta su figura de manera natural, es una elecci\u00f3n cl\u00e1sica pero efectiva. Adem\u00e1s, el<strong> escote en V<\/strong> y la ca\u00edda de la prenda aportan un toque de fluidez, mientras que el terciopelo le da un brillo suave que capta la luz sutilmente. Como dec\u00edamos, esta elecci\u00f3n de material es perfecta para las alfombras rojas puesto que combina, a la perfecci\u00f3n, la elegancia con una sensaci\u00f3n de<strong> lujo discreto<\/strong>. <\/p>\n<p>               Angelina Jolie en la alfombra roja de San Sebasti\u00e1n. (Limited Pictures)             <\/p>\n<p> El verdadero acierto de este look est\u00e1 en c\u00f3mo <strong>Angelina Jolie<\/strong> sabe equilibrar lo tradicional con lo contempor\u00e1neo. A pesar de ser un <strong>vestido largo<\/strong> y de un tono muy cl\u00e1sico, el <strong>ajuste perfecto<\/strong> y la ca\u00edda fluida permiten que su figura se luzca de forma natural. No es necesario recurrir a adornos o calzado llamativo, ya que el <strong>vestido<\/strong> por s\u00ed mismo es el protagonista. Esta elecci\u00f3n resalta su <strong>elegancia<\/strong> sin sobrecargar el conjunto, mostrando que la sencillez tambi\u00e9n puede ser impactante. El estilo completo proyecta una imagen sofisticada, sin necesidad de a\u00f1adir elementos innecesarios. <\/p>\n<p>               Angelina Jolie en el Festival de San Sebasti\u00e1n. (Limited Pictures)             <\/p>\n<p> En cuanto al <strong>beauty<\/strong>, <a href=\"https:\/\/www.vanitatis.elconfidencial.com\/estilo\/moda\/2021-10-25\/shiloh-pitt-jolie-angelina-jolie-estilo_3312453\/\" target=\"_self\" rel=\"nofollow noopener\">Angelina Jolie<\/a> ha apostado por un look simple pero perfectamente ejecutado. El maquillaje resalta sus rasgos naturales con una base luminosa que hace que su piel se vea radiante. Gracias al delineado sutil en los ojos, su mirada se intensifica y se define de manera suave. En cuanto a los <strong>labios<\/strong>, la actriz ha optado por un tono nude con un toque de brillo, lo que complementa perfectamente el conjunto. El <strong>peinado<\/strong>, sencillo y elegante, presenta <strong>ondas suaves<\/strong> que caen sobre sus hombros, aportando una sensaci\u00f3n de <strong>frescura<\/strong> y <strong>suavidad<\/strong> al look general. Este estilo de belleza refuerza la <strong>elegancia natural<\/strong> que siempre la ha caracterizado. <\/p>\n<p>               Un primer plano de Angelina Jolie. (Limited Pictures)             <\/p>\n<p> M\u00e1s all\u00e1 de la alfombra roja, Jolie puesto rumbo a <strong>San Sebasti\u00e1n<\/strong> para presentar su \u00faltima colaboraci\u00f3n en el cine: el filme <strong>&#8216;Couture&#8217;<\/strong>. Esta producci\u00f3n, dirigida por la cineasta francesa <strong>Alice Winocour<\/strong>, aborda el mundo de la <strong>moda<\/strong> y las <strong>relaciones personales<\/strong> desde el entorno de la alta costura. En su papel, la actriz interpreta a <strong>Maxine Walker<\/strong>, una directora de cine estadounidense diagnosticada con c\u00e1ncer de mama, una trama que refleja su evoluci\u00f3n tanto como int\u00e9rprete como mujer. Cabe apuntar que esta pel\u00edcula se presenta como una de las propuestas m\u00e1s esperadas de este a\u00f1o y la presencia de <strong>Angelina <\/strong>refuerza la expectativa en torno al proyecto. <\/p>\n<p> Desde que se anunci\u00f3 su presencia, todos los focos apuntaban hacia su persona. Este domingo, <strong>Angelina Jolie<\/strong> ha brillado en la alfombra roja del <strong>Festival de San Sebasti\u00e1n<\/strong>. Se\u00f1alar que la <strong>actriz<\/strong> ha cruzado el charco con motivo del estreno de la pel\u00edcula &#8216;<strong>Couture<\/strong>&#8216;. Aunque no es la primera vez que pisa el <strong>Pa\u00eds Vasco<\/strong> -hace cerca de 20 a\u00f1os estuvo con <strong>Brad Pitt<\/strong>, del que <a href=\"https:\/\/www.vanitatis.elconfidencial.com\/celebrities\/2024-12-31\/angelina-jolie-y-brad-pitt-acuerdo-de-divorcio-detalles-abogados_4034851\/\" target=\"_self\" rel=\"nofollow noopener\">se divorci\u00f3 hace unos meses<\/a> tras protagonizar varios esc\u00e1ndalos medi\u00e1ticos-, s\u00ed es primeriza en el certamen <strong>donostiarra<\/strong>. Aunque esto no ha hecho que se haya mostrado cercana y c\u00f3moda mientras todos la fotografiaban. <\/p>\n","protected":false},"excerpt":{"rendered":"Desde que se anunci\u00f3 su presencia, todos los focos apuntaban hacia su persona. Este domingo, Angelina Jolie ha&hellip;\n","protected":false},"author":2,"featured_media":130431,"comment_status":"","ping_status":"","sticky":false,"template":"","format":"standard","meta":{"footnotes":""},"categories":[174],"tags":[255,146,147,25,24,256,23],"class_list":{"0":"post-130430","1":"post","2":"type-post","3":"status-publish","4":"format-standard","5":"has-post-thumbnail","7":"category-famosos","8":"tag-celebrities","9":"tag-entertainment","10":"tag-entretenimiento","11":"tag-es","12":"tag-espana","13":"tag-famosos","14":"tag-spain"},"share_on_mastodon":{"url":"","error":""},"_links":{"self":[{"href":"https:\/\/www.europesays.com\/es\/wp-json\/wp\/v2\/posts\/130430","targetHints":{"allow":["GET"]}}],"collection":[{"href":"https:\/\/www.europesays.com\/es\/wp-json\/wp\/v2\/posts"}],"about":[{"href":"https:\/\/www.europesays.com\/es\/wp-json\/wp\/v2\/types\/post"}],"author":[{"embeddable":true,"href":"https:\/\/www.europesays.com\/es\/wp-json\/wp\/v2\/users\/2"}],"replies":[{"embeddable":true,"href":"https:\/\/www.europesays.com\/es\/wp-json\/wp\/v2\/comments?post=130430"}],"version-history":[{"count":0,"href":"https:\/\/www.europesays.com\/es\/wp-json\/wp\/v2\/posts\/130430\/revisions"}],"wp:featuredmedia":[{"embeddable":true,"href":"https:\/\/www.europesays.com\/es\/wp-json\/wp\/v2\/media\/130431"}],"wp:attachment":[{"href":"https:\/\/www.europesays.com\/es\/wp-json\/wp\/v2\/media?parent=130430"}],"wp:term":[{"taxonomy":"category","embeddable":true,"href":"https:\/\/www.europesays.com\/es\/wp-json\/wp\/v2\/categories?post=130430"},{"taxonomy":"post_tag","embeddable":true,"href":"https:\/\/www.europesays.com\/es\/wp-json\/wp\/v2\/tags?post=130430"}],"curies":[{"name":"wp","href":"https:\/\/api.w.org\/{rel}","templated":true}]}}