{"id":130432,"date":"2025-09-21T21:51:13","date_gmt":"2025-09-21T21:51:13","guid":{"rendered":"https:\/\/www.europesays.com\/es\/130432\/"},"modified":"2025-09-21T21:51:13","modified_gmt":"2025-09-21T21:51:13","slug":"esta-ha-sido-la-ultima-retransmision","status":"publish","type":"post","link":"https:\/\/www.europesays.com\/es\/130432\/","title":{"rendered":"Esta ha sido la \u00faltima retransmisi\u00f3n"},"content":{"rendered":"<p class=\"article-body__text \">\n        \u201cGran alegr\u00eda de los de Orio y tambi\u00e9n la m\u00eda: esta ha sido la \u00faltima retransmisi\u00f3n\u201d, ha explicado arropado de <strong>Ibon Gazta\u00f1azpi<\/strong> y <strong>Sara Gandara<\/strong>: \u201cHan pasado muchos a\u00f1os con retransmisiones de remo, y <strong>desde que empec\u00e9 a trabajar, 42 a\u00f1os<\/strong>. Ha sido un marat\u00f3n y todav\u00eda no, pero el pr\u00f3xima primavera le pondr\u00e9 el punto final al marat\u00f3n. Terminar\u00e1 el trabajo y ser\u00e1 tiempo de jubilaci\u00f3n. Ser\u00e1 <strong>el turno de nuevas generaciones<\/strong>, para ofreceros las regatas cada vez mejor\u201d.\n<\/p>\n<p class=\"article-body__text \">\n        Olazabal, que ha sido <strong>un fijo de las emisiones arraunlaris<\/strong> salvo en momentos puntuales (uno de ellos, esta temporada, cuando falleci\u00f3 su ama), ha sumado palabras de agradecimiento a las del adi\u00f3s: \u201cQuiero <strong>agradecer a todos los remeros<\/strong> de estos a\u00f1os, <strong>delegados <\/strong>de clubes, responsables de <strong>federaciones<\/strong>\u2026 A todos los <strong>trabajadores de EITB y a todos aquellos de empresas que est\u00e1n trabajando a nuestro alrededor<\/strong>\u201d.\n<\/p>\n<p class=\"article-photo__footer\">\n            Ibon Gazta\u00f1azpi, Mikel Olazabal y Sara Gandara, en una retransmisi\u00f3n deportiva de ETB            ETB        <\/p>\n<p>  Recuerdo a la familia<\/p>\n<p class=\"article-body__text \">\n        \u201cC\u00f3mo no, a <strong>mi familia<\/strong>, a los que est\u00e1n arriba, a <strong>mis padres<\/strong>, y tambi\u00e9n a mi <strong>mujer <\/strong>y a mis <strong>dos hijos<\/strong>\u201d, ha enumerado Olazabal antes de explicar que \u201cson remeros y tienen ilusi\u00f3n de serlo, y les seguir\u00e9 a ellos anim\u00e1ndoles. Y siendo zarauztarra, tambi\u00e9n <strong>animar\u00e9 a la <\/strong><strong>Enbata <\/strong><strong>de Zarautz<\/strong>, sin duda\u201d.\n<\/p>\n<p class=\"article-body__text \">\n        Su socio en las retransmisiones desde hace 15 a\u00f1os, el exremero y periodista<strong> Ibon Gazta\u00f1azpi<\/strong>, le ha regalado dos estrobos unidos como recuerdo, antes de que Olazabal trajera a la memoria a dos personas m\u00e1s.\n<\/p>\n<p class=\"article-body__text \">\n        \u201cQuiero <strong>recordar a Joxemari Iriondo<\/strong>, que me dio la primera oportunidad de hacer la primera retransmisi\u00f3n y fue un gran maestro para m\u00ed, para saber c\u00f3mo hacer las cosas en un directo\u201d, ha recordado, antes de agradecer \u201ca estos compa\u00f1eros de trabajo, todos los dem\u00e1s, y a <strong>Jose Luis Erkizia, \u2018Baserri\u2019<\/strong>, que durante muchos a\u00f1os, antes de que Gazta\u00f1azpi trabajara con nosotros, era nuestro experto\u201d.<\/p>\n","protected":false},"excerpt":{"rendered":"\u201cGran alegr\u00eda de los de Orio y tambi\u00e9n la m\u00eda: esta ha sido la \u00faltima retransmisi\u00f3n\u201d, ha explicado&hellip;\n","protected":false},"author":2,"featured_media":130433,"comment_status":"","ping_status":"","sticky":false,"template":"","format":"standard","meta":{"footnotes":""},"categories":[171],"tags":[6831,4187,146,147,25,24,11417,41844,11957,23,214,1447],"class_list":{"0":"post-130432","1":"post","2":"type-post","3":"status-publish","4":"format-standard","5":"has-post-thumbnail","7":"category-tv","8":"tag-adios","9":"tag-anuncia","10":"tag-entertainment","11":"tag-entretenimiento","12":"tag-es","13":"tag-espana","14":"tag-etb","15":"tag-mikel-olazabal","16":"tag-remo","17":"tag-spain","18":"tag-tv","19":"tag-voz"},"share_on_mastodon":{"url":"","error":""},"_links":{"self":[{"href":"https:\/\/www.europesays.com\/es\/wp-json\/wp\/v2\/posts\/130432","targetHints":{"allow":["GET"]}}],"collection":[{"href":"https:\/\/www.europesays.com\/es\/wp-json\/wp\/v2\/posts"}],"about":[{"href":"https:\/\/www.europesays.com\/es\/wp-json\/wp\/v2\/types\/post"}],"author":[{"embeddable":true,"href":"https:\/\/www.europesays.com\/es\/wp-json\/wp\/v2\/users\/2"}],"replies":[{"embeddable":true,"href":"https:\/\/www.europesays.com\/es\/wp-json\/wp\/v2\/comments?post=130432"}],"version-history":[{"count":0,"href":"https:\/\/www.europesays.com\/es\/wp-json\/wp\/v2\/posts\/130432\/revisions"}],"wp:featuredmedia":[{"embeddable":true,"href":"https:\/\/www.europesays.com\/es\/wp-json\/wp\/v2\/media\/130433"}],"wp:attachment":[{"href":"https:\/\/www.europesays.com\/es\/wp-json\/wp\/v2\/media?parent=130432"}],"wp:term":[{"taxonomy":"category","embeddable":true,"href":"https:\/\/www.europesays.com\/es\/wp-json\/wp\/v2\/categories?post=130432"},{"taxonomy":"post_tag","embeddable":true,"href":"https:\/\/www.europesays.com\/es\/wp-json\/wp\/v2\/tags?post=130432"}],"curies":[{"name":"wp","href":"https:\/\/api.w.org\/{rel}","templated":true}]}}