{"id":130434,"date":"2025-09-21T21:52:18","date_gmt":"2025-09-21T21:52:18","guid":{"rendered":"https:\/\/www.europesays.com\/es\/130434\/"},"modified":"2025-09-21T21:52:18","modified_gmt":"2025-09-21T21:52:18","slug":"el-titan-del-rock-manuel-martinez-medina-azahara-conquista-puertollano-tras-salir-del-hospital-por-una-grave-enfermedad","status":"publish","type":"post","link":"https:\/\/www.europesays.com\/es\/130434\/","title":{"rendered":"El tit\u00e1n del rock Manuel Mart\u00ednez (Medina Azahara) conquista Puertollano tras salir del hospital por una grave enfermedad"},"content":{"rendered":"<p>Medina Azahara lleg\u00f3 este viernes a Puertollano para demostrar ante cerca de 2.500 personas para demostrar por qu\u00e9 son un icono del rock espa\u00f1ol, modelo del rock andaluz y ejemplo de superaci\u00f3n ante la adversidad. Su m\u00edtico l\u00edder, Manuel Mart\u00ednez, ha anunciado sobre el escenario que est\u00e1 superando una grave enfermedad que le ha obligado a estar ingresado en un centro hospitalario, y que ha acudido a darlo todo a la ciudad industrial despu\u00e9s de que fuera dado de alta este mismo viernes a las 12.45 horas, apenas ocho horas antes de su concierto.<\/p>\n<p><img fetchpriority=\"high\" decoding=\"async\" width=\"1280\" height=\"960\" data-id=\"901671\" src=\"https:\/\/www.europesays.com\/es\/wp-content\/uploads\/2025\/09\/208d8f9e-94af-4a59-9542-b887c40314ce.jpg\" alt=\"\" class=\"wp-image-901671\"  \/><\/p>\n<p><img loading=\"lazy\" decoding=\"async\" width=\"1280\" height=\"960\" data-id=\"901678\" src=\"https:\/\/www.europesays.com\/es\/wp-content\/uploads\/2025\/09\/1c8f9429-aa17-4b82-bab3-2596aed9f347.jpg\" alt=\"\" class=\"wp-image-901678\"  \/><\/p>\n<p><img loading=\"lazy\" decoding=\"async\" width=\"1280\" height=\"960\" data-id=\"901679\" src=\"https:\/\/www.europesays.com\/es\/wp-content\/uploads\/2025\/09\/5f609689-46ec-434b-9190-a05276bfbd95.jpg\" alt=\"\" class=\"wp-image-901679\"  \/><\/p>\n<p><img loading=\"lazy\" decoding=\"async\" width=\"1280\" height=\"960\" data-id=\"901676\" src=\"https:\/\/www.europesays.com\/es\/wp-content\/uploads\/2025\/09\/8adf6ee8-0fd2-484e-a44c-52ee65591950.jpg\" alt=\"\" class=\"wp-image-901676\"  \/><\/p>\n<p><img loading=\"lazy\" decoding=\"async\" width=\"1280\" height=\"960\" data-id=\"901673\" src=\"https:\/\/www.europesays.com\/es\/wp-content\/uploads\/2025\/09\/523527f0-8b83-492a-bced-928fc8dd34f6.jpg\" alt=\"\" class=\"wp-image-901673\"  \/><\/p>\n<p><img loading=\"lazy\" decoding=\"async\" width=\"1280\" height=\"960\" data-id=\"901674\" src=\"https:\/\/www.europesays.com\/es\/wp-content\/uploads\/2025\/09\/1a08421d-fbcf-4190-953f-e2b33a9a39a1.jpg\" alt=\"\" class=\"wp-image-901674\"  \/><\/p>\n<p><img loading=\"lazy\" decoding=\"async\" width=\"1280\" height=\"960\" data-id=\"901675\" src=\"https:\/\/www.europesays.com\/es\/wp-content\/uploads\/2025\/09\/314f2696-150d-4807-a17d-955d285a34f5.jpg\" alt=\"\" class=\"wp-image-901675\"  \/><\/p>\n<p><img loading=\"lazy\" decoding=\"async\" width=\"1320\" height=\"896\" data-id=\"901669\" src=\"https:\/\/www.europesays.com\/es\/wp-content\/uploads\/2025\/09\/ma8-1320x896-1.jpg\" alt=\"\" class=\"wp-image-901669\"  \/><\/p>\n<p><img loading=\"lazy\" decoding=\"async\" width=\"1164\" height=\"841\" data-id=\"901670\" src=\"https:\/\/www.europesays.com\/es\/wp-content\/uploads\/2025\/09\/1758491535_822_ma6.jpg\" alt=\"\" class=\"wp-image-901670\"  \/><\/p>\n<p><img loading=\"lazy\" decoding=\"async\" width=\"1173\" height=\"835\" data-id=\"901680\" src=\"https:\/\/www.europesays.com\/es\/wp-content\/uploads\/2025\/09\/1758491536_986_ma2-1.jpg\" alt=\"\" class=\"wp-image-901680\"  \/><\/p>\n<p><img loading=\"lazy\" decoding=\"async\" width=\"1600\" height=\"1200\" data-id=\"901677\" src=\"https:\/\/www.europesays.com\/es\/wp-content\/uploads\/2025\/09\/whatsapp-image-2025-09-20-at-00.43.58.jpeg\" alt=\"\" class=\"wp-image-901677\"  \/><\/p>\n<p><img loading=\"lazy\" decoding=\"async\" width=\"1320\" height=\"997\" data-id=\"901672\" src=\"https:\/\/www.europesays.com\/es\/wp-content\/uploads\/2025\/09\/ma5-1320x997-1.jpg\" alt=\"\" class=\"wp-image-901672\"  \/><\/p>\n<p><img loading=\"lazy\" decoding=\"async\" width=\"1320\" height=\"1062\" data-id=\"901681\" src=\"https:\/\/www.europesays.com\/es\/wp-content\/uploads\/2025\/09\/ma9-1320x1062-1.jpg\" alt=\"\" class=\"wp-image-901681\"  \/><\/p>\n<p><img loading=\"lazy\" decoding=\"async\" width=\"1173\" height=\"729\" data-id=\"901682\" src=\"https:\/\/www.europesays.com\/es\/wp-content\/uploads\/2025\/09\/ma3.jpg\" alt=\"\" class=\"wp-image-901682\"  \/><\/p>\n<p>Pese a todo, el grupo cordob\u00e9s ofreci\u00f3 mucho m\u00e1s que un sonido potente: coros cuidados a tres voces, solos de guitarra impecables, una base r\u00edtmica s\u00f3lida, un directo con una pegada elegante y, sobre todo, una conexi\u00f3n total con el p\u00fablico. Aunque los asistentes, en su mayor\u00eda veteranos del rock, se mostraron expectantes en los primeros temas, a partir del cuarto corte la entrega fue absoluta gracias al carisma y liderazgo de Manuel Mart\u00ednez, voz y alma de Medina Azahara desde 1979.<\/p>\n<p>Con referencias a Deep Purple, AC\/DC y Europe, emotivas presentaciones, gui\u00f1os constantes a Puertollano y momentos m\u00e1gicos iluminados por las linternas del p\u00fablico en las baladas, la banda convirti\u00f3 la velada en un espect\u00e1culo inolvidable. Mart\u00ednez, con cercan\u00eda y cari\u00f1o, invit\u00f3 a cantar a los presentes a los del albero y a los de la grada\u2026 y logr\u00f3 que toda la plaza coreara con fuerza.<\/p>\n<p>Manuel Mart\u00ednez hizo evidente que desde 1979 sube a los escenarios para liderar desde su creaci\u00f3n a los Medina Azahara, y esa vast\u00edsima veteran\u00eda y experiencia es una garant\u00eda absoluta.<\/p>\n<p>\u00bfSe retirar\u00e1n? Siempre podr\u00e1n seguir. Lo que es indudable sin ning\u00fan g\u00e9nero de duda es que estos genios han dejado en Puertollano de nuevo el sello de calidad que los catapult\u00f3, los mantuvo y los conservar\u00e1 en la memoria del rock, del mejor rock nacional.<\/p>\n<p>Buenos m\u00fasicos, buenas ideas y la gallard\u00eda de mezclar los modos andaluces con el ritmo anglosaj\u00f3n para poder respirar un aire fresco que nos haga ser libres como el viento.<\/p>\n<p>Larga vida a Medina Azahara.<\/p>\n","protected":false},"excerpt":{"rendered":"Medina Azahara lleg\u00f3 este viernes a Puertollano para demostrar ante cerca de 2.500 personas para demostrar por qu\u00e9&hellip;\n","protected":false},"author":2,"featured_media":130435,"comment_status":"","ping_status":"","sticky":false,"template":"","format":"standard","meta":{"footnotes":""},"categories":[170],"tags":[146,147,25,24,184,185,23],"class_list":{"0":"post-130434","1":"post","2":"type-post","3":"status-publish","4":"format-standard","5":"has-post-thumbnail","7":"category-musica","8":"tag-entertainment","9":"tag-entretenimiento","10":"tag-es","11":"tag-espana","12":"tag-music","13":"tag-musica","14":"tag-spain"},"share_on_mastodon":{"url":"","error":""},"_links":{"self":[{"href":"https:\/\/www.europesays.com\/es\/wp-json\/wp\/v2\/posts\/130434","targetHints":{"allow":["GET"]}}],"collection":[{"href":"https:\/\/www.europesays.com\/es\/wp-json\/wp\/v2\/posts"}],"about":[{"href":"https:\/\/www.europesays.com\/es\/wp-json\/wp\/v2\/types\/post"}],"author":[{"embeddable":true,"href":"https:\/\/www.europesays.com\/es\/wp-json\/wp\/v2\/users\/2"}],"replies":[{"embeddable":true,"href":"https:\/\/www.europesays.com\/es\/wp-json\/wp\/v2\/comments?post=130434"}],"version-history":[{"count":0,"href":"https:\/\/www.europesays.com\/es\/wp-json\/wp\/v2\/posts\/130434\/revisions"}],"wp:featuredmedia":[{"embeddable":true,"href":"https:\/\/www.europesays.com\/es\/wp-json\/wp\/v2\/media\/130435"}],"wp:attachment":[{"href":"https:\/\/www.europesays.com\/es\/wp-json\/wp\/v2\/media?parent=130434"}],"wp:term":[{"taxonomy":"category","embeddable":true,"href":"https:\/\/www.europesays.com\/es\/wp-json\/wp\/v2\/categories?post=130434"},{"taxonomy":"post_tag","embeddable":true,"href":"https:\/\/www.europesays.com\/es\/wp-json\/wp\/v2\/tags?post=130434"}],"curies":[{"name":"wp","href":"https:\/\/api.w.org\/{rel}","templated":true}]}}