{"id":130440,"date":"2025-09-21T21:56:09","date_gmt":"2025-09-21T21:56:09","guid":{"rendered":"https:\/\/www.europesays.com\/es\/130440\/"},"modified":"2025-09-21T21:56:09","modified_gmt":"2025-09-21T21:56:09","slug":"avance-semanal-de-la-promesa-entre-el-22-y-el-26-de-septiembre-secretos-desapariciones-y-nuevos-conflictos","status":"publish","type":"post","link":"https:\/\/www.europesays.com\/es\/130440\/","title":{"rendered":"Avance semanal de La Promesa entre el 22 y el 26 de septiembre: secretos, desapariciones y nuevos conflictos"},"content":{"rendered":"<p>La tensi\u00f3n y el drama se apoderan de La Promesa en una semana marcada por desapariciones, secretos y decisiones que cambiar\u00e1n el destino de la familia Luj\u00e1n. Catalina se ve obligada a abandonar el palacio tras las amenazas del bar\u00f3n de Valladares, mientras la noticia del compromiso entre \u00c1ngela y Lorenzo sacude a todos. La incertidumbre crece con la ausencia de Catalina, el empeoramiento de Petra y los misterios que rodean a Enora. \u00bfPodr\u00e1n los habitantes de La Promesa superar tantos desaf\u00edos? No te pierdas los cap\u00edtulos m\u00e1s intensos de la temporada.<\/p>\n<p>A continuaci\u00f3n, te contamos<b> todo lo que ocurrir\u00e1 en <\/b><b>La Promesa<\/b><b> entre el 22 y el 26 de septiembre.<\/b><\/p>\n<p>Avance semanal de La Promesa Lunes 22, cap\u00edtulo 680<\/p>\n<p>Por otro lado, en La Promesa, Adriano comienza a preocuparse por la desaparici\u00f3n de su esposa. Las sospechas sobre Enora y su extra\u00f1o comportamiento aumentan, lo que lleva a Manuel a investigar su pasado. Petra, cada vez m\u00e1s irritable y mostrando claros signos de enfermedad, pierde el control con P\u00eda y act\u00faa de manera cada vez m\u00e1s impredecible. Vera sigue debati\u00e9ndose entre volver a casa o mantenerse firme en su decisi\u00f3n. Su hermano Federico la visita para hablar sobre un posible reencuentro con su padre, mientras la tensi\u00f3n con Lope sigue sin resolverse. P\u00eda, por su parte, se prepara para marcharse a Aranjuez, profundamente triste por separarse de su hijo. Finalmente, Leocadia anuncia p\u00fablicamente el compromiso de \u00c1ngela con Lorenzo, dejando a toda la familia completamente sorprendida.<\/p>\n<p><img decoding=\"async\" src=\"https:\/\/los40.com\/pf\/resources\/img\/logo-40-v-c.svg?d=879\" alt=\"LOS40\" class=\"i-pro\" width=\"68\" height=\"68\" loading=\"lazy\"\/>Martes 23, cap\u00edtulo 681<\/p>\n<p>Leocadia anuncia el compromiso entre \u00c1ngela y el capit\u00e1n de la Mata, dejando a toda la familia sorprendida. Sin embargo, la noticia pasa a un segundo plano cuando Catalina desaparece junto a sus hijos. Por suerte, los ni\u00f1os son encontrados en el cobertizo, aunque no hay se\u00f1ales de su madre. En el palacio, Adriano recibe una carta de Catalina, donde ella explica que ha decidido marcharse para proteger a sus hijos, anteponiendo su bienestar al propio. Ante esta nueva situaci\u00f3n, Crist\u00f3bal y Petra retoman el control para gestionar lo que ocurre en la familia. Mar\u00eda Fern\u00e1ndez y los dem\u00e1s empleados critican la ausencia de P\u00eda. Mientras tanto, Petra, que sigue sufriendo molestias en el cuello, se enfrenta a un ambiente complicado en el palacio. Samuel atribuye sus dolores a su mal humor y le recomienda que se relaje y no se tome las cosas tan a pecho, aunque esto no impedir\u00e1 que los s\u00edntomas de Petra empeoren.<\/p>\n<p>Mi\u00e9rcoles 24, cap\u00edtulo 682<\/p>\n<p>Catalina ha desaparecido dejando tras de s\u00ed dos cartas de despedida. Adriano, Martina y los Luj\u00e1n intentan entender su partida. El anuncio del compromiso de \u00c1ngela con Lorenzo sigue desatando una ola de rechazo y dolor. La joven, traicionada, se niega a obedecer a su madre. En la zona de servicio, Petra contin\u00faa debilitada por su colapso f\u00edsico y la presi\u00f3n moral del castigo a P\u00eda. Finalmente, decide confiar en Mar\u00eda Fern\u00e1ndez, que se ha comprometido a guardar su secreto y tomar ciertas responsabilidades. Lope y Vera llevan su enfrentamiento al l\u00edmite y discuten delante de los se\u00f1ores, con terribles consecuencias. Por su parte, las cocineras le hacen ver a Enora que Manuel est\u00e1 celoso de su boda con To\u00f1o.<\/p>\n<p>Jueves 25,cap\u00edtulo 683<\/p>\n<p>La partida de Catalina sigue siendo tema de conversaci\u00f3n; Martina sospecha que su marcha est\u00e1 relacionada con el \u00faltimo encuentro que tuvo con el bar\u00f3n de Valladares, aunque Jacobo le aconseja que deje de pensar en ello. Lope y Vera no pueden quitarse de la cabeza el desastre que fue el desayuno que sirvieron, y sus temores se confirman cuando Crist\u00f3bal se entera de lo ocurrido.El marqu\u00e9s intenta convencer a Leocadia de cancelar el compromiso entre \u00c1ngela y Lorenzo, llegando incluso a cansarla con su insistencia. Por su parte, Ricardo est\u00e1 agotado y siente que la ausencia de P\u00eda es \u00fanicamente culpa suya. Mientras tanto, el malestar de la ama de llaves empeora cada vez m\u00e1s, comenzando a afectar seriamente su salud.<\/p>\n<p>Viernes 26, cap\u00edtulo 684<\/p>\n<p>La ausencia de Catalina sigue pesando sobre La Promesa. Martina sospecha que el bar\u00f3n de Valladares tuvo un papel clave en su marcha, mientras Alonso y Adriano se angustian ante la falta de noticias. Manuel intenta mantener la serenidad, pero incluso en el taller su mente est\u00e1 distra\u00edda, atrapada entre las dudas sobre Enora y las preocupaciones familiares.Por su parte, \u00c1ngela busca consuelo en Samuel, aunque \u00e9l le pide confianza y di\u00e1logo, ella solo siente rabia. En un tenso enfrentamiento con Lorenzo, \u00c1ngela le revela una dura verdad que saca a la luz viejos conflictos. Leocadia, cada vez m\u00e1s presionada, intenta hacerla entrar en raz\u00f3n, sin saber que su hija ya planea escapar.<\/p>\n","protected":false},"excerpt":{"rendered":"La tensi\u00f3n y el drama se apoderan de La Promesa en una semana marcada por desapariciones, secretos y&hellip;\n","protected":false},"author":2,"featured_media":130441,"comment_status":"","ping_status":"","sticky":false,"template":"","format":"standard","meta":{"footnotes":""},"categories":[91],"tags":[146,147,25,24,23],"class_list":{"0":"post-130440","1":"post","2":"type-post","3":"status-publish","4":"format-standard","5":"has-post-thumbnail","7":"category-entretenimiento","8":"tag-entertainment","9":"tag-entretenimiento","10":"tag-es","11":"tag-espana","12":"tag-spain"},"share_on_mastodon":{"url":"","error":""},"_links":{"self":[{"href":"https:\/\/www.europesays.com\/es\/wp-json\/wp\/v2\/posts\/130440","targetHints":{"allow":["GET"]}}],"collection":[{"href":"https:\/\/www.europesays.com\/es\/wp-json\/wp\/v2\/posts"}],"about":[{"href":"https:\/\/www.europesays.com\/es\/wp-json\/wp\/v2\/types\/post"}],"author":[{"embeddable":true,"href":"https:\/\/www.europesays.com\/es\/wp-json\/wp\/v2\/users\/2"}],"replies":[{"embeddable":true,"href":"https:\/\/www.europesays.com\/es\/wp-json\/wp\/v2\/comments?post=130440"}],"version-history":[{"count":0,"href":"https:\/\/www.europesays.com\/es\/wp-json\/wp\/v2\/posts\/130440\/revisions"}],"wp:featuredmedia":[{"embeddable":true,"href":"https:\/\/www.europesays.com\/es\/wp-json\/wp\/v2\/media\/130441"}],"wp:attachment":[{"href":"https:\/\/www.europesays.com\/es\/wp-json\/wp\/v2\/media?parent=130440"}],"wp:term":[{"taxonomy":"category","embeddable":true,"href":"https:\/\/www.europesays.com\/es\/wp-json\/wp\/v2\/categories?post=130440"},{"taxonomy":"post_tag","embeddable":true,"href":"https:\/\/www.europesays.com\/es\/wp-json\/wp\/v2\/tags?post=130440"}],"curies":[{"name":"wp","href":"https:\/\/api.w.org\/{rel}","templated":true}]}}