{"id":130442,"date":"2025-09-21T21:57:13","date_gmt":"2025-09-21T21:57:13","guid":{"rendered":"https:\/\/www.europesays.com\/es\/130442\/"},"modified":"2025-09-21T21:57:13","modified_gmt":"2025-09-21T21:57:13","slug":"meta-tropieza-con-gafas-inteligentes-y-apple-gana-tiempo-para-su-estrategia-de-ia","status":"publish","type":"post","link":"https:\/\/www.europesays.com\/es\/130442\/","title":{"rendered":"Meta tropieza con gafas inteligentes y Apple gana tiempo para su estrategia de IA"},"content":{"rendered":"<p>    <img fetchpriority=\"high\" decoding=\"async\" src=\"data:image\/gif;base64,R0lGODlhAQABAIAAAAAAAP\/\/\/ywAAAAAAQABAAACAUwAOw==\" alt=\"Meta tropieza con gafas inteligentes y Apple gana tiempo para su estrategia de IA\" loading=\"eager\" height=\"540\" width=\"960\" class=\"yf-1gfnohs loader\"\/> Meta tropieza con gafas inteligentes y Apple gana tiempo para su estrategia de IA         <\/p>\n<p class=\"yf-1090901\">El mi\u00e9rcoles, <strong>Gene<\/strong> <strong>Munster<\/strong> dijo que la keynote <strong>Connect<\/strong> <strong>2025<\/strong> de <strong>Meta Platforms Inc.<\/strong> (NASDAQ:META) puso de relieve las dificultades de combinar hardware, software e inteligencia artificial (IA), y que <strong>Apple Inc.<\/strong> (NASDAQ:AAPL) tiene m\u00e1s margen de maniobra del que piensan los inversores.<\/p>\n<p class=\"yf-1090901\">El socio gerente de <strong>Deepwater<\/strong> <strong>Asset<\/strong> <strong>Management<\/strong> recurri\u00f3 a X despu\u00e9s de que Meta presentara su \u00faltimo cat\u00e1logo de gafas inteligentes <strong>Ray-Ban<\/strong> y <strong>Oakley<\/strong> en su evento Connect 2025.<\/p>\n<p class=\"yf-1090901\">\u201cBuenas noticias para $AAPL\u201d, escribi\u00f3 Munster. \u201cUna conclusi\u00f3n de la keynote de esta noche de $META es que la integraci\u00f3n de hardware, software e IA es REALMENTE dif\u00edcil, como lo demuestra que dos demostraciones con gafas tuvieron problemas\u201d.<\/p>\n<p class=\"yf-1090901\">\u201cY han volcado energ\u00eda en el hardware. Meta ha perdido\/invertido alrededor de 65.000 millones de d\u00f3lares en Reality Labs desde el cambio de nombre en 2021. En resumen: Apple tiene m\u00e1s tiempo para resolver la IA de lo que la mayor\u00eda cree\u201d, a\u00f1adi\u00f3.<\/p>\n<p class=\"yf-1090901\">Sus comentarios llegaron despu\u00e9s de que varias demostraciones en el escenario de las nuevas gafas inteligentes de Meta fallaran, lo que puso de relieve la complejidad de fusionar la IA con la tecnolog\u00eda vestible.<\/p>\n<p class=\"yf-1090901\">Lee tambi\u00e9n: <a href=\"https:\/\/es.benzinga.com\/news\/spain\/stocks\/acciones-banco-sabadell-renta4-vender-esperar-bbva\/\" rel=\"nofollow noopener\" target=\"_blank\" data-ylk=\"slk:Acciones de Banco Sabadell (SAB): Renta 4 aconseja vender y esperar correcciones en BBVA;elm:context_link;itc:0;sec:content-canvas\" class=\"link \"><strong>Acciones de Banco Sabadell (SAB): Renta 4 aconseja vender y esperar correcciones en BBVA<\/strong><\/a><\/p>\n<p class=\"yf-1090901\">Desde que se rebautiz\u00f3 como Meta en 2021, la compa\u00f1\u00eda ha destinado casi 65.000 millones de d\u00f3lares a <strong>Reality<\/strong> <strong>Labs<\/strong>, su divisi\u00f3n centrada en realidad virtual, realidad aumentada y dispositivos vestibles potenciados por IA.<\/p>\n<p class=\"yf-1090901\">En Connect 2025, Meta present\u00f3 las gafas Ray-Ban Display por 799 d\u00f3lares, con una pantalla digital integrada; las gafas Oakley Vanguard por 499 d\u00f3lares, dirigidas a atletas; y mejoras en sus visores VR Quest.<\/p>\n<p class=\"yf-1090901\">A pesar de los lanzamientos llamativos, los fallos durante las demostraciones de producto atrajeron m\u00e1s la atenci\u00f3n, y las cr\u00edticas.<\/p>\n<p class=\"yf-1090901\">Munster enmarc\u00f3 los tropiezos no como un fracaso, sino como un recordatorio de que incluso las empresas bien financiadas se enfrentan a fuertes obst\u00e1culos de integraci\u00f3n.<\/p>\n<p class=\"yf-1090901\">En comparaci\u00f3n, Apple se ha movido con cautela en realidad aumentada e IA. Analistas, incluido <strong>Ming-Chi Kuo<\/strong>, esperan que la compa\u00f1\u00eda estrene sus propias gafas inteligentes m\u00e1s cerca de 2027, junto con actualizaciones de su l\u00ednea de visores <strong>Vision<\/strong> <strong>Pro<\/strong>.<\/p>\n<p class=\"yf-1090901\">Aunque Munster sostuvo que los tropiezos de Meta dan a Apple m\u00e1s tiempo, el fabricante del <strong>iPhone<\/strong> encara escepticismo respecto a su propia estrategia de IA.<\/p>\n<p class=\"yf-1090901\">El analista de Wedbush, <strong>Dan<\/strong> <strong>Ives<\/strong>, calific\u00f3 anteriormente el impulso de Apple en IA como un \u201cdesastre\u201d, se\u00f1alando que Siri no ha logrado impresionar y que el desarrollo interno va a la zaga de sus rivales.<\/p>\n<p class=\"yf-1090901\">El capitalista de riesgo <strong>Chamath<\/strong> <strong>Palihapitiya<\/strong> tambi\u00e9n critic\u00f3 el potencial innovador de Apple, mientras que los analistas subrayaron que la l\u00ednea de <strong>iPhone 17<\/strong> trajo principalmente mejoras incrementales.<\/p>\n<p class=\"yf-1090901\"><strong>Benzinga<\/strong> <strong>Edge<\/strong> <strong>Stock<\/strong> <strong>Rankings<\/strong> indica que AAPL mantiene una trayectoria ascendente a corto, medio y largo plazo. <a href=\"https:\/\/www.benzinga.com\/premium\/ideas\/benzinga-edge-3\/\" rel=\"nofollow noopener\" target=\"_blank\" data-ylk=\"slk:Aqu\u00ed puedes encontrar m\u00e1s informaci\u00f3n sobre su rendimiento;elm:context_link;itc:0;sec:content-canvas\" class=\"link \">Aqu\u00ed puedes encontrar m\u00e1s informaci\u00f3n sobre su rendimiento<\/a>.<\/p>\n<p>  <a href=\"https:\/\/www.benzinga.com\/premium\/ideas\/benzinga-edge-2#:~:text=Turn%20Market%20Chaos,when%20markets%20rebound&#039;\" target=\"_blank\" rel=\"noopener noreferrer nofollow\"><img decoding=\"async\" src=\"data:image\/gif;base64,R0lGODlhAQABAIAAAAAAAP\/\/\/ywAAAAAAQABAAACAUwAOw==\" alt=\"\" loading=\"lazy\" height=\"265\" width=\"442\" class=\"yf-1gfnohs loader\"\/><\/a>   <\/p>\n<p class=\"yf-1090901\">Foto cortes\u00eda de: Skorzewiak \/ Shutterstock.com<\/p>\n<p class=\"yf-1090901\">Lee tambi\u00e9n: <a href=\"https:\/\/es.benzinga.com\/news\/usa\/indices\/sp500-ganancias-segundo-ano-recortes-fed\/\" rel=\"nofollow noopener\" target=\"_blank\" data-ylk=\"slk:S&amp;P 500 proyecta fuertes ganancias en segundo a\u00f1o de recortes de la Fed;elm:context_link;itc:0;sec:content-canvas\" class=\"link \"><strong>S&amp;P 500 proyecta fuertes ganancias en segundo a\u00f1o de recortes de la Fed<\/strong><\/a><\/p>\n<p class=\"yf-1090901\">Para m\u00e1s actualizaciones sobre este tema, activa las notificaciones de\u00a0<a class=\"link \" href=\"https:\/\/es.benzinga.com\/#\" rel=\"nofollow noopener\" target=\"_blank\" data-ylk=\"slk:Benzinga Espa\u00f1a;elm:context_link;itc:0;sec:content-canvas\">Benzinga Espa\u00f1a<\/a>\u00a0o s\u00edguenos en nuestras redes sociales:\u00a0<a class=\"link \" href=\"https:\/\/twitter.com\/BenzingaSpain\" rel=\"nofollow noopener\" target=\"_blank\" data-ylk=\"slk:X;elm:context_link;itc:0;sec:content-canvas\">X<\/a>\u00a0y\u00a0<a class=\"link \" href=\"https:\/\/www.facebook.com\/benzinga.es\" rel=\"nofollow noopener\" target=\"_blank\" data-ylk=\"slk:Facebook;elm:context_link;itc:0;sec:content-canvas\">Facebook<\/a>.<\/p>\n<p class=\"yf-1090901\"><b>Recibe informaci\u00f3n exclusiva sobre los movimientos del mercado 30 minutos antes que otros traders<\/b><\/p>\n<p class=\"yf-1090901\">La prueba gratuita de 14 d\u00edas de Benzinga Pro, disponible en ingl\u00e9s, te da acceso a informaci\u00f3n exclusiva para que puedas recibir se\u00f1ales de trading \u00fatiles antes que millones de otros traders.\u00a0<a class=\"link \" href=\"https:\/\/www.benzinga.com\/pro\/free-trial\" rel=\"nofollow noopener\" target=\"_blank\" data-ylk=\"slk:HAZ CLIC AQU\u00cd;elm:context_link;itc:0;sec:content-canvas\">HAZ CLIC AQU\u00cd<\/a>\u00a0para comenzar tu prueba gratuita.<\/p>\n<p class=\"yf-1090901\"><a class=\"link \" href=\"https:\/\/es.benzinga.com\/news\/usa\/stocks\/meta-gafas-inteligentes-apple-ia-tiempo\/\" rel=\"nofollow noopener\" target=\"_blank\" data-ylk=\"slk:Lee m\u00e1s en Benzinga Espa\u00f1a;elm:context_link;itc:0;sec:content-canvas\">Lee m\u00e1s en Benzinga Espa\u00f1a<\/a><\/p>\n<p> <script async src=\"https:\/\/platform.twitter.com\/widgets.js\" charset=\"utf-8\"><\/script><\/p>\n","protected":false},"excerpt":{"rendered":"Meta tropieza con gafas inteligentes y Apple gana tiempo para su estrategia de IA El mi\u00e9rcoles, Gene Munster&hellip;\n","protected":false},"author":2,"featured_media":130443,"comment_status":"","ping_status":"","sticky":false,"template":"","format":"standard","meta":{"footnotes":""},"categories":[81],"tags":[36136,119,123,124,25,24,41845,1636,138,41846,117,121,122,23,118,120],"class_list":{"0":"post-130442","1":"post","2":"type-post","3":"status-publish","4":"format-standard","5":"has-post-thumbnail","7":"category-ciencia-y-tecnologia","8":"tag-apple-inc","9":"tag-ciencia","10":"tag-ciencia-y-tecnologia","11":"tag-cienciaytecnologia","12":"tag-es","13":"tag-espana","14":"tag-gene-munster","15":"tag-ia","16":"tag-meta","17":"tag-reality-labs","18":"tag-science","19":"tag-science-and-technology","20":"tag-scienceandtechnology","21":"tag-spain","22":"tag-technology","23":"tag-tecnologia"},"share_on_mastodon":{"url":"","error":""},"_links":{"self":[{"href":"https:\/\/www.europesays.com\/es\/wp-json\/wp\/v2\/posts\/130442","targetHints":{"allow":["GET"]}}],"collection":[{"href":"https:\/\/www.europesays.com\/es\/wp-json\/wp\/v2\/posts"}],"about":[{"href":"https:\/\/www.europesays.com\/es\/wp-json\/wp\/v2\/types\/post"}],"author":[{"embeddable":true,"href":"https:\/\/www.europesays.com\/es\/wp-json\/wp\/v2\/users\/2"}],"replies":[{"embeddable":true,"href":"https:\/\/www.europesays.com\/es\/wp-json\/wp\/v2\/comments?post=130442"}],"version-history":[{"count":0,"href":"https:\/\/www.europesays.com\/es\/wp-json\/wp\/v2\/posts\/130442\/revisions"}],"wp:featuredmedia":[{"embeddable":true,"href":"https:\/\/www.europesays.com\/es\/wp-json\/wp\/v2\/media\/130443"}],"wp:attachment":[{"href":"https:\/\/www.europesays.com\/es\/wp-json\/wp\/v2\/media?parent=130442"}],"wp:term":[{"taxonomy":"category","embeddable":true,"href":"https:\/\/www.europesays.com\/es\/wp-json\/wp\/v2\/categories?post=130442"},{"taxonomy":"post_tag","embeddable":true,"href":"https:\/\/www.europesays.com\/es\/wp-json\/wp\/v2\/tags?post=130442"}],"curies":[{"name":"wp","href":"https:\/\/api.w.org\/{rel}","templated":true}]}}