{"id":130450,"date":"2025-09-21T22:01:11","date_gmt":"2025-09-21T22:01:11","guid":{"rendered":"https:\/\/www.europesays.com\/es\/130450\/"},"modified":"2025-09-21T22:01:11","modified_gmt":"2025-09-21T22:01:11","slug":"elche-1-0-oviedo-resumen-gol-y-resultado","status":"publish","type":"post","link":"https:\/\/www.europesays.com\/es\/130450\/","title":{"rendered":"Elche 1-0 Oviedo: resumen, gol y resultado"},"content":{"rendered":"<p class=\"ev-title\">Andr\u00e9 Silva lidera a la revelaci\u00f3n<\/p>\n<p><strong>Rond\u00f3n pudo cambiar el rumbo del\u00a0partido con una clar\u00edsima opci\u00f3n nada m\u00e1s empezar.<\/strong>\u00a0Regate\u00f3 a I\u00f1aki Pe\u00f1a tras una p\u00e9rdida de Rafa Mir, pero la cruz\u00f3 demasiado.<\/p>\n<p>Desde ah\u00ed, el Elche cogi\u00f3 el mando. <strong>Rafa Mir inquiet\u00f3 en dos ocasiones y\u00a0Andr\u00e9 Silva castig\u00f3 antes de los diez minutos.<\/strong><\/p>\n<p><strong>El luso solo tuvo que empujarla en el segundo palo despu\u00e9s de un despeje de Aar\u00f3n Escandell al centro de Valera.<\/strong><\/p>\n<p><strong>Hassan intent\u00f3 buscar la reacci\u00f3n<\/strong>, pero estuvo solo e impreciso durante toda la primera mitad.\u00a0Prob\u00f3 suerte con un disparo que, con problemas, despej\u00f3 I\u00f1aki Pe\u00f1a.<\/p>\n<p><strong>Neto busc\u00f3 duplicar la ventaja cerca del descanso<\/strong>, pero tampoco acert\u00f3 desde lejos.<\/p>\n<p><strong>El inicio del Elche volvi\u00f3 a ser el\u00e9ctrico tras el des<\/strong>canso y el segundo se qued\u00f3 muy cerca.<\/p>\n<p><strong>Rafa Mir se qued\u00f3 cerca de marcar nada m\u00e1s regresar<\/strong> en tres ocasiones, especialmente en una que le sac\u00f3 <strong>Aar\u00f3n Escandell y en otra que golpe\u00f3 en el palo.<\/strong><\/p>\n<p>A partir de ah\u00ed,<strong> la brillantez fue bajando y el Oviedo comenz\u00f3 a crecer<\/strong> tras la entrada de Cazorla e Ilyas.\u00a0<\/p>\n<p><strong>I\u00f1aki Pe\u00f1a tuvo que aparecer<\/strong>, aunque no estuvo demasiado seguro,<strong> e incluso For\u00e9s marc\u00f3, pero hab\u00eda fuera de juego.<\/strong><\/p>\n<p>La reacci\u00f3n fue demasiado tard\u00eda y los tres puntos se quedaron en casa. <strong>El Elche sigue imbatido y el Oviedo se mete en problemas.<\/strong><\/p>\n","protected":false},"excerpt":{"rendered":"Andr\u00e9 Silva lidera a la revelaci\u00f3n Rond\u00f3n pudo cambiar el rumbo del\u00a0partido con una clar\u00edsima opci\u00f3n nada m\u00e1s&hellip;\n","protected":false},"author":2,"featured_media":130451,"comment_status":"","ping_status":"","sticky":false,"template":"","format":"standard","meta":{"footnotes":""},"categories":[5],"tags":[17,18,25,24,13,14,11,19,20,9,10,15,16,23,12,21,22],"class_list":{"0":"post-130450","1":"post","2":"type-post","3":"status-publish","4":"format-standard","5":"has-post-thumbnail","7":"category-titulares","8":"tag-breaking-news","9":"tag-breakingnews","10":"tag-es","11":"tag-espana","12":"tag-featured-news","13":"tag-featurednews","14":"tag-headlines","15":"tag-latest-news","16":"tag-latestnews","17":"tag-news","18":"tag-noticias","19":"tag-noticias-destacadas","20":"tag-noticiasdestacadas","21":"tag-spain","22":"tag-titulares","23":"tag-ultimas-noticias","24":"tag-ultimasnoticias"},"share_on_mastodon":{"url":"","error":""},"_links":{"self":[{"href":"https:\/\/www.europesays.com\/es\/wp-json\/wp\/v2\/posts\/130450","targetHints":{"allow":["GET"]}}],"collection":[{"href":"https:\/\/www.europesays.com\/es\/wp-json\/wp\/v2\/posts"}],"about":[{"href":"https:\/\/www.europesays.com\/es\/wp-json\/wp\/v2\/types\/post"}],"author":[{"embeddable":true,"href":"https:\/\/www.europesays.com\/es\/wp-json\/wp\/v2\/users\/2"}],"replies":[{"embeddable":true,"href":"https:\/\/www.europesays.com\/es\/wp-json\/wp\/v2\/comments?post=130450"}],"version-history":[{"count":0,"href":"https:\/\/www.europesays.com\/es\/wp-json\/wp\/v2\/posts\/130450\/revisions"}],"wp:featuredmedia":[{"embeddable":true,"href":"https:\/\/www.europesays.com\/es\/wp-json\/wp\/v2\/media\/130451"}],"wp:attachment":[{"href":"https:\/\/www.europesays.com\/es\/wp-json\/wp\/v2\/media?parent=130450"}],"wp:term":[{"taxonomy":"category","embeddable":true,"href":"https:\/\/www.europesays.com\/es\/wp-json\/wp\/v2\/categories?post=130450"},{"taxonomy":"post_tag","embeddable":true,"href":"https:\/\/www.europesays.com\/es\/wp-json\/wp\/v2\/tags?post=130450"}],"curies":[{"name":"wp","href":"https:\/\/api.w.org\/{rel}","templated":true}]}}