{"id":130452,"date":"2025-09-21T22:02:13","date_gmt":"2025-09-21T22:02:13","guid":{"rendered":"https:\/\/www.europesays.com\/es\/130452\/"},"modified":"2025-09-21T22:02:13","modified_gmt":"2025-09-21T22:02:13","slug":"tras-el-fin-de-semana-deportivo-v-guadalajaradiario-es","status":"publish","type":"post","link":"https:\/\/www.europesays.com\/es\/130452\/","title":{"rendered":"Tras el fin de semana deportivo (V) &#8211; GuadalajaraDiario.es"},"content":{"rendered":"<p><img loading=\"lazy\" decoding=\"async\" src=\"https:\/\/www.europesays.com\/es\/wp-content\/uploads\/2025\/09\/Des_Ebolo_compldet_dos_buenos_partidos__ante_Bazu_y_C.B._Daimiel-220x220.jpg\" width=\"220\" height=\"220\" alt=\"Des Ebolo compldet\u00f3 dos buenos partidos  ante Bazu y C.B. Daimiel\" title=\"Des Ebolo complet\u00f3 dos buenos partidos  ante Bazu y C.B. Daimiel.\" style=\" margin:0;\" \/>Des Ebolo complet\u00f3 dos buenos partidos  ante Bazu y C.B. Daimiel.Comentarios, fichajes y rumores<\/p>\n<p>Enrique Largacha<\/p>\n<p>\u00a0<\/p>\n<p>Segundo partido, primero ante su p\u00fablico, de Sanicentro BM Guadalajara, quien, tras el tropiezo de Logro\u00f1o, cay\u00f3 con estr\u00e9pito, 29-35, ampliamente superado por Horneo E\u00f3n Alicante.<\/p>\n<p>El Deportivo Guadalajara viajaba a Ponferrada para v\u00e9rselas con un complicado rival, pero los morados, superado el tropiezo ante el Tenerife, se est\u00e1 haciendo fuertes en la categor\u00eda y consegu\u00edan un triunfo, 1-3, incontestable en El Toral\u00edn, tercero consecutivo en el campeonato, que le mantiene en las posiciones de privilegio del grupo primero de la Primera RFEF.<\/p>\n<p>Por su parte, en Tercera RFEF, el Marchamalo, tras su derrota en Balazote, recib\u00eda en La Solana al Cazalegas, ante el que obten\u00eda una clara victoria, 3-0.<\/p>\n<p>Por su parte el Azuqueca, con seis puntos en su casillero y liderando la clasificaci\u00f3n, recib\u00eda al hist\u00f3rico, C.D. Toledo, ante el que llegaba al t\u00e9rmino del tiempo reglamentario con el resultado de empate, 0-0, que le mantiene l\u00edder del grupo XVIII de Tercera RFEF.<\/p>\n<p>Por \u00faltimo, el Guadalajara Promesas consegu\u00eda su primera victoria del campeonato y da un salto importante en la clasificaci\u00f3n, en la que ahora suma cinco puntos.<br \/>Esto y el resto de competiciones, sus resultados y las clasificaciones, es lo que pueden ver a continuaci\u00f3n.<\/p>\n<p><img loading=\"lazy\" decoding=\"async\" src=\"https:\/\/www.europesays.com\/es\/wp-content\/uploads\/2025\/09\/Marcos_Dorado_fue_de_los_pocos_morados_acertados_en_ataque_en_un_mal_partido_de_BM._Guadalajara.jpeg\" width=\"370\" height=\"555\" alt=\"Marcos Dorado fue de los pocos morados acertados en ataque en un mal partido de BM. Guadalajara\" title=\"Marcos Dorado fue de los pocos morados acertados en ataque en un mal partido de BM. Guadalajara.\" style=\" margin:0;\" \/>Marcos Dorado fue de los pocos morados acertados en ataque en un mal partido de BM. Guadalajara.BALONMANO<\/p>\n<p>LIGA PLENITUDE ASOBAL. Segunda jornada del campeonato, primera de Sanicentro BM. Guadalajara ante su p\u00fablico y derrota justa, merecida y con estr\u00e9pito ante Horneo E\u00f3n Alicante, que tom\u00f3 el mando del marcador en el minuto 10, 4-5, para ir abriendo paulatinamente el electr\u00f3nico a su favor, llegando descanso con un claro, 14-18.<\/p>\n<p>Tras el descanso, los visitantes salieron contundentes en defensa y con gran claridad de ideas en ataque, coloc\u00e1ndose en un abrir y cerrar de ojos en 18-25 (minuto 40) y 20-29 (minuto 50).<\/p>\n<p>Las diferencias no disminu\u00edan y pese a que Vladic fue mejorando sus n\u00fameros bajo los palos del portal local, los compa\u00f1eros no acompa\u00f1aban y no se reduc\u00edan las diferencias, ante un rival que se mostr\u00f3 muy superior en todas las facetas a BM. Guadalajara.<\/p>\n<p>Al final, victoria justa del cuadro visitante, que dio todo un recital en un David Santamar\u00eda que se qued\u00f3 mudo en el debut del conjunto local ante su p\u00fablico.<br \/>El resultado definitivo, ligeramente maquillado, lo dice todo, 29-35 y mucho que trabajar para ahormar un equipo competitivo.<\/p>\n<p>La pr\u00f3xima jornada, los morados se desplazan al polideportivo Huerta del Rey para enfrentarse, el s\u00e1bado d\u00eda 27, a partir de las 20\u201930 horas al Atl\u00e9tico Valladolid.<br \/>Resultados: BM. Nava, 34-33, Frigor\u00edficos del Morrazo. \u00c1ngel Xim\u00e9nez, 26-33, Bidasoa. Caser\u00edo Ciudad Real, 25-23, BM. Cuenca. Barcelona, 35-25, At. Valladolid. BM. Huesca, 28-25, Villa de Aranda. Ademar. 36-39. Granollers. Torrelavega, 29-25, BM. Logro\u00f1o. BM. Guadalajara, 29-35, Eon Horneo Alicante.<\/p>\n<p><a href=\"https:\/\/asobal.es\/liga\/clasificacion\/\" target=\"_blank\" rel=\"nofollow noopener\">Clasificaci\u00f3n pinchando el siguiente enlace<\/a><\/p>\n<p><img loading=\"lazy\" decoding=\"async\" src=\"https:\/\/www.europesays.com\/es\/wp-content\/uploads\/2025\/09\/Magnfico_planteamiento_de_Pere_Marti_en_la_victoria_morada_ante_la_Ponferradina_Foto_Eduardo_Bonilla.jpeg\" width=\"370\" height=\"267\" alt=\"Magn\u00edfico planteamiento de Pere Marti en la victoria morada ante la Ponferradina Foto Eduardo Bonilla 1\" title=\"Magn\u00edfico planteamiento de Pere Marti en la victoria morada ante la Ponferradina. Foto: Eduardo Bonilla.\" style=\" margin:0;\" \/>Magn\u00edfico planteamiento de Pere Marti en la victoria morada ante la Ponferradina. Foto: Eduardo Bonilla.F\u00daTBOL<\/p>\n<p>PRIMERA RFEF<br \/>El Deportivo Guadalajara toma velocidad de crucero y tras un magn\u00edfico encuentro vence, 1-3, en Ponferrada. Suma su tercera victoria consecutiva y se mantiene en las posiciones de privilegio de la tabla clasificatoria.<br \/>Un buen planteamiento de Pere Mart\u00ed, un buen entramado defensivo, una buena labor en la parcela central y el acierto ante el gol, fueron suficientes para doblegar a un rival que le intent\u00f3 todo, pero fue perfectamente contrarrestado por el conjunto morado, especialmente en el inicio del encuentro.<\/p>\n<p>Los alcarre\u00f1os se adelantaron en el marcador por mediaci\u00f3n de Samu Mayo, en el minuto 35, resultado con el que se llegaba al descanso.<\/p>\n<p>En la reanudaci\u00f3n, pese al buen juego de los visitantes, llegaba el tanto del empate de los locales, obra de Sergio Benito, cuando faltaba media hora para concluir la contienda.<\/p>\n<p>Sin embargo, lejos de amilanarse, a los de Pere Mart\u00ed, el tanto de la igualada les espole\u00f3 para buscar el segundo gol, que llegar\u00eda en el minuto 83, por mediaci\u00f3n de Pablo Mu\u00f1oz, para alegr\u00eda de la parroquia alcarre\u00f1a, llegada desde Guadalajara.<\/p>\n<p>Ser\u00eda el killer, Salifo, quien cerrase el marcador y disipara cualquier duda, con el tercero y definitivo tanto de la victoria. Una victoria merecida, despu\u00e9s de un gran encuentro y tres puntos m\u00e1s para el casillero del Deportivo que ya suma 9 y sigue la estela del Tenerife en la cabeza de la tabla.<\/p>\n<p>La pr\u00f3xima jornada, el Deportivo Guadalajara vuelve a jugar lejos del Escart\u00edn. Visitar\u00e1 a otro potente conjunto, como es el Racing Club de Ferrol, tercer clasificado, con los mismos puntos que los de Pere Mart\u00ed, que son segundos.<\/p>\n<p><a href=\"https:\/\/resultados.rfef.es\/pnfg\/NPcd\/NFG_CmpJornada?cod_primaria=1000120&amp;CodCompeticion=23289295&amp;CodGrupo=23289296&amp;CodTemporada=21&amp;CodJornada=4\" target=\"_blank\" rel=\"nofollow noopener\">Resultados y clasificaci\u00f3n, pinchando el siguiente enlace<\/a><\/p>\n<p><img loading=\"lazy\" decoding=\"async\" src=\"https:\/\/www.europesays.com\/es\/wp-content\/uploads\/2025\/09\/El_Marchamalo_3-0_venci_a_un_Cazalegas_que_no_mereci_tanto_castigo-370x208.jpeg\" width=\"370\" height=\"208\" alt=\"El Marchamalo 3-0 venci\u00f3 a un Cazalegas que no mereci\u00f3 tanto castigo\" title=\"El Marchamalo 3-0 venci\u00f3 a un Cazalegas que no mereci\u00f3 tanto castigo.\" style=\" margin:0;\" \/>El Marchamalo 3-0 venci\u00f3 a un Cazalegas que no mereci\u00f3 tanto castigo.TERCERA RFEF<\/p>\n<p>MARCHAMALO-CAZALEGAS<br \/>El Marchamalo, que recib\u00eda en La Solana, al Cazalegas, lo hac\u00eda con la intenci\u00f3n de dar una alegr\u00eda a su parroquia y conseguir la primera victoria del campeonato.<br \/>Al final de la contienda se llegaba con el resultado de 3-0 para los verdillos, sumado los tres puntos en juego, con goles de Prince, Nico Ruiz y Braun.<\/p>\n<p>Lo cierto, m\u00e1s all\u00e1 de la justicia de la victoria final, es que el marcador fue demasiado abultado, vistos los <br \/>merecimientos de unos y otros.<\/p>\n<p>El primer tiempo fue para el Marchamalo, periodo en el que consigui\u00f3 los dos primeros goles y el segundo, para el cuadro toledano que tuvo ocasiones para haber anotado alg\u00fan tanto.<\/p>\n<p>Al final, llegar\u00eda el tercero para los locales, cerrando un marcador, que repetimos, se nos antoja demasiado amplio, aunque merecido.<\/p>\n<p>La pr\u00f3xima jornada, los gallardos se desplazan a terreno del C.D. Toledo.<\/p>\n<p><img loading=\"lazy\" decoding=\"async\" src=\"https:\/\/www.europesays.com\/es\/wp-content\/uploads\/2025\/09\/Tito_Ablanque_entrenador_del_Guadalajara_Promesas_que_consigui_la_primera_victoria_del_campeonato_an.jpeg\" width=\"370\" height=\"208\" alt=\"Tito Ablanque entrenador del Guadalajara Promesas que consigui\u00f3 la primera victoria del campeonato ante el Hurac\u00e1n de Balazote\" title=\"Tito Ablanque entrenador del Guadalajara Promesas que consigui\u00f3 la primera victoria del campeonato ante el Hurac\u00e1n de Balazote.\" style=\" margin:0;\" \/>Tito Ablanque entrenador del Guadalajara Promesas que consigui\u00f3 la primera victoria del campeonato ante el Hurac\u00e1n de Balazote.GUADALAJARA PROMESAS-HURAC\u00c1N DE BALAZOTE<br \/>Por su parte, el Guadalajara Promesas, volv\u00eda a jugar en casa y lo hac\u00eda ante el Hurac\u00e1n de Balazote, tras dos empates, conseguidos con ocasi\u00f3n de las dos primeras jornadas del campeonato.<\/p>\n<p>Al final del tiempo reglamentario, el marcador se\u00f1alaba la victoria de los locales, 1-0, despu\u00e9s de un partido igualado en el que los morados fueron mejores, propusieron m\u00e1s y contaron con mayor n\u00famero de ocasiones.<br \/>Ha habido que esperar hasta el minuto 81 del tercer partido del campeonato, para que el conjunto que dirige Tito Ablanque anotase el tanto de la primera victoria, obra de Aaron Delgado.<\/p>\n<p>Tras esta jornada, los j\u00f3venes cachorros deportivistas dan un salto importante en la clasificaci\u00f3n con cinco puntos en su casillero de nueve disputados.<\/p>\n<p>La pr\u00f3xima jornada, los morados se desplazan a terreno del C.D. Cazalegas<\/p>\n<p><img loading=\"lazy\" decoding=\"async\" src=\"https:\/\/www.europesays.com\/es\/wp-content\/uploads\/2025\/09\/Un_lance_del_partido_Azuqueca-Toledo_que_concluy_con_empate_sin_goles_Foto_Mara_Cobo_1-370x235.jpeg\" width=\"370\" height=\"235\" alt=\"Un lance del partido Azuqueca-Toledo que concluy\u00f3 con empate sin goles Foto Mar\u00eda Cobo 1\" title=\"Un lance del partido Azuqueca-Toledo que concluy\u00f3 con empate sin goles. Foto: Mar\u00eda Cobo.\" style=\" margin:0;\" \/>Un lance del partido Azuqueca-Toledo que concluy\u00f3 con empate sin goles. Foto: Mar\u00eda Cobo.C.D. AZUQUECA-C.D. TOLEDO<br \/>Y por \u00faltimo el Azuqueca de Juani, tras dos victorias consecutivas, se les ve\u00eda con el todo poderoso Toledo, llegando al final del partido con el resultado de empate, 0-0, despu\u00e9s de un partido muy duro y disputado, con muchas segundas jugadas y muchos rebotes. Un f\u00fatbol en definitiva que favorec\u00eda a un Toledo mucho m\u00e1s experto, que oblig\u00f3 a los rojinegros a defender en bloque bajo y salir por velocidad en jugadas de contragolpe.<\/p>\n<p>Precisamente en estas jugadas, por banda izquierda, bien conducidas por Herv\u00edas, es como han llegado las mejores y m\u00e1s claras ocasiones del partido, si bien los rojinegros no supieron materializarlas.<\/p>\n<p>En todo caso, un punto m\u00e1s, se mantuvo la porter\u00eda a cero y la ilusi\u00f3n por todo lo alto.<br \/>Tras este resultado, el Azuqueca se mantiene l\u00edder de la clasificaci\u00f3n con dos victorias y un empate, una vez disputadas tres jornadas, con 7 puntos en su casillero.<\/p>\n<p>La pr\u00f3xima jornada, los azudenses se desplazan a terreno del C.D. La Solana<\/p>\n<p><a href=\"https:\/\/www.ffcm.es\/pnfg\/NPcd\/NFG_VisClasificacion?cod_primaria=1000120&amp;codjornada=3&amp;codcompeticion=22201339&amp;codgrupo=22223112&amp;codjornada=3\" target=\"_blank\" rel=\"nofollow noopener\">Resultados y clasificaci\u00f3n, pinchando el siguiente enlace<\/a><\/p>\n<p><img loading=\"lazy\" decoding=\"async\" src=\"https:\/\/www.europesays.com\/es\/wp-content\/uploads\/2025\/09\/Los_jugadores_del_Alovera_celebran_la_consecucin_de_uno_de_los_goles_1_1-370x350.jpeg\" width=\"370\" height=\"350\" alt=\"Los jugadores del Alovera celebran la consecuci\u00f3n de uno de los goles 1 1\" title=\"Los jugadores del Alovera celebran la consecuci\u00f3n de uno de los goles.\" style=\" margin:0;\" \/>Los jugadores del Alovera celebran la consecuci\u00f3n de uno de los goles.REGIONAL PREFERENTE<br \/>ALOVERA-FUENSALIDA. El Alovera jugaba en su terreno de juego por tercera semana consecutiva y lo hac\u00eda ante un Fuensalida que llegaba con un punto menos en su casillero, pero que lo hac\u00eda con la intenci\u00f3n de poner en apuros al conjunto de Rubi.<\/p>\n<p>Al final del tiempo reglamentario se llegaba con el resultado de 5-0 para los locales que dieron todo un recital de juego y goles, dejando sentenciada la confrontaci\u00f3n, al descanso, con un claro y concluyente, 4-0, gracias a los goles de Andrei (3) en los treinta primeros minutos y Hugo Rodr\u00edguez.<\/p>\n<p>En la reanudaci\u00f3n sigui\u00f3 el dominio local, si bien los toledanos intentaron dar un paso adelante para reducir diferencias.<\/p>\n<p>Sin embargo, el que llegar\u00eda fue el quinto de la tarde para el Alovera, gracias a Andrei Wolf, que se convirti\u00f3 en la figura del encuentro con un poker de goles.<\/p>\n<p>El conjunto rojillo, tras este resultado, se coloca segundo en la clasificaci\u00f3n, a dos puntos del Orgace\u00f1o, precisamente el rival al que tienen que visitar con ocasi\u00f3n de la pr\u00f3xima jornada.<\/p>\n<p><img loading=\"lazy\" decoding=\"async\" src=\"https:\/\/www.europesays.com\/es\/wp-content\/uploads\/2025\/09\/El_Cabanillas_0-1_se_vio_sorprendio_por_el_Pantoja_al_final_de_la_contienda-370x444.jpg\" width=\"370\" height=\"444\" alt=\"El Cabanillas 0-1 se vio sorprendio por el Pantoja al final de la contienda\" style=\"margin-right: 20px; float: left;\" \/>SP. CABANILLAS-PANTOJA.<\/p>\n<p>No suele ser un enemigo f\u00e1cil el equipo toledano, un cl\u00e1sico de la categor\u00eda, que llegaba hasta el Ramiro Almendros con la intenci\u00f3n de sorprender al conjunto de Alfonso Guti\u00e9rrez.<br \/>Al t\u00e9rmino del partido se llegaba con el resultado de 0-1 para el cuadro visitante que consegu\u00eda el triunfo en los minutos postreros, 89, por mediaci\u00f3n de Bensaha.<\/p>\n<p>Hasta entonces, el partido estuvo igualado, con mayor dominio local y ocasiones claras que no transformaron y lo pagaron al final, con expulsi\u00f3n del forastero, Iv\u00e1n Palomo en el minuto 75.<\/p>\n<p>No merecieron la derrota los de Alfonso Guti\u00e9rrez, pero los puntos volaron para Pantoja.<\/p>\n<p>La pr\u00f3xima jornada, los blanquillos se desplazan a terreno del Talavera de la Reina B.<\/p>\n<p><img loading=\"lazy\" decoding=\"async\" src=\"https:\/\/www.europesays.com\/es\/wp-content\/uploads\/2025\/09\/Diego_Carbajo_entrenador_del_Azuqueca_B_que_cedi_un_punto_ante_el_Villa-370x632.jpeg\" width=\"370\" height=\"632\" alt=\"Diego Carbajo entrenador del Azuqueca B que cedi\u00f3 un punto ante el Villa\" title=\"Diego Carbajo entrenador del Azuqueca B que cedi\u00f3 un punto ante el Villa.\" style=\" margin:0;\" \/>Diego Carbajo entrenador del Azuqueca B que cedi\u00f3 un punto ante el Villa.AZUQUECA B-C.D. VILLA.<\/p>\n<p>Los rojinegros, despu\u00e9s de dos derrotas consecutivas, volv\u00edan al San Miguel con la intenci\u00f3n de obtener su primer triunfo. El rival no era sencillo, el C.D. Villa, que llegaba en primera posici\u00f3n con 6 puntos, despu\u00e9s de dos victorias en otras tantas jornadas.<\/p>\n<p>Al t\u00e9rmino de la contienda se llegaba con el resultado de empate, 4-4, despu\u00e9s de un partido lleno de sobresaltos deportivos y un marcador que vari\u00f3 notablemente a lo largo de los noventa minutos de juego, para concluir con el citado empate y reparto de puntos.<\/p>\n<p>En todo caso, el Azuqueca mereci\u00f3 mejor suerte, ante un enemigo, como ya hemos comentado, de los que van a estar arriba y pese a ponerse por debajo en el marcador, 0-2, con un tanto en propia puerta de Morales.<\/p>\n<p>Los rojinegros reaccionaron y en cinco minutos, los que van del 49 al 54, consegu\u00edan tres goles y remontaba un partido en el que poco despu\u00e9s colocaba en clara ventaja, con un cuarto gol de Marius.<\/p>\n<p>Sin embargo, cuando todo parec\u00eda que se llegar\u00eda al final con la primera victoria local, el propio Morales, en una tarde poco afortunada, volv\u00eda a anotar en propia puerta y para mayor desgracia del equipo de Carbajo, en el minuto 96, llegaba el definitivo empate, 4-4.<\/p>\n<p>La pr\u00f3xima jornada, los rojinegros se desplazan a Toledo para enfrentarse al Toledo B.<\/p>\n<p><a href=\"https:\/\/www.ffcm.es\/pnfg\/NPcd\/NFG_VisClasificacion?cod_primaria=1000120&amp;codjornada=3&amp;codcompeticion=22224111&amp;codgrupo=22224115&amp;codjornada=3\" target=\"_blank\" rel=\"nofollow noopener\">Resultados y clasificaci\u00f3n, pinchando el siguiente enlace<\/a><\/p>\n<p><img loading=\"lazy\" decoding=\"async\" src=\"https:\/\/www.europesays.com\/es\/wp-content\/uploads\/2025\/09\/El_Yunquera_1-2_cay_ante_el_Santa_Cruz_en_El_Jaenal-370x208.jpeg\" width=\"370\" height=\"208\" alt=\"El Yunquera 1-2 cay\u00f3 ante el Santa Cruz en El Jaenal\" title=\"El Yunquera 1-2 cay\u00f3 ante el Santa Cruz en El Jaenal.\" style=\" margin:0;\" \/>El Yunquera 1-2 cay\u00f3 ante el Santa Cruz en El Jaenal.PRIMERA AUTON\u00d3MICA.<\/p>\n<p>Segunda jornada en el grupo IV de Primera Auton\u00f3mica, donde se han producido algunas sorpresas destacadas.<\/p>\n<p>El Yunquera, los azulones se dejaron sorprender, 1-2, por el Santa Cruz, que mostr\u00f3 ser un buen equipo y se adelant\u00f3 en el marcador con dos goles en el minuto 66.<\/p>\n<p>El conjunto de casa lo intent\u00f3 todo y mereci\u00f3 un mejor resultado, pero no fue capaz m\u00e1s que de anotar el gol que les met\u00eda en el partido, insuficiente, en el minuto 88, obra d Borja.<br \/>Influy\u00f3 tambi\u00e9n la expulsi\u00f3n, por doble tarjeta, del local, Caravaca, en el minuto 77, precisamente cuando m\u00e1s atacaba el equipo de Antonio Mar\u00eda Calvo.<\/p>\n<p>Por su parte, el Cabanillas B ca\u00eda, 1-0 en Ugena, el Sig\u00fcenza perd\u00eda en La Salceda, 1-2, ante el Sagre\u00f1o y la Academia venc\u00eda, 1-2, a domicilio, en El Casar y se coloca l\u00edder del grupo.<\/p>\n<p>El Hogar Alcarre\u00f1o, que finalmente cuenta con 22 fichas (ha tardado en darse cuenta el m\u00e1ximo fact\u00f3tum de la necesidad de contar con un n\u00famero apropiado de jugadores), jugaba un partido complicado ante el Horche de Toni Navarro, llegando al final el tiempo reglamentario con el resultado de 3-0 para el conjunto de casa que hizo un partido muy completo ante el conjunto blanquiazul, que ve\u00eda como su jugador, Souleymane, era expulsado en el minuto 27.<\/p>\n<p>Ya en el primer tiempo se adelantaban los verdillos, en el minuto 29 y en el segundo periodo, cuando m\u00e1s atacaba el equipo visitante llegaban dos goles, en los minutos 72 y 77 para los de casa, que sentenciaban la contienda.<\/p>\n<p><a href=\"https:\/\/www.ffcm.es\/pnfg\/NPcd\/NFG_VisClasificacion?cod_primaria=1000120&amp;codjornada=2&amp;codcompeticion=22229394&amp;codgrupo=22229516&amp;codjornada=2#google_vignette\" target=\"_blank\" rel=\"nofollow noopener\">Resultados y clasificaci\u00f3n, pinchando el siguiente enlace<\/a><\/p>\n<p><img loading=\"lazy\" decoding=\"async\" src=\"https:\/\/www.europesays.com\/es\/wp-content\/uploads\/2025\/09\/Las_jugadoras_del_Dinamo_celebran_el_triunfo_en_Torrejon_0-1_primero_en_la_categora_1-615x346.jpg\" width=\"615\" height=\"346\" alt=\"Las jugadoras del Dinamo celebran el triunfo en Torrejon 0-1 primero en la categor\u00eda 1\" title=\"Las jugadoras del Dinamo celebran el triunfo en Torrejon 0-1 primero en la categor\u00eda.\" style=\" margin:0;\" \/>Las jugadoras del Dinamo celebran el triunfo en Torrejon 0-1 primero en la categor\u00eda.F\u00daTBOL FEMENINO<\/p>\n<p>SEGUNDA RFEF. El Dinamo Guadalajara disputaba, por segunda semana consecutiva, un compromiso lejos de casa, con ocasi\u00f3n de la tercera jornada del campeonato y lo hac\u00eda ante un rival conocido de las huestes verdinegras, reci\u00e9n ascendido como las disc\u00edpulas de Joaqu\u00edn Yag\u00fce.<\/p>\n<p>Al final del partido se llegaba con el resultado de 0-1 para las huestes forasteras, en la que es primera victoria dinamista en la categor\u00eda.<\/p>\n<p>En la primera parte el Dinamo sali\u00f3 especialmente agresivo, sin dejar jugar al rival y anotando el 0-1, obra de Luc\u00eda Delgado, en el minuto 17. Despu\u00e9s se produjo un par\u00f3n de unos 15 minutos, como consecuencia del mareo de una jugadora local y tras esto, las verdinegras se mostraron algo desajustadas, teniendo el rival sus mejores minutos, aunque sin crear ocasiones claras de gol.<\/p>\n<p>En el segundo tiempo, las disc\u00edpulas de Yag\u00fce lo hicieron francamente bien, con y sin bal\u00f3n, haciendo lo que tocaba, evitando que les crear\u00e1n peligro y saliendo a la contra cuando la jugada lo ped\u00eda, o jugando con bal\u00f3n y dominando cuando era posible.<\/p>\n<p>Las dinamistas tuvieron un par de ocasiones claras pero el marcador ya no se mover\u00eda, llegando al final del tiempo reglamentario con la victoria verdinegra, muy celebrada por el grueso del plantel y cuerpo t\u00e9cnico y por los aficionados alcarre\u00f1os que se dieron cita en Las Veredillas.<\/p>\n<p>El Dinamo, tras este triunfo en Torrej\u00f3n, se coloca octavo en la clasificaci\u00f3n con cuatro puntos y lo que es mejor es que empieza a perder el miedo a la categor\u00eda.<\/p>\n<p>La pr\u00f3xima jornada, el Dinamo jugar\u00e1 ante su p\u00fablico y lo har\u00e1 ante el Fundaci\u00f3n Rayo Vallecano. Ser\u00e1 el s\u00e1bado d\u00eda 27, a partir de las 19\u201900 horas, en el municipal Jer\u00f3nimo de la Morena.<\/p>\n<p><a href=\"https:\/\/resultados.rfef.es\/pnfg\/NPcd\/NFG_CmpJornada?cod_primaria=1000120&amp;CodCompeticion=23289351&amp;CodGrupo=23289353&amp;CodTemporada=21&amp;cod_agrupacion=900160046&amp;CodJornada=3&amp;Sch_Codigo_Delegacion=&amp;Sch_Tipo_Juego=1\" target=\"_blank\" rel=\"nofollow noopener\">Resultados y clasificaci\u00f3n, pinchando el siguiente enlace<\/a><\/p>\n<p><img loading=\"lazy\" decoding=\"async\" src=\"https:\/\/www.europesays.com\/es\/wp-content\/uploads\/2025\/09\/Des_Ebolo_compldet_dos_buenos_partidos__ante_Bazu_y_C.B._Daimiel-370x370.jpg\" width=\"370\" height=\"370\" alt=\"Des Ebolo compldet\u00f3 dos buenos partidos  ante Bazu y C.B. Daimiel\" title=\"Des Ebolo complet\u00f3 dos buenos partidos  ante Bazu y C.B. Daimiel\" style=\" margin:0;\" \/>Des Ebolo complet\u00f3 dos buenos partidos  ante Bazu y C.B. DaimielBALONCESTO MASCULINO<\/p>\n<p>TERCERA FEB<br \/>LUJISA BASKET GUADALAJARA. El conjunto morado, inmerso en el Trofeo JCCM, venc\u00eda durante la semana al vecino Recucyn Bazu Azudense, 75-61, en un partido descafeinado en el que los de Send\u00f3n, m\u00e1s rodados y con mayor fondo de armario, se mostraron superiores a los rojinegros.<\/p>\n<p>En la tarde del s\u00e1bado disputaban la \u00faltima jornada del Trofeo, ante el C.B. Daimiel, con el que llegaban al final del encuentro con el resultado de 90-77, tras un muy completo partido de los morados que se mostraron muy superiores al conjunto visitante, especialmente en el segundo tiempo donde remontaron un marcador adverso.<br \/>Finalmente pasa a la final el Talavera, dejando al resto de contendientes en la estacada.<\/p>\n<p>A destacar los 19 puntos de Ebolo y los 18 de Diallo.<\/p>\n<p><img loading=\"lazy\" decoding=\"async\" src=\"https:\/\/www.europesays.com\/es\/wp-content\/uploads\/2025\/09\/RECUCYM_BAZU_todava_en_rodaje_cay_ante_Lujisa_y_ante_C.B._Daimiel_en_el_Trofeo_JCCM_Foto_Luis_Barra-.jpeg\" width=\"370\" height=\"501\" alt=\"RECUCYM BAZU todav\u00eda en rodaje cay\u00f3 ante Lujisa y ante C.B. Daimiel en el Trofeo JCCM Foto Luis Barra\" title=\"RECUCYM BAZU todav\u00eda en rodaje cay\u00f3 ante Lujisa y ante C.B. Daimiel en el Trofeo JCCM. Foto: Luis Barra.\" style=\" margin:0;\" \/>RECUCYM BAZU todav\u00eda en rodaje cay\u00f3 ante Lujisa y ante C.B. Daimiel en el Trofeo JCCM. Foto: Luis Barra.RECUCYN BAZU AZUDENSE.<\/p>\n<p>Al igual que Lujisa, los azudenses disputaban durante la semana dos compromisos correspondientes al Trofeo de la JCCM, cayendo derrotados en el palacio Multiusos de Guadalajara, ante los morados por 75-61. <br \/>Por lo que pudimos apreciar, el t\u00e9cnico, Luis Mu\u00f1oz, tiene bastante trabajo por delante para tratar de ahormar un equipo que pueda competir con garant\u00edas en la reci\u00e9n conquistada Tercera FEB.<\/p>\n<p>Y el s\u00e1bado se med\u00edan a C.B. Talavera, con el que llegaban al t\u00e9rmino del partido con derrota, 81-71, despu\u00e9s de un partido en el que, pese a las bajas, plant\u00f3 cara, al todopoderoso Talavera, equipo formado para luchar por el ascenso de categor\u00eda.<\/p>\n<p><img loading=\"lazy\" decoding=\"async\" src=\"https:\/\/www.europesays.com\/es\/wp-content\/uploads\/2025\/09\/Duna_del_Valle_mejor_jugadora_de_Ferial_Plaza_en_la_victoria_ante_CEI_Toledo.jpg\" width=\"220\" height=\"280\" alt=\"Duna del Valle mejor jugadora de Ferial Plaza en la victoria ante CEI Toledo\" title=\"Duna del Valle mejor jugadora de Ferial Plaza en la victoria ante CEI Toledo.\" style=\" margin:0;\" \/>Duna del Valle mejor jugadora de Ferial Plaza en la victoria ante CEI Toledo.BALONCESTO FEMENINO<\/p>\n<p>Ferial Plaza iniciaba este s\u00e1bado su andadura en el Trofeo de la JCCM y lo hac\u00eda en Toledo ante CEI Toledo, llegando al t\u00e9rmino de la confrontaci\u00f3n con el resultado de 57-71, tras un partido muy nivelado que finalmente se decant\u00f3 del lado morado, que supo jugar con mayor inteligencia los momentos decisivos.<\/p>\n<p>A destacar el magn\u00edfico partido de Duna del Valle, que con 24 puntos fue la mejor jugadora del partido, bien arropada por el resto de compa\u00f1eras.<\/p>\n<p>El pr\u00f3ximo fin de semana el equipo morado jugar\u00e1 ante Cervantes de Ciudad Real, en el Palacio Multiusos Guadalajara, el pase a la final del Trofeo JCCM.<\/p>\n","protected":false},"excerpt":{"rendered":"Des Ebolo complet\u00f3 dos buenos partidos ante Bazu y C.B. Daimiel.Comentarios, fichajes y rumores Enrique Largacha \u00a0 Segundo&hellip;\n","protected":false},"author":2,"featured_media":130453,"comment_status":"","ping_status":"","sticky":false,"template":"","format":"standard","meta":{"footnotes":""},"categories":[278],"tags":[380,376,168,25,24,1058,439,375,293,1045,5814,23,167],"class_list":{"0":"post-130452","1":"post","2":"type-post","3":"status-publish","4":"format-standard","5":"has-post-thumbnail","7":"category-balonmano","8":"tag-al","9":"tag-balonmano","10":"tag-deportes","11":"tag-es","12":"tag-espana","13":"tag-final","14":"tag-guadalajara","15":"tag-handball","16":"tag-jornada","17":"tag-partido","18":"tag-resultado","19":"tag-spain","20":"tag-sports"},"share_on_mastodon":{"url":"","error":""},"_links":{"self":[{"href":"https:\/\/www.europesays.com\/es\/wp-json\/wp\/v2\/posts\/130452","targetHints":{"allow":["GET"]}}],"collection":[{"href":"https:\/\/www.europesays.com\/es\/wp-json\/wp\/v2\/posts"}],"about":[{"href":"https:\/\/www.europesays.com\/es\/wp-json\/wp\/v2\/types\/post"}],"author":[{"embeddable":true,"href":"https:\/\/www.europesays.com\/es\/wp-json\/wp\/v2\/users\/2"}],"replies":[{"embeddable":true,"href":"https:\/\/www.europesays.com\/es\/wp-json\/wp\/v2\/comments?post=130452"}],"version-history":[{"count":0,"href":"https:\/\/www.europesays.com\/es\/wp-json\/wp\/v2\/posts\/130452\/revisions"}],"wp:featuredmedia":[{"embeddable":true,"href":"https:\/\/www.europesays.com\/es\/wp-json\/wp\/v2\/media\/130453"}],"wp:attachment":[{"href":"https:\/\/www.europesays.com\/es\/wp-json\/wp\/v2\/media?parent=130452"}],"wp:term":[{"taxonomy":"category","embeddable":true,"href":"https:\/\/www.europesays.com\/es\/wp-json\/wp\/v2\/categories?post=130452"},{"taxonomy":"post_tag","embeddable":true,"href":"https:\/\/www.europesays.com\/es\/wp-json\/wp\/v2\/tags?post=130452"}],"curies":[{"name":"wp","href":"https:\/\/api.w.org\/{rel}","templated":true}]}}