{"id":130454,"date":"2025-09-21T22:03:12","date_gmt":"2025-09-21T22:03:12","guid":{"rendered":"https:\/\/www.europesays.com\/es\/130454\/"},"modified":"2025-09-21T22:03:12","modified_gmt":"2025-09-21T22:03:12","slug":"dos-orejas-y-rabo-para-un-rotundo-galvan-en-el-festival-de-villar-del-olmo","status":"publish","type":"post","link":"https:\/\/www.europesays.com\/es\/130454\/","title":{"rendered":"Dos orejas y rabo para un rotundo Galv\u00e1n en el festival de Villar Del Olmo"},"content":{"rendered":"<p><a href=\"https:\/\/www.europesays.com\/es\/wp-content\/uploads\/2025\/09\/2025.-Galvan.-Villar-Del-Olmo.jpg\" data-caption=\"\"><img loading=\"lazy\" decoding=\"async\" data-lazyloaded=\"1\" width=\"1620\" height=\"1080\" class=\"entry-thumb td-modal-image\" src=\"https:\/\/www.europesays.com\/es\/wp-content\/uploads\/2025\/09\/2025.-Galvan.-Villar-Del-Olmo.jpg\"  data- alt=\"\" title=\"2025. Galvan. Villar Del Olmo\"\/><\/a><\/p>\n<p>Recibi\u00f3 Galv\u00e1n a la Ver\u00f3nica con mucho comp\u00e1s al segundo de la tarde de Victoriano del R\u00edo. Ya con la muleta se dobl\u00f3 por bajo al inicio con mucha personalidad y torer\u00eda, dobl\u00e1ndose por bajo en redondo en la segunda tanda de nuevo. <\/p>\n<p>Faena poderosa, a m\u00e1s, en la que brill\u00f3 el toreo por ambas manos. Circulares de cierre rematados por un cambio de mano hilvanado con el de pecho con mucha alma y verdad. Mat\u00f3 de gran estocada. M\u00e1ximos trofeos para un rotundo Galv\u00e1n y vuelta al ruedo para el novillo.<\/p>\n","protected":false},"excerpt":{"rendered":"Recibi\u00f3 Galv\u00e1n a la Ver\u00f3nica con mucho comp\u00e1s al segundo de la tarde de Victoriano del R\u00edo. Ya&hellip;\n","protected":false},"author":2,"featured_media":130455,"comment_status":"","ping_status":"","sticky":false,"template":"","format":"standard","meta":{"footnotes":""},"categories":[277],"tags":[373,168,25,24,23,167,374],"class_list":{"0":"post-130454","1":"post","2":"type-post","3":"status-publish","4":"format-standard","5":"has-post-thumbnail","7":"category-toreo","8":"tag-bullfighting","9":"tag-deportes","10":"tag-es","11":"tag-espana","12":"tag-spain","13":"tag-sports","14":"tag-toreo"},"share_on_mastodon":{"url":"","error":""},"_links":{"self":[{"href":"https:\/\/www.europesays.com\/es\/wp-json\/wp\/v2\/posts\/130454","targetHints":{"allow":["GET"]}}],"collection":[{"href":"https:\/\/www.europesays.com\/es\/wp-json\/wp\/v2\/posts"}],"about":[{"href":"https:\/\/www.europesays.com\/es\/wp-json\/wp\/v2\/types\/post"}],"author":[{"embeddable":true,"href":"https:\/\/www.europesays.com\/es\/wp-json\/wp\/v2\/users\/2"}],"replies":[{"embeddable":true,"href":"https:\/\/www.europesays.com\/es\/wp-json\/wp\/v2\/comments?post=130454"}],"version-history":[{"count":0,"href":"https:\/\/www.europesays.com\/es\/wp-json\/wp\/v2\/posts\/130454\/revisions"}],"wp:featuredmedia":[{"embeddable":true,"href":"https:\/\/www.europesays.com\/es\/wp-json\/wp\/v2\/media\/130455"}],"wp:attachment":[{"href":"https:\/\/www.europesays.com\/es\/wp-json\/wp\/v2\/media?parent=130454"}],"wp:term":[{"taxonomy":"category","embeddable":true,"href":"https:\/\/www.europesays.com\/es\/wp-json\/wp\/v2\/categories?post=130454"},{"taxonomy":"post_tag","embeddable":true,"href":"https:\/\/www.europesays.com\/es\/wp-json\/wp\/v2\/tags?post=130454"}],"curies":[{"name":"wp","href":"https:\/\/api.w.org\/{rel}","templated":true}]}}