{"id":130456,"date":"2025-09-21T22:04:10","date_gmt":"2025-09-21T22:04:10","guid":{"rendered":"https:\/\/www.europesays.com\/es\/130456\/"},"modified":"2025-09-21T22:04:10","modified_gmt":"2025-09-21T22:04:10","slug":"ufc-llega-a-la-casa-blanca-para-2026-asi-sera-el-brutal-escenario-para-el-evento-tudn-mas-deportes","status":"publish","type":"post","link":"https:\/\/www.europesays.com\/es\/130456\/","title":{"rendered":"UFC llega a la Casa Blanca para 2026: As\u00ed ser\u00e1 el brutal escenario para el evento | TUDN M\u00e1s Deportes"},"content":{"rendered":"<p>La <b>UFC<\/b> har\u00e1 historia en <b> junio del 2026<\/b> al realizar una cartelera en la <b> Casa Blanca <\/b>con motivo al 250 aniversario de la <b>Independencia de Estados Unidos<\/b>.<\/p>\n<p><b>Dana White<\/b>, presidente de UFC, confirm\u00f3 que el evento es una realidad, mientras que las redes oficiales de la Casa Blanca y de la UFC publicaron las primeras im\u00e1genes del espectacular escenario que tendr\u00e1 un arco gigante que cruzar\u00e1 por encima del oct\u00e1gono.<\/p>\n<p>\u201cMi visi\u00f3n para el escenario es tener un arco gigante porque lo que quiero es que la Casa Blanca se vea por detr\u00e1s. Si la c\u00e1mara cambia de lado, se ver\u00e1 tambi\u00e9n el Monumento a Washington\u201d, mencion\u00f3 White en entrevista con  Fox News.<\/p>\n<p>El mandam\u00e1s de UFC revel\u00f3 que el evento se llevar\u00e1 a cabo en el <b>jard\u00edn sur (South Lawn)<\/b> de la Casa Blanca y contar\u00e1 con la presencia de unas <b>5 mil personas<\/b>.<\/p>\n<p>Adem\u00e1s, el pesaje se realizar\u00e1 en el <b> Lincoln Memorial <\/b>y el d\u00eda del evento los peleadores saldr\u00edan de la <b> Oficinal Oval<\/b> de la Casa Blanca.<\/p>\n<p>Tambi\u00e9n habr\u00e1n fuegos artificiales y pantallas gigantes en los alrededores de la Casa Blanca para que, los aficionados que no puedan entrar a la exclusiva funci\u00f3n, no se pierdan los combates.<\/p>\n<p>\u00abTambi\u00e9n vamos a tener un escenario aparte con una banda de m\u00fasica tocando todo el rato, y la gente podr\u00e1 llevar mantas para poder ver las peleas a trav\u00e9s de las pantallas.<\/p>\n<p>\u201cQueremos que sea un espect\u00e1culo para todo el mundo. Vamos a \u2018asaltar\u2019 la Casa Blanca esos d\u00edas. Vamos a realizar los pesajes dentro, el evento en los jard\u00ednes, vamos a hacer diferentes actividades durante la semana&#8230; Va a haber de todo\u00bb, agreg\u00f3 White.<\/p>\n<p>D\u00edas atr\u00e1s, <b>Dana White<\/b> revel\u00f3 en el podcast de Logan Paul que \u00e9l no pidi\u00f3 hacer un evento de la UFC en la Casa Blanca, sino que fue idea del propio presidente <b>Donald Trump<\/b>, con quien tiene una gran amistad y es un gran aficionado de las artes marciales mixtas.<\/p>\n<p>\u00abQuiere hacer m\u00e1s cosas, como que los ni\u00f1os vengan a buscar huevos de Pascua, actividades navide\u00f1as y eventos especiales&#8230; Eso es lo suyo. Quiere atraer a m\u00e1s estadounidenses a la Casa Blanca. Su lema era: \u2018Esta es tu casa&#8217;. Tuve suerte de que dijera: &#8216;Deber\u00edamos pelear aqu\u00ed'\u00bb, se\u00f1al\u00f3 White.<\/p>\n<p>La idea original era que el evento se celebrara el 4 de julio del 2026, pero por temas de logistica se adelantar\u00e1 al mes de junio con d\u00eda por definir.<\/p>\n","protected":false},"excerpt":{"rendered":"La UFC har\u00e1 historia en junio del 2026 al realizar una cartelera en la Casa Blanca con motivo&hellip;\n","protected":false},"author":2,"featured_media":130457,"comment_status":"","ping_status":"","sticky":false,"template":"","format":"standard","meta":{"footnotes":""},"categories":[276],"tags":[4329,353,168,352,25,24,23,167,343,356],"class_list":{"0":"post-130456","1":"post","2":"type-post","3":"status-publish","4":"format-standard","5":"has-post-thumbnail","7":"category-ufc","8":"tag-casa-blanca","9":"tag-dana-white","10":"tag-deportes","11":"tag-donald-trump","12":"tag-es","13":"tag-espana","14":"tag-spain","15":"tag-sports","16":"tag-ufc","17":"tag-ufc-en-la-casa-blanca"},"share_on_mastodon":{"url":"","error":""},"_links":{"self":[{"href":"https:\/\/www.europesays.com\/es\/wp-json\/wp\/v2\/posts\/130456","targetHints":{"allow":["GET"]}}],"collection":[{"href":"https:\/\/www.europesays.com\/es\/wp-json\/wp\/v2\/posts"}],"about":[{"href":"https:\/\/www.europesays.com\/es\/wp-json\/wp\/v2\/types\/post"}],"author":[{"embeddable":true,"href":"https:\/\/www.europesays.com\/es\/wp-json\/wp\/v2\/users\/2"}],"replies":[{"embeddable":true,"href":"https:\/\/www.europesays.com\/es\/wp-json\/wp\/v2\/comments?post=130456"}],"version-history":[{"count":0,"href":"https:\/\/www.europesays.com\/es\/wp-json\/wp\/v2\/posts\/130456\/revisions"}],"wp:featuredmedia":[{"embeddable":true,"href":"https:\/\/www.europesays.com\/es\/wp-json\/wp\/v2\/media\/130457"}],"wp:attachment":[{"href":"https:\/\/www.europesays.com\/es\/wp-json\/wp\/v2\/media?parent=130456"}],"wp:term":[{"taxonomy":"category","embeddable":true,"href":"https:\/\/www.europesays.com\/es\/wp-json\/wp\/v2\/categories?post=130456"},{"taxonomy":"post_tag","embeddable":true,"href":"https:\/\/www.europesays.com\/es\/wp-json\/wp\/v2\/tags?post=130456"}],"curies":[{"name":"wp","href":"https:\/\/api.w.org\/{rel}","templated":true}]}}