{"id":130462,"date":"2025-09-21T22:07:11","date_gmt":"2025-09-21T22:07:11","guid":{"rendered":"https:\/\/www.europesays.com\/es\/130462\/"},"modified":"2025-09-21T22:07:11","modified_gmt":"2025-09-21T22:07:11","slug":"diversion-sobre-dos-ruedas-en-el-dia-de-la-bici","status":"publish","type":"post","link":"https:\/\/www.europesays.com\/es\/130462\/","title":{"rendered":"Diversi\u00f3n sobre dos ruedas en el D\u00eda de la Bici"},"content":{"rendered":"<p class=\"v-mdl-ath__p v-mdl-ath__p--6\">\nDomingo, 21 de septiembre 2025, 20:51<\/p>\n<p class=\"v-p\">La<strong> Semana Europea de la Movilidad de este 2025<\/strong> ya est\u00e1 llegando a su fin y con ella las decenas de propuestas que llenaron de diversi\u00f3n, energ\u00eda y ganas de cuidar el planeta las calles charras durante los \u00faltimos d\u00edas. Este domingo tuvo lugar el pen\u00faltimo d\u00eda de actividades enmarcadas dentro de esta celebraci\u00f3n global.<\/p>\n<p class=\"v-p\"> Durante toda la jornada, los salmantinos pudieron acceder de manera gratuita al <strong>Museo de la Historia de la Automoci\u00f3n<\/strong>, un viaje \u00fanico a trav\u00e9s del tiempo y que invita a reflexionar sobre c\u00f3mo han cambiado los medios de transporte con los a\u00f1os.<\/p>\n<p class=\"v-p\">El plato fuerte del d\u00eda fue la ruta organizada por el <strong>Club Ciclista Promesal<\/strong> con motivo del<strong> D\u00eda de la Bici.<\/strong> Una actividad cuya finalidad era difundir los beneficios, tanto para la salud como para el medio ambiente, de moverse en este medio de transporte.<\/p>\n<p class=\"v-p\">El recorrido arranc\u00f3 a las cinco de la tarde de la <strong>Plaza Mayor<\/strong> en una soleada tarde con temperaturas frescas que permitieron a los participantes disfrutar al m\u00e1ximo de la bicicleta. Personas de todas las edades participaron en esta ruta en la que lo m\u00e1s importante no era llegar primero, sino disfrutar el camino y compartir con el resto de los asistentes.<\/p>\n<p class=\"v-p\">Al llegar al parque <strong>Elio Antonio de Nebrija<\/strong>, punto de finalizaci\u00f3n del recorrido, la diversi\u00f3n continu\u00f3 con distintas propuestas para todos los gustos y sorteos a cargo del Club Ciclista Promesal.<\/p>\n<p>Comenta<\/p>\n<p>Reporta un error<\/p>\n","protected":false},"excerpt":{"rendered":"Domingo, 21 de septiembre 2025, 20:51 La Semana Europea de la Movilidad de este 2025 ya est\u00e1 llegando&hellip;\n","protected":false},"author":2,"featured_media":130463,"comment_status":"","ping_status":"","sticky":false,"template":"","format":"standard","meta":{"footnotes":""},"categories":[273],"tags":[2237,313,312,168,978,9224,1563,25,24,20673,57,23,167],"class_list":{"0":"post-130462","1":"post","2":"type-post","3":"status-publish","4":"format-standard","5":"has-post-thumbnail","7":"category-ciclismo","8":"tag-bici","9":"tag-ciclismo","10":"tag-cycling","11":"tag-deportes","12":"tag-dia","13":"tag-diversion","14":"tag-dos","15":"tag-es","16":"tag-espana","17":"tag-ruedas","18":"tag-sobre","19":"tag-spain","20":"tag-sports"},"share_on_mastodon":{"url":"","error":""},"_links":{"self":[{"href":"https:\/\/www.europesays.com\/es\/wp-json\/wp\/v2\/posts\/130462","targetHints":{"allow":["GET"]}}],"collection":[{"href":"https:\/\/www.europesays.com\/es\/wp-json\/wp\/v2\/posts"}],"about":[{"href":"https:\/\/www.europesays.com\/es\/wp-json\/wp\/v2\/types\/post"}],"author":[{"embeddable":true,"href":"https:\/\/www.europesays.com\/es\/wp-json\/wp\/v2\/users\/2"}],"replies":[{"embeddable":true,"href":"https:\/\/www.europesays.com\/es\/wp-json\/wp\/v2\/comments?post=130462"}],"version-history":[{"count":0,"href":"https:\/\/www.europesays.com\/es\/wp-json\/wp\/v2\/posts\/130462\/revisions"}],"wp:featuredmedia":[{"embeddable":true,"href":"https:\/\/www.europesays.com\/es\/wp-json\/wp\/v2\/media\/130463"}],"wp:attachment":[{"href":"https:\/\/www.europesays.com\/es\/wp-json\/wp\/v2\/media?parent=130462"}],"wp:term":[{"taxonomy":"category","embeddable":true,"href":"https:\/\/www.europesays.com\/es\/wp-json\/wp\/v2\/categories?post=130462"},{"taxonomy":"post_tag","embeddable":true,"href":"https:\/\/www.europesays.com\/es\/wp-json\/wp\/v2\/tags?post=130462"}],"curies":[{"name":"wp","href":"https:\/\/api.w.org\/{rel}","templated":true}]}}