{"id":130468,"date":"2025-09-21T22:11:06","date_gmt":"2025-09-21T22:11:06","guid":{"rendered":"https:\/\/www.europesays.com\/es\/130468\/"},"modified":"2025-09-21T22:11:06","modified_gmt":"2025-09-21T22:11:06","slug":"amo-a-mi-pais-pero-no-lo-reconozco-en-estos-momentos","status":"publish","type":"post","link":"https:\/\/www.europesays.com\/es\/130468\/","title":{"rendered":"Amo a mi pa\u00eds, pero no lo reconozco en estos momentos"},"content":{"rendered":"<p>Angelina Jolie ha sido recibida con entusiasmo en San Sebasti\u00e1n durante el Festival de Cine, donde present\u00f3 su nueva pel\u00edcula, Couture. Tras seis a\u00f1os sin visitar Espa\u00f1a, sus seguidores han mostrado una gran admiraci\u00f3n y alegr\u00eda al verla en la alfombra roja. La actriz, conocida por su participaci\u00f3n en pel\u00edculas como Sr. y Sra. Smith y Lara Croft: Tomb Raider, aprovech\u00f3 la ocasi\u00f3n para expresar su preocupaci\u00f3n por la situaci\u00f3n actual de Estados Unidos, afirmando que no lo reconoce en estos momentos. Tambi\u00e9n se pronunci\u00f3 sobre el conflicto en Gaza, destacando la importancia de la libertad humana en tiempos dif\u00edciles. Sus fans, algunos de los cuales viajaron desde otras provincias y esperaron bajo la lluvia, no ocultaron su emoci\u00f3n por verla.<\/p>\n","protected":false},"excerpt":{"rendered":"Angelina Jolie ha sido recibida con entusiasmo en San Sebasti\u00e1n durante el Festival de Cine, donde present\u00f3 su&hellip;\n","protected":false},"author":2,"featured_media":130469,"comment_status":"","ping_status":"","sticky":false,"template":"","format":"standard","meta":{"footnotes":""},"categories":[174],"tags":[255,146,147,25,24,256,23],"class_list":{"0":"post-130468","1":"post","2":"type-post","3":"status-publish","4":"format-standard","5":"has-post-thumbnail","7":"category-famosos","8":"tag-celebrities","9":"tag-entertainment","10":"tag-entretenimiento","11":"tag-es","12":"tag-espana","13":"tag-famosos","14":"tag-spain"},"share_on_mastodon":{"url":"","error":""},"_links":{"self":[{"href":"https:\/\/www.europesays.com\/es\/wp-json\/wp\/v2\/posts\/130468","targetHints":{"allow":["GET"]}}],"collection":[{"href":"https:\/\/www.europesays.com\/es\/wp-json\/wp\/v2\/posts"}],"about":[{"href":"https:\/\/www.europesays.com\/es\/wp-json\/wp\/v2\/types\/post"}],"author":[{"embeddable":true,"href":"https:\/\/www.europesays.com\/es\/wp-json\/wp\/v2\/users\/2"}],"replies":[{"embeddable":true,"href":"https:\/\/www.europesays.com\/es\/wp-json\/wp\/v2\/comments?post=130468"}],"version-history":[{"count":0,"href":"https:\/\/www.europesays.com\/es\/wp-json\/wp\/v2\/posts\/130468\/revisions"}],"wp:featuredmedia":[{"embeddable":true,"href":"https:\/\/www.europesays.com\/es\/wp-json\/wp\/v2\/media\/130469"}],"wp:attachment":[{"href":"https:\/\/www.europesays.com\/es\/wp-json\/wp\/v2\/media?parent=130468"}],"wp:term":[{"taxonomy":"category","embeddable":true,"href":"https:\/\/www.europesays.com\/es\/wp-json\/wp\/v2\/categories?post=130468"},{"taxonomy":"post_tag","embeddable":true,"href":"https:\/\/www.europesays.com\/es\/wp-json\/wp\/v2\/tags?post=130468"}],"curies":[{"name":"wp","href":"https:\/\/api.w.org\/{rel}","templated":true}]}}