{"id":130473,"date":"2025-09-21T22:17:26","date_gmt":"2025-09-21T22:17:26","guid":{"rendered":"https:\/\/www.europesays.com\/es\/130473\/"},"modified":"2025-09-21T22:17:26","modified_gmt":"2025-09-21T22:17:26","slug":"donde-ver-online-y-en-television-a-carlos-alcaraz-en-la-laver-cup-y-a-que-hora-juega-hoy-contra-francisco-cerundolo","status":"publish","type":"post","link":"https:\/\/www.europesays.com\/es\/130473\/","title":{"rendered":"D\u00f3nde ver online y en televisi\u00f3n a Carlos Alcaraz en la Laver Cup y a qu\u00e9 hora juega hoy contra Francisco Cer\u00fandolo"},"content":{"rendered":"<p><img decoding=\"async\" class=\"voc-author__img\" src=\"https:\/\/www.europesays.com\/es\/wp-content\/uploads\/2025\/07\/1753917311_161_autor-7263-foto-1.jpeg\" alt=\"Daniel Dom\u00ednguez\"\/><\/p>\n<p>21\/09\/2025<br \/>\n<br \/><strong><br \/>\nActualizado a las 14:23h.<br \/>\n<\/strong><\/p>\n<p class=\"voc-p\" style=\"\"><strong>Mediados de septiembre<\/strong> (entre el d\u00eda 19 y 21), dos semanas despu\u00e9s del US Open, la <strong>Laver Cup<\/strong>, ya una costumbre en el calendario ten\u00edstico. El torneo, que <strong>mide al combinado de Europa contra tenistas que representan al resto del mundo<\/strong>, fue instaurado en 2017 y camina ya por su octava edici\u00f3n. Tan solo la pandemia de la Covid-19 oblig\u00f3 a su cancelaci\u00f3n en 2020.<\/p>\n<p class=\"voc-p\" style=\"\"><a href=\"https:\/\/www.abc.es\/deportes\/tenis\/alcaraz-lider-equipo-europa-laver-cup-sinner-20250820201425-nt.html\" data-voc-vtm-id=\"in-text-traffic\" title=\"Carlos Alcaraz capitanea por segundo a\u00f1o consecutivo al conjunto europeo\" data-mrf-link=\"www.abc.es\" rel=\"nofollow noopener\" target=\"_blank\">Carlos Alcaraz capitanea por segundo a\u00f1o consecutivo al conjunto europeo<\/a> ante la ausencia de otros grandes nombres como <a href=\"https:\/\/www.abc.es\/deportes\/tenis\/juegan-sinner-djokovic-laver-cup-20250918162418-nt.html\" data-voc-vtm-id=\"in-text-traffic\" title=\"Jannik Sinner o Novak Djokovic\" data-mrf-link=\"www.abc.es\" rel=\"nofollow noopener\" target=\"_blank\">Jannik Sinner o Novak Djokovic<\/a>. El murciano, en su debut en la Laver en 2024, fue determinante para el triunfo final europeo, al ser part\u00edcipe de ocho de los 13 puntos conquistados y al ganar el duelo decisivo ante Fritz.<\/p>\n<p class=\"voc-p\" style=\"\"><strong>13<\/strong> es, precisamente, la <strong>cifra que se necesita para ganar la Laver Cup<\/strong>, al estar en juego 24 puntos, que van en l\u00ednea ascendente a lo largo de todo el fin de semana: cuatro el viernes, ocho el s\u00e1bado y doce el domingo. <a href=\"https:\/\/www.abc.es\/deportes\/tenis\/laver-cup-empieza-equipos-partidos-formato-alcaraz-20250918143056-nt.html\" data-voc-vtm-id=\"in-text-traffic\" title=\"Aqu\u00ed\" data-mrf-link=\"www.abc.es\" rel=\"nofollow noopener\" target=\"_blank\">Aqu\u00ed<\/a> puedes encontrar informaci\u00f3n m\u00e1s detallada sobre el formato y todo lo que rodea a la Laver Cup.<\/p>\n<p>\nA qu\u00e9 hora juega Carlos Alcaraz en la Laver Cup hoy\n<\/p>\n<p class=\"voc-p\" style=\"\">Carlos Alcaraz encara el domingo 21 de septiembre con la necesidad de tirar del carro europeo. El equipo del Viejo Continente llega a la \u00faltima fecha con desventaja en el marcador (3-9), lo que le obliga a ganar todos los partidos si quiere levantar el trofeo. El murciano tendr\u00e1 un papel protagonista: disputar\u00e1 <strong>dos encuentros,<\/strong> uno de dobles junto a Casper Ruud y, despu\u00e9s, un cruce individual frente a Francisco Cer\u00fandolo.<\/p>\n<p class=\"voc-p\" style=\"\">El balance del espa\u00f1ol en esta edici\u00f3n es hasta ahora irregular. Debut\u00f3 en dobles con Jakub Men\u0161\u00edk, logrando una victoria s\u00f3lida por 7-6 y 6-4 frente a Alex Michelsen y Taylor Fritz. Sin embargo, en su primer partido individual cedi\u00f3 ante Fritz con un claro 6-3 y 6-2, resultado que condiciona ahora las aspiraciones de Europa.<\/p>\n<p>\nHorario del dobles de Alcaraz en la Laver Cup\n<\/p>\n<p class=\"voc-p\" style=\"\">El primer compromiso de la jornada para el tenista de El Palmar ser\u00e1 en dobles. Formar\u00e1 pareja con Casper Ruud para medirse a Reilly Opelka y Alex Michelsen, en un duelo programado para las 21:00 horas de este domingo 21 de septiembre (20:00 en Canarias) en el Chase Center de San Francisco.<\/p>\n<p>\nHorario del Alcaraz \u2013 Cer\u00fandolo en la Laver Cup\n<\/p>\n<p class=\"voc-p\" style=\"\">Tras el dobles, Alcaraz volver\u00e1 a la pista para afrontar su partido individual contra Francisco Cer\u00fandolo. El choque est\u00e1 previsto para la madrugada en Espa\u00f1a, con inicio <strong>no antes de las 23:20 horas (CEST).<\/strong> Ser\u00e1 el encuentro que marque si Europa puede seguir viva en la competici\u00f3n o si el Team World certifica de forma definitiva su triunfo.<\/p>\n<p>\nD\u00f3nde se ve el partido de Carlos Alcaraz en la Laver Cup 2025 en televisi\u00f3n y online en Espa\u00f1a\n<\/p>\n<p class=\"voc-p\" style=\"\">Este partido de Carlos Alcaraz y todos los del murciano en la Laver Cup, as\u00ed como la competici\u00f3n al completo, se puede ver en Espa\u00f1a en <strong>Eurosport 2<\/strong>. Adem\u00e1s, Eurosport emite el torneo a trav\u00e9s de <strong>HBO Max<\/strong>, su plataforma de streaming online.<\/p>\n<p class=\"voc-p\" style=\"\">No existe ninguna posibilidad de ver la Laver Cup en Espa\u00f1a en abierto, pero en <a href=\"https:\/\/www.abc.es\/\" data-voc-vtm-id=\"in-text-traffic\" title=\"abc.es\" data-mrf-link=\"www.abc.es\" rel=\"nofollow noopener\" target=\"_blank\">abc.es<\/a> te contaremos la informaci\u00f3n del torneo.<\/p>\n<p>Reportar un error<\/p>\n","protected":false},"excerpt":{"rendered":"21\/09\/2025 Actualizado a las 14:23h. Mediados de septiembre (entre el d\u00eda 19 y 21), dos semanas despu\u00e9s del&hellip;\n","protected":false},"author":2,"featured_media":124957,"comment_status":"","ping_status":"","sticky":false,"template":"","format":"standard","meta":{"footnotes":""},"categories":[93],"tags":[4736,415,5393,168,25,24,1458,315,4348,25573,133,23,167,807,809],"class_list":{"0":"post-130473","1":"post","2":"type-post","3":"status-publish","4":"format-standard","5":"has-post-thumbnail","7":"category-deportes","8":"tag-alcaraz","9":"tag-carlos","10":"tag-cup","11":"tag-deportes","12":"tag-es","13":"tag-espana","14":"tag-hora","15":"tag-hoy","16":"tag-juega","17":"tag-laver","18":"tag-online","19":"tag-spain","20":"tag-sports","21":"tag-television","22":"tag-ver"},"share_on_mastodon":{"url":"","error":""},"_links":{"self":[{"href":"https:\/\/www.europesays.com\/es\/wp-json\/wp\/v2\/posts\/130473","targetHints":{"allow":["GET"]}}],"collection":[{"href":"https:\/\/www.europesays.com\/es\/wp-json\/wp\/v2\/posts"}],"about":[{"href":"https:\/\/www.europesays.com\/es\/wp-json\/wp\/v2\/types\/post"}],"author":[{"embeddable":true,"href":"https:\/\/www.europesays.com\/es\/wp-json\/wp\/v2\/users\/2"}],"replies":[{"embeddable":true,"href":"https:\/\/www.europesays.com\/es\/wp-json\/wp\/v2\/comments?post=130473"}],"version-history":[{"count":0,"href":"https:\/\/www.europesays.com\/es\/wp-json\/wp\/v2\/posts\/130473\/revisions"}],"wp:featuredmedia":[{"embeddable":true,"href":"https:\/\/www.europesays.com\/es\/wp-json\/wp\/v2\/media\/124957"}],"wp:attachment":[{"href":"https:\/\/www.europesays.com\/es\/wp-json\/wp\/v2\/media?parent=130473"}],"wp:term":[{"taxonomy":"category","embeddable":true,"href":"https:\/\/www.europesays.com\/es\/wp-json\/wp\/v2\/categories?post=130473"},{"taxonomy":"post_tag","embeddable":true,"href":"https:\/\/www.europesays.com\/es\/wp-json\/wp\/v2\/tags?post=130473"}],"curies":[{"name":"wp","href":"https:\/\/api.w.org\/{rel}","templated":true}]}}